{"id":2383,"date":"2016-11-14T21:54:08","date_gmt":"2016-11-15T00:54:08","guid":{"rendered":"http:\/\/gobierno.udd.cl\/cpp\/?p=2383"},"modified":"2016-11-14T21:55:19","modified_gmt":"2016-11-15T00:55:19","slug":"guillier-o-lagos-cual-es-el-candidato-mas-favorable-para-sebastian-pinera-la-segunda","status":"publish","type":"post","link":"https:\/\/gobierno.udd.cl\/cpp\/noticias\/2016\/11\/14\/guillier-o-lagos-cual-es-el-candidato-mas-favorable-para-sebastian-pinera-la-segunda\/","title":{"rendered":"\u00bfGuillier o Lagos?: Cu\u00e1l es el candidato m\u00e1s favorable para Sebastian Pi\u00f1era &#8211; La Segunda"},"content":{"rendered":"<p style=\"text-align: justify;\">Marta Lagos: \u00abNo existe el mejor o el peor\u00bb<\/p>\n<p style=\"text-align: justify;\">La directora de Mori, Marta Lagos, dice que, dada la abstenci\u00f3n, \u00abno existe el mejor o el peor\u00bb. \u00abPuede haber gente que piensa que Guillier es m\u00e1s peligroso para Pi\u00f1era, porque Guillier aparenta tener m\u00e1s apoyo\u00bb, dice la soci\u00f3loga, que realiza el estudio Bar\u00f3metro de la Pol\u00edtica. Para graficar la incertidumbre, asegura que \u00aben la encuesta Adimark, hab\u00eda dos preguntas y se ley\u00f3 una sola, la otra no se ley\u00f3, y en la segunda consulta aparec\u00eda Lagos primero que Guillier\u00bb.<\/p>\n<p style=\"text-align: justify;\">Roberto Izikson: \u00abNo se puede decir qui\u00e9n\u00bb<\/p>\n<p style=\"text-align: justify;\">Seg\u00fan explica el gerente de asuntos p\u00fablicos de Cadem, Roberto Izikson, \u00abGuillier tiene un apoyo m\u00e1s consolidado a nivel de opini\u00f3n p\u00fablica, pero Lagos ha demostrado tener una capacidad pol\u00edtica que Guillier no tiene\u00bb. El analista cree que \u00ablo que hay que resolver es cu\u00e1l de esos atributos son los que van a prevalecer en una primaria de la Nueva Mayor\u00eda. En este minuto no se puede decir qui\u00e9n es m\u00e1s favorable (para Pi\u00f1era)\u00bb.<\/p>\n<p style=\"text-align: justify;\">Mauricio Morales: \u00abEl m\u00e1s favorable para Pi\u00f1era es, por lejos, Lagos\u00bb<\/p>\n<p style=\"text-align: justify;\">El analista electoral de la UDP, Mauricio Morales, asegura que \u00abel candidato m\u00e1s favorable para Pi\u00f1era es, por lejos, Ricardo Lagos\u00bb. \u00abA Pi\u00f1era le conviene competir frente a un candidato que genera cierta certidumbre de derrota y no frente a un candidato que puede generar incertidumbre de victoria\u00bb.<\/p>\n<p style=\"text-align: justify;\">Morales explica que al estar Lagos tercero en apoyos, su certidumbre de derrota es muy alta.<\/p>\n<p style=\"text-align: justify;\">Miguel A. Fern\u00e1ndez: \u00abA Pi\u00f1era, en discusiones, le conviene Lagos; pero para ganar, Guillier\u00bb<\/p>\n<p style=\"text-align: justify;\">El analista pol\u00edtico de la <span class=\"highlight\">UDD<\/span>, Miguel \u00c1ngel Fern\u00e1ndez, asegura que \u00absi Lagos compite con Pi\u00f1era, no le puede sacar en cara los errores administrativos, porque Lagos durante su gobierno tambi\u00e9n los tuvo, como MOP-Gate. Por eso, en una discusi\u00f3n, en campa\u00f1a electoral, a Pi\u00f1era le conviene Lagos, pero para poder ganar la elecci\u00f3n, a Pi\u00f1era le conviene competir con Guillier\u00bb, quien, a juicio de Fern\u00e1ndez, podr\u00e1 consolidar una coalici\u00f3n pol\u00edtica detr\u00e1s.<\/p>\n<p style=\"text-align: justify;\"><a href=\"https:\/\/goo.gl\/5v2v7t\" target=\"_blank\" rel=\"attachment wp-att-2384\"><img loading=\"lazy\" decoding=\"async\" class=\"aligncenter size-medium wp-image-2384\" src=\"http:\/\/gobierno.udd.cl\/cpp\/files\/2016\/11\/la_segunda_20161114_2-231x300.jpg\" alt=\"la_segunda_20161114_2\" width=\"231\" height=\"300\" srcset=\"https:\/\/gobierno.udd.cl\/cpp\/files\/2016\/11\/la_segunda_20161114_2-231x300.jpg 231w, https:\/\/gobierno.udd.cl\/cpp\/files\/2016\/11\/la_segunda_20161114_2-768x995.jpg 768w, https:\/\/gobierno.udd.cl\/cpp\/files\/2016\/11\/la_segunda_20161114_2-790x1024.jpg 790w, https:\/\/gobierno.udd.cl\/cpp\/files\/2016\/11\/la_segunda_20161114_2-741x960.jpg 741w, https:\/\/gobierno.udd.cl\/cpp\/files\/2016\/11\/la_segunda_20161114_2.jpg 1280w\" sizes=\"auto, (max-width: 231px) 100vw, 231px\" \/><\/a><\/p>\n<p style=\"text-align: justify;\">\n","protected":false},"excerpt":{"rendered":"<p>Marta Lagos: \u00abNo existe el mejor o el peor\u00bb La directora de Mori, Marta Lagos, dice que, dada la abstenci\u00f3n, \u00abno existe el mejor o el peor\u00bb. \u00abPuede haber gente que piensa que Guillier es m\u00e1s peligroso para Pi\u00f1era, porque Guillier aparenta tener m\u00e1s apoyo\u00bb, dice la soci\u00f3loga, que realiza el estudio Bar\u00f3metro de la [&hellip;]<\/p>\n","protected":false},"author":22,"featured_media":893,"comment_status":"open","ping_status":"open","sticky":false,"template":"","format":"standard","meta":{"footnotes":""},"categories":[10162],"tags":[],"class_list":["post-2383","post","type-post","status-publish","format-standard","has-post-thumbnail","hentry","category-centro-en-la-prensa"],"featured_image_url":"https:\/\/gobierno.udd.cl\/cpp\/files\/2015\/05\/udd_cpp_prensa_340.png","_links":{"self":[{"href":"https:\/\/gobierno.udd.cl\/cpp\/wp-json\/wp\/v2\/posts\/2383","targetHints":{"allow":["GET"]}}],"collection":[{"href":"https:\/\/gobierno.udd.cl\/cpp\/wp-json\/wp\/v2\/posts"}],"about":[{"href":"https:\/\/gobierno.udd.cl\/cpp\/wp-json\/wp\/v2\/types\/post"}],"author":[{"embeddable":true,"href":"https:\/\/gobierno.udd.cl\/cpp\/wp-json\/wp\/v2\/users\/22"}],"replies":[{"embeddable":true,"href":"https:\/\/gobierno.udd.cl\/cpp\/wp-json\/wp\/v2\/comments?post=2383"}],"version-history":[{"count":5,"href":"https:\/\/gobierno.udd.cl\/cpp\/wp-json\/wp\/v2\/posts\/2383\/revisions"}],"predecessor-version":[{"id":2389,"href":"https:\/\/gobierno.udd.cl\/cpp\/wp-json\/wp\/v2\/posts\/2383\/revisions\/2389"}],"wp:featuredmedia":[{"embeddable":true,"href":"https:\/\/gobierno.udd.cl\/cpp\/wp-json\/wp\/v2\/media\/893"}],"wp:attachment":[{"href":"https:\/\/gobierno.udd.cl\/cpp\/wp-json\/wp\/v2\/media?parent=2383"}],"wp:term":[{"taxonomy":"category","embeddable":true,"href":"https:\/\/gobierno.udd.cl\/cpp\/wp-json\/wp\/v2\/categories?post=2383"},{"taxonomy":"post_tag","embeddable":true,"href":"https:\/\/gobierno.udd.cl\/cpp\/wp-json\/wp\/v2\/tags?post=2383"}],"curies":[{"name":"wp","href":"https:\/\/api.w.org\/{rel}","templated":true}]}}