{"id":2375,"date":"2016-11-14T21:42:03","date_gmt":"2016-11-15T00:42:03","guid":{"rendered":"http:\/\/gobierno.udd.cl\/cpp\/?p=2375"},"modified":"2016-11-14T21:42:03","modified_gmt":"2016-11-15T00:42:03","slug":"trump-y-la-generacion-de-lo-politicamente-incorrecto-diario-concepcion","status":"publish","type":"post","link":"https:\/\/gobierno.udd.cl\/cpp\/noticias\/2016\/11\/14\/trump-y-la-generacion-de-lo-politicamente-incorrecto-diario-concepcion\/","title":{"rendered":"Trump y la generaci\u00f3n de lo pol\u00edticamente incorrecto &#8211; Diario Concepcion"},"content":{"rendered":"<p style=\"text-align: justify;\">Lesley Brice\u00f1o, de la facultad de Gobierno de la <span class=\"highlight\">Universidad<\/span> <span class=\"highlight\">del<\/span> <span class=\"highlight\">Desarrollo<\/span>, estima que en el triunfo de Trump est\u00e1 presente el desencanto que desde hace tiempo est\u00e1 presente en la ciudadan\u00eda y que actualmente alcanza niveles hist\u00f3ricos, \u201clos fen\u00f3menos de corrupci\u00f3n, de desprestigio de la institucionalidad pol\u00edtica, de los partidos y otras instituciones es algo que no se hab\u00eda visto desde hace mucho tiempo&#8230;<br \/>\nEl fen\u00f3meno caudillo, populista, del discurso f\u00e1cil que atrapa a las mesas ha permitido que figuras como Jean-Marie Le Pen, los l\u00edderes del partido nacionalista brit\u00e1nico que fueron los precursores del Brexit, figuras como lo fue Ch\u00e1vez o Nicol\u00e1s maduro surjan con mucha fuerza, personas que incluso tienen un discurso de un neo fascismo que busca erradicar elementos cl\u00e1sicos, como lo que dec\u00eda Trump sobre volver a hacer Am\u00e9rica grande\u201d, analiz\u00f3.<\/p>\n<p style=\"text-align: justify;\"><strong>Pa\u00eds racista<\/strong><\/p>\n<p style=\"text-align: justify;\">Para la cientista pol\u00edtica Jeanne Simon, estadounidense avecindada en Chile desde hace 20 a\u00f1os y quien vot\u00f3 en la elecci\u00f3n del martes, lo primero que evidenci\u00f3 el resultado fue el fracaso de las encuestas, erradas ante un miedo de expresar p\u00fablicamente el apoyo a Trump, debido a sus caracter\u00edsticas.<\/p>\n<p>Un triunfo que la tom\u00f3 por sorpresa pues \u201cquer\u00eda creer que los Estados Unidos iban a optar por los valores que yo comparto que son de una sociedad multicultural, diversa y de respeto a los derechos de todos los ciudadanos, sean norteamericano o no, que no \u00edbamos a aceptar que un presidente sea una persona que ha abusado a otra, o que insulta a otra por aspectos f\u00edsicos. Vimos que por ese lado gan\u00f3 un Estados Unidos bastante racista, nacionalista que qui re volver al un mundo que ya no existe\u201d, critic\u00f3.<\/p>\n<p>Si bien en su estado, California, gan\u00f3 Hillary Clinton, la analista cuestiona si el rol de mujer de Clinton pudo ser un factor que pes\u00f3. \u201cA lo mejor si hubiera sido Bernie Sanders no hubiera pasado lo que ha pasado\u201d, reflexion\u00f3.<\/p>\n<p><strong>Consecuencia pol\u00edtica<\/strong><\/p>\n<p style=\"text-align: justify;\">Una estrategia propagand\u00edstica que ayer, tras el triunfo, el New York Times cuestion\u00f3 abiertamente. \u00abLas propuestas de Trump parecen desafiar a la constituci\u00f3n estadounidense, como la restricci\u00f3n del ingreso de musulmanes a Estados Unidos. Tambi\u00e9n amenaz\u00f3 a sus opositores con un celo autoritario y prometi\u00f3 demandas contra los medios que lo criticaban y las mujeres que lo acusaron de agresi\u00f3n sexual. En muchas ocasiones simplemente minti\u00f3\u201d.<\/p>\n<p>Pero en base a estas propuestas, agrega el medio, Trump cre\u00f3 una s\u00f3lida base de simpatizantes al fusionar su discurso radical de identidad con el populismo econ\u00f3mico que hizo eco profundamente en las zonas trabajadoras, en su mayor\u00eda de raza blanca, que se sienten excluidos de la recuperaci\u00f3n econ\u00f3mica en Estados Unidos.<\/p>\n<p>\u201cSus eventos electorales \u2014 rabiosos, racistas, con una pesada ret\u00f3rica nacionalista\u2014 se convirtieron en el crisol de un movimiento pol\u00edtico que diariamente promet\u00eda una victoria arrolladora en las elecciones y que insist\u00eda en que la maquinaria pol\u00edtica del pa\u00eds estaba \u201cconfabulada\u201d contra Trump y sus simpatizantes\u201d.<\/p>\n<p>Esto es lo que hace interesante a juicio del historiador V\u00edctor Hugo Garc\u00eda, el triunfo de Trum. \u201cOtra cosa es con guitarra\u201d, dijo el acad\u00e9mico quien horas antes de la elecci\u00f3n hab\u00eda manifestado por televisi\u00f3n que \u201cOjal\u00e1 ganara Trump\u201d.<\/p>\n<p>\u201cFue en el contexto de que ser\u00eda apasionante probar socialmente, o desde el punto de vista de las ciencias sociales, c\u00f3mo es el accionar de una persona que ha dicho tantas cosas frontales, que para algunos son brutales, c\u00f3mo va a actuar como presidente, como entra a desdecirse o si derechamente es consecuente y act\u00faa como lo hab\u00eda dicho, pero la experiencia hist\u00f3rica no sindica que esto no es as\u00ed\u201d.<\/p>\n<p>Garc\u00eda plante\u00f3 adem\u00e1s que, de intentar llevar adelante el nuevo presidente, sus promesas de campa\u00f1a, pondr\u00eda a prueba la institucionalidad de un pa\u00eds eminentemente democr\u00e1tico, que jam\u00e1s ha tenido una dictadura. \u201cC\u00f3mo operar\u00eda el sistema de equilibrio con el parlamento, la capacidad ciudadana para enmendar pol\u00edtica y el rol de la Corte Suprema de Estados Unidos\u201d.<\/p>\n<p>De hecho, en el discurso tras la victoria, Trump dej\u00f3 de tener el tono de ataque que mostr\u00f3 en su campa\u00f1a y asumi\u00f3 uno m\u00e1s conciliador. Algo que para Simon es natural, pues la postura inicial, de mayor agresividad, est\u00e1 asentada en el marco de una competencia, \u201ccomo una forma de diferenciarse con el otro\u201d, pero que se suavizar\u00e1 en torno a la presi\u00f3n del Parlamento y de los partidos.<\/p>\n<p><strong>El mundo reaccion\u00f3<\/strong><\/p>\n<p style=\"text-align: justify;\">Es que los ojos del mundo est\u00e1n precisamente sobre Trump viendo si llevar\u00e1 a cabo lo que unos consideran promesas y otros amenazas. Ayer la presidenta Bachelet salud\u00f3 escuetamente el triunfo del estadounidense con un: \u201cChile espera que podamos seguir colaborando entre las naciones para el bienestar de nuestros pueblos\u201d, mostrando neutralidad y cautela ante lo que vendr\u00e1, sin embargo, otros l\u00edderes mundiales fueron m\u00e1s evidentes, como Angela Merkel, que advirti\u00f3: \u201cAlemania y Estados Unidos est\u00e1n ligados por los valores de la democracia, la libertad, el respeto de los derechos y de la dignidad humana, independientemente del color de la piel, de la religi\u00f3n, del g\u00e9nero, de la orientaci\u00f3n sexual o de las convicciones pol\u00edticas\u201d.<\/p>\n<p>Al respecto propuso una colaboraci\u00f3n estrecha entre ambas naciones, pero \u201cen base a esos valores\u201d.<\/p>\n<p>En tanto, a primera hora Putin reaccionaba cobrando la palabra del mandatario electo. A trav\u00e9s de un comunicado expres\u00f3 su voluntad a retomar los lazos rotos. \u201cTener relaciones constructivas y un di\u00e1logo entre Mosc\u00fa y Washington basado en principios de igualdad y respeto\u201d. muto es beneficioso para nuestra gente y la comunidad internacional en general\u201d.<\/p>\n<p style=\"text-align: justify;\">Pinchas sobre la imagen para agrandar:<\/p>\n<p style=\"text-align: justify;\"><a href=\"https:\/\/goo.gl\/xtnkCO\" target=\"_blank\" rel=\"attachment wp-att-2376\"><img loading=\"lazy\" decoding=\"async\" class=\"aligncenter size-medium wp-image-2376\" src=\"http:\/\/gobierno.udd.cl\/cpp\/files\/2016\/11\/diario_concepcion_20161114_1-206x300.jpg\" alt=\"diario_concepcion_20161114_1\" width=\"206\" height=\"300\" srcset=\"https:\/\/gobierno.udd.cl\/cpp\/files\/2016\/11\/diario_concepcion_20161114_1-206x300.jpg 206w, https:\/\/gobierno.udd.cl\/cpp\/files\/2016\/11\/diario_concepcion_20161114_1-768x1120.jpg 768w, https:\/\/gobierno.udd.cl\/cpp\/files\/2016\/11\/diario_concepcion_20161114_1-702x1024.jpg 702w, https:\/\/gobierno.udd.cl\/cpp\/files\/2016\/11\/diario_concepcion_20161114_1-658x960.jpg 658w, https:\/\/gobierno.udd.cl\/cpp\/files\/2016\/11\/diario_concepcion_20161114_1.jpg 1293w\" sizes=\"auto, (max-width: 206px) 100vw, 206px\" \/><\/a><a href=\"https:\/\/goo.gl\/609Qt1\" target=\"_blank\"><img loading=\"lazy\" decoding=\"async\" class=\"size-medium wp-image-2377 aligncenter\" src=\"http:\/\/gobierno.udd.cl\/cpp\/files\/2016\/11\/diario_concepcion_20161114_2-206x300.jpg\" alt=\"diario_concepcion_20161114_2\" width=\"206\" height=\"300\" srcset=\"https:\/\/gobierno.udd.cl\/cpp\/files\/2016\/11\/diario_concepcion_20161114_2-206x300.jpg 206w, https:\/\/gobierno.udd.cl\/cpp\/files\/2016\/11\/diario_concepcion_20161114_2-768x1119.jpg 768w, https:\/\/gobierno.udd.cl\/cpp\/files\/2016\/11\/diario_concepcion_20161114_2-703x1024.jpg 703w, https:\/\/gobierno.udd.cl\/cpp\/files\/2016\/11\/diario_concepcion_20161114_2-659x960.jpg 659w, https:\/\/gobierno.udd.cl\/cpp\/files\/2016\/11\/diario_concepcion_20161114_2.jpg 1093w\" sizes=\"auto, (max-width: 206px) 100vw, 206px\" \/><\/a><\/p>\n","protected":false},"excerpt":{"rendered":"<p>Lesley Brice\u00f1o, de la facultad de Gobierno de la Universidad del Desarrollo, estima que en el triunfo de Trump est\u00e1 presente el desencanto que desde hace tiempo est\u00e1 presente en la ciudadan\u00eda y que actualmente alcanza niveles hist\u00f3ricos, \u201clos fen\u00f3menos de corrupci\u00f3n, de desprestigio de la institucionalidad pol\u00edtica, de los partidos y otras instituciones es [&hellip;]<\/p>\n","protected":false},"author":22,"featured_media":893,"comment_status":"open","ping_status":"open","sticky":false,"template":"","format":"standard","meta":{"footnotes":""},"categories":[10162],"tags":[],"class_list":["post-2375","post","type-post","status-publish","format-standard","has-post-thumbnail","hentry","category-centro-en-la-prensa"],"featured_image_url":"https:\/\/gobierno.udd.cl\/cpp\/files\/2015\/05\/udd_cpp_prensa_340.png","_links":{"self":[{"href":"https:\/\/gobierno.udd.cl\/cpp\/wp-json\/wp\/v2\/posts\/2375","targetHints":{"allow":["GET"]}}],"collection":[{"href":"https:\/\/gobierno.udd.cl\/cpp\/wp-json\/wp\/v2\/posts"}],"about":[{"href":"https:\/\/gobierno.udd.cl\/cpp\/wp-json\/wp\/v2\/types\/post"}],"author":[{"embeddable":true,"href":"https:\/\/gobierno.udd.cl\/cpp\/wp-json\/wp\/v2\/users\/22"}],"replies":[{"embeddable":true,"href":"https:\/\/gobierno.udd.cl\/cpp\/wp-json\/wp\/v2\/comments?post=2375"}],"version-history":[{"count":1,"href":"https:\/\/gobierno.udd.cl\/cpp\/wp-json\/wp\/v2\/posts\/2375\/revisions"}],"predecessor-version":[{"id":2378,"href":"https:\/\/gobierno.udd.cl\/cpp\/wp-json\/wp\/v2\/posts\/2375\/revisions\/2378"}],"wp:featuredmedia":[{"embeddable":true,"href":"https:\/\/gobierno.udd.cl\/cpp\/wp-json\/wp\/v2\/media\/893"}],"wp:attachment":[{"href":"https:\/\/gobierno.udd.cl\/cpp\/wp-json\/wp\/v2\/media?parent=2375"}],"wp:term":[{"taxonomy":"category","embeddable":true,"href":"https:\/\/gobierno.udd.cl\/cpp\/wp-json\/wp\/v2\/categories?post=2375"},{"taxonomy":"post_tag","embeddable":true,"href":"https:\/\/gobierno.udd.cl\/cpp\/wp-json\/wp\/v2\/tags?post=2375"}],"curies":[{"name":"wp","href":"https:\/\/api.w.org\/{rel}","templated":true}]}}