{"id":2372,"date":"2016-11-14T21:23:40","date_gmt":"2016-11-15T00:23:40","guid":{"rendered":"http:\/\/gobierno.udd.cl\/cpp\/?p=2372"},"modified":"2016-11-14T21:23:40","modified_gmt":"2016-11-15T00:23:40","slug":"hay-otros-liderazgos-al-estilo-de-jorge-sharp-por-ahi-el-mercurio","status":"publish","type":"post","link":"https:\/\/gobierno.udd.cl\/cpp\/noticias\/2016\/11\/14\/hay-otros-liderazgos-al-estilo-de-jorge-sharp-por-ahi-el-mercurio\/","title":{"rendered":"\u00bfHay otros liderazgos al estilo de Jorge Sharp por ah\u00ed? &#8211; El Mercurio"},"content":{"rendered":"<p style=\"text-align: justify;\">Jorge Sharp se convirti\u00f3 en la sorpresa electoral de las \u00faltimas Municipales y puso de cabeza a los analistas a buscar otros como \u00e9l. Aunque su triunfo en Valpara\u00edso responde a ocho a\u00f1os de construir un movimiento, trabajo en terreno, carisma y oratoria, la pregunta de si hay otros Sharp por ah\u00ed cobra sentido cuando, pensando en el futuro, los partidos de los bloques tradicionales ven que alguien que no estaba entre los favoritos los dobl\u00f3 en votaci\u00f3n. Crist\u00f3bal Bellolio, abogado y acad\u00e9mico de la Escuela de Gobierno de la Universidad Adolfo Ib\u00e1\u00f1ez, agrega el caso del liberal Gerardo Esp\u00edndola, en Arica, quien tiene una diferencia con Sharp: no gan\u00f3 la alcald\u00eda con m\u00e1s del 50% de los votos, como el joven abogado magall\u00e1nico, sino que super\u00f3 a su rival por apenas 148 sufragios.<\/p>\n<p style=\"text-align: justify;\">Hay coincidencia en que lo de Sharp es una suerte de fen\u00f3meno, incluso entre los que piensan que es algo espec\u00edfico. El ex presidente de la Juventud UDI, Felipe Cuevas, que fue candidato en San Felipe y no le fue bien, lo mira de esta forma: \u00abTiendo a pensar que lo de Sharp es algo muy puntual, y que obedece a un gran desgaste del alcalde que estaba en ejercicio (Jorge Castro) y al rechazo de la ciudadan\u00eda hacia el candidato de la Nueva Mayor\u00eda, Leopoldo M\u00e9ndez. La gente vio a un tipo joven, con un discurso populista, que le hace sentido a gran parte de la ciudadan\u00eda que fue a votar\u00bb. Cuevas agrega que el estilo Sharp lo tienen varios j\u00f3venes que han creado movimientos nuevos o que militan en partidos tradicionales y que tienen posturas rupturistas a nivel interno. El propio Jorge Sharp ha dicho que existen varios m\u00e1s como \u00e9l en el Movimiento Autonomista y en otros sectores pol\u00edticos, que trabajan sin estridencia y convocan a sectores de base diversos, desde descontentos hasta jubilados, desde sindicatos hasta temporeras.<\/p>\n<p style=\"text-align: justify;\">Diego Shalper, por ejemplo, fundador de Idea Pa\u00eds y ahora presidente de la ONG \u00abMe Comprometo\u00bb, es uno de los j\u00f3venes de la centroderecha que forman movimientos o agrupaciones. \u00abDicen que somos los m\u00e1s de izquierda de la derecha, por nuestras posturas en temas previsionales o de salud, pero no se trata de eso. Aparte de quebrar huevos, nuestro trabajo consiste en atrevernos a ir a espacios chicos, colonizados por la izquierda, y estar en esos espacios inc\u00f3modos. Estamos trabajando silenciosamente en el mundo sindical. Lo mismo en el mundo popular, en el mundo agr\u00edcola, entre los mismos estudiantes. Me dijeron hace poco que c\u00f3mo me iba a ir a meter ah\u00ed, que me iban a apedrear, etc. Hay mucho de mito en eso. Nosotros no tenemos problemas en ser sindicalistas y ser de derecha, aunque los trabajadores sientan m\u00e1s afinidad por el sector de izquierda\u00bb, explica Schalper, quien form\u00f3 el pacto Construye Sociedad en las \u00faltimas elecciones municipales, sin lograr el triunfo de ninguno de sus postulantes a alcalde (1) y concejales (3).<\/p>\n<p style=\"text-align: justify;\">Los otros Sharp que andan por ah\u00ed son tambi\u00e9n j\u00f3venes. Schalper, adem\u00e1s, dice que tienen que tener una actitud rupturista y ojal\u00e1 no tener un \u00abcontrolador\u00bb, sino buscar ser independiente. Tampoco es necesario que sean de izquierda o abogados. Est\u00e1n entre los 28 y los 42 a\u00f1os, y los que m\u00e1s notoriedad alcanzaron en alg\u00fan momento jugaron un rol en los grandes movimientos estudiantiles de 2006 y de 2011. Julio Isamit era secretario ejecutivo del Centro de Alumnos del Instituto Nacional para la \u00abRevoluci\u00f3n Ping\u00fcina\u00bb de 2006. Ahora es licenciado en Derecho y coordinador de Republicanos, un movimiento pol\u00edtico que eligi\u00f3 a dos de sus tres candidatos a concejal, uno de ellos en Santiago, Jorge Acosta. Adem\u00e1s, Isamit form\u00f3 parte de la Red de Trabajadores por Felipe Alessandri, el alcalde electo de la capital. Tanto Acosta como Isamit son mencionados como l\u00edderes con mucho trabajo de base en la derecha, e incluso Alessandri est\u00e1 entre los nombres que hicieron el mismo recorrido que Sharp en Valpara\u00edso, claro que desde el puesto de concejal.<\/p>\n<p style=\"text-align: justify;\">Otra particularidad de Sharp, en su camino a la alcald\u00eda, fue la capacidad de di\u00e1logo y de no autoimponerse como candidato. Al contrario, logr\u00f3 articular a todos los movimientos del pacto para que definieran un candidato en una primaria ciudadana. Crist\u00f3bal Bellolio lo asemeja, como muchos, a lo que ocurri\u00f3 con Josefa Err\u00e1zuriz, en Providencia, cuando derrot\u00f3 a Cristi\u00e1n Labb\u00e9, aunque agrega otro ingrediente: \u00abNo parece responsabilidad de un alcalde mantener un movimiento pol\u00edtico. Lo de Sharp tiene particularidades locales, pero tiene que entenderse como la articulaci\u00f3n de un fen\u00f3meno m\u00e1s ambicioso. Los responsables de que hayan m\u00e1s Sharp son los l\u00edderes de la Izquierda Aut\u00f3noma y Revoluci\u00f3n Democr\u00e1tica, Gabriel Boric y Giorgio Jackson. Esa alianza le da una dimensi\u00f3n nacional\u00bb.<\/p>\n<p style=\"text-align: justify;\"><strong>\u00abNos van a mirar con m\u00e1s miedo\u00bb<\/strong><\/p>\n<p style=\"text-align: justify;\">Los l\u00edderes estudiantiles del a\u00f1o 2011 ya est\u00e1n instalados en el Parlamento. A Jackson y Boric, se suma Camila Vallejo y Karol Cariola. No es muy recordado, pero tambi\u00e9n fue parte de la mesa ejecutiva de la FECh de Vallejo, Juan Pedro L\u00fchrs, una especie de d\u00edscolo en ese tiempo. L\u00fchrs es periodista y es parte del movimiento Nueva UDI para Chile, que busca poner a Jaime Bellolio a la cabeza del gremialismo. Otros j\u00f3venes que son mencionados en la derecha en este grupo son Patricio Bopp, cientista pol\u00edtico de la <span class=\"highlight\">Universidad<\/span> <span class=\"highlight\">del<\/span> <span class=\"highlight\">Desarrollo<\/span>, coordinador de la red Las Condes Activa y electo concejal de esa comuna; Ricardo Sande, ex presidente de la FEUC, quien ha dicho que quiere liderar la renovaci\u00f3n en su partido, la UDI; Marcelo Covarrubias, electo concejal en La Reina, coordinador de Cuida La Reina, tambi\u00e9n de la UDI, y seguidor de Kast, y Sof\u00eda Ja\u00f1a, jefa de campa\u00f1a de Evelyn Matthei, en Providencia, tambi\u00e9n de la Juventud UDI.<\/p>\n<p style=\"text-align: justify;\">Reconociendo el m\u00e9rito de haber logrado poner en movimiento una zona universitaria, como es Valpara\u00edso, Diego Schalper ve en el caso de Sharp \u00abun ejercicio de caudillismo bien trabajado. El gran problema de Sharp, adem\u00e1s, va a ser que sus propuestas son interesantes desde la ret\u00f3rica, pero la gente espera resultados concretos y habr\u00e1 que ver en las pol\u00edticas lo que pasa\u00bb.<\/p>\n<p style=\"text-align: justify;\">Otro conjunto de \u00ab<em>outsiders<\/em>\u00bb de los partidos tradicionales fue el que agrup\u00f3 el pacto Socialcristianos por Chile, que lograron elegir a dos concejales de los cinco candidatos que llevaron a las Municipales: en Sierra Gorda y La Florida. \u00bfQui\u00e9nes son estos muchachos? Un grupo de estudiantes cercanos a la derecha que dicen promover la Doctrina Social de la Iglesia en el debate p\u00fablico.<\/p>\n<p style=\"text-align: justify;\">En la Nueva Mayor\u00eda, pese a la ca\u00edda dura que tuvo el bloque en la elecci\u00f3n, tambi\u00e9n hay figuras j\u00f3venes tipo Sharp, pero integrados a la org\u00e1nica de los partidos. En el caso del socialismo est\u00e1n, de hecho, los l\u00edderes de la Revoluci\u00f3n Ping\u00fcina de 2006 y C\u00e9sar Valenzuela. Uno que consigui\u00f3 una victoria a lo Sharp, pero en Renca, fue Claudio Castro, que sac\u00f3 a Chile Vamos de la alcald\u00eda que dej\u00f3 Vicky Barahona despu\u00e9s de 16 a\u00f1os como alcaldesa.<\/p>\n<p style=\"text-align: justify;\">Nicol\u00e1s Grau, ex presidente de la FECh, dedicado al mundo acad\u00e9mico y miembro del Movimiento Autonomista de Sharp, cree que no es f\u00e1cil encontrar figuras como Sharp, pero que conf\u00eda en la creatividad dispersa que hay en la sociedad. Para que haya otros Sharp en Chile agrega que \u00ablo principal es la construcci\u00f3n de espacio ciudadano amplio donde nadie tenga un control, que sea democr\u00e1tico\u00bb. En lo pol\u00edtico, echa de menos apuestas ciudadanas m\u00e1s riesgosas -algo como la \u00abactitud rupturista\u00bb de Schalper-, porque nombres dice que s\u00ed hay: Doris Gonz\u00e1lez, Cristi\u00e1n Cuevas, por ejemplo. Grau comenta que \u00abhay momentos en que en pol\u00edtica no pes\u00e1bamos nada, nos ve\u00edan como los molestosos de las organizaciones sociales o universidades, pero con Gabriel, Giorgio o Sharp, nos van a mirar con m\u00e1s miedo, se han dado cuenta de que sin necesidad de recurrir a los partidos tradicionales se puede representar a una amplitud social de m\u00e1s del 50%\u00bb.<\/p>\n<p style=\"text-align: justify;\">Pinchar sobre la im\u00e1gen para ver nota completa:<\/p>\n<p><a href=\"https:\/\/goo.gl\/IXrK2A\" target=\"_blank\" rel=\"attachment wp-att-2373\"><img loading=\"lazy\" decoding=\"async\" class=\"size-medium wp-image-2373 aligncenter\" src=\"http:\/\/gobierno.udd.cl\/cpp\/files\/2016\/11\/el_mercurio_20161114_2-160x300.png\" alt=\"el_mercurio_20161114_2\" width=\"160\" height=\"300\" srcset=\"https:\/\/gobierno.udd.cl\/cpp\/files\/2016\/11\/el_mercurio_20161114_2-160x300.png 160w, https:\/\/gobierno.udd.cl\/cpp\/files\/2016\/11\/el_mercurio_20161114_2-768x1443.png 768w, https:\/\/gobierno.udd.cl\/cpp\/files\/2016\/11\/el_mercurio_20161114_2-545x1024.png 545w, https:\/\/gobierno.udd.cl\/cpp\/files\/2016\/11\/el_mercurio_20161114_2-511x960.png 511w, https:\/\/gobierno.udd.cl\/cpp\/files\/2016\/11\/el_mercurio_20161114_2.png 1192w\" sizes=\"auto, (max-width: 160px) 100vw, 160px\" \/><\/a><\/p>\n","protected":false},"excerpt":{"rendered":"<p>La sorpresiva y controvertida elecci\u00f3n de alcalde en Valpara\u00edso encendi\u00f3 una alarma entre los pol\u00edticos tradicionales. Ya sea para aliarse o para observarlos a distancia, hay analistas y l\u00edderes de todos los sectores realizando un trabajo parecido.<\/p>\n","protected":false},"author":22,"featured_media":893,"comment_status":"open","ping_status":"open","sticky":false,"template":"","format":"standard","meta":{"footnotes":""},"categories":[10162],"tags":[],"class_list":["post-2372","post","type-post","status-publish","format-standard","has-post-thumbnail","hentry","category-centro-en-la-prensa"],"featured_image_url":"https:\/\/gobierno.udd.cl\/cpp\/files\/2015\/05\/udd_cpp_prensa_340.png","_links":{"self":[{"href":"https:\/\/gobierno.udd.cl\/cpp\/wp-json\/wp\/v2\/posts\/2372","targetHints":{"allow":["GET"]}}],"collection":[{"href":"https:\/\/gobierno.udd.cl\/cpp\/wp-json\/wp\/v2\/posts"}],"about":[{"href":"https:\/\/gobierno.udd.cl\/cpp\/wp-json\/wp\/v2\/types\/post"}],"author":[{"embeddable":true,"href":"https:\/\/gobierno.udd.cl\/cpp\/wp-json\/wp\/v2\/users\/22"}],"replies":[{"embeddable":true,"href":"https:\/\/gobierno.udd.cl\/cpp\/wp-json\/wp\/v2\/comments?post=2372"}],"version-history":[{"count":1,"href":"https:\/\/gobierno.udd.cl\/cpp\/wp-json\/wp\/v2\/posts\/2372\/revisions"}],"predecessor-version":[{"id":2374,"href":"https:\/\/gobierno.udd.cl\/cpp\/wp-json\/wp\/v2\/posts\/2372\/revisions\/2374"}],"wp:featuredmedia":[{"embeddable":true,"href":"https:\/\/gobierno.udd.cl\/cpp\/wp-json\/wp\/v2\/media\/893"}],"wp:attachment":[{"href":"https:\/\/gobierno.udd.cl\/cpp\/wp-json\/wp\/v2\/media?parent=2372"}],"wp:term":[{"taxonomy":"category","embeddable":true,"href":"https:\/\/gobierno.udd.cl\/cpp\/wp-json\/wp\/v2\/categories?post=2372"},{"taxonomy":"post_tag","embeddable":true,"href":"https:\/\/gobierno.udd.cl\/cpp\/wp-json\/wp\/v2\/tags?post=2372"}],"curies":[{"name":"wp","href":"https:\/\/api.w.org\/{rel}","templated":true}]}}