{"id":2356,"date":"2016-11-13T20:37:54","date_gmt":"2016-11-13T23:37:54","guid":{"rendered":"http:\/\/gobierno.udd.cl\/cpp\/?p=2356"},"modified":"2017-01-18T22:24:17","modified_gmt":"2017-01-19T01:24:17","slug":"44-piensa-que-el-reajuste-al-sector-publico-no-debio-rechazarse-el-mercurio","status":"publish","type":"post","link":"https:\/\/gobierno.udd.cl\/cpp\/noticias\/2016\/11\/13\/44-piensa-que-el-reajuste-al-sector-publico-no-debio-rechazarse-el-mercurio\/","title":{"rendered":"44% piensa que el reajuste al sector p\u00fablico no debi\u00f3 rechazarse &#8211; El Mercurio"},"content":{"rendered":"<p style=\"text-align: justify;\"><b><a href=\"http:\/\/gobierno.udd.cl\/cpp\/files\/2016\/11\/Encuesta11.jpg\" rel=\"attachment wp-att-2648\"><img loading=\"lazy\" decoding=\"async\" class=\"size-medium wp-image-2648 alignleft\" src=\"http:\/\/gobierno.udd.cl\/cpp\/files\/2016\/11\/Encuesta11-93x300.jpg\" alt=\"Encuesta11\" width=\"93\" height=\"300\" srcset=\"https:\/\/gobierno.udd.cl\/cpp\/files\/2016\/11\/Encuesta11-93x300.jpg 93w, https:\/\/gobierno.udd.cl\/cpp\/files\/2016\/11\/Encuesta11.jpg 194w\" sizes=\"auto, (max-width: 93px) 100vw, 93px\" \/><\/a>La mayor\u00eda sostiene que el alza propuesta por el Gobierno \u00abest\u00e1 bien\u00bb, mientras un 27% dice que se trata de un incremento \u00abmuy bajo\u00bb. Sondeo se efectu\u00f3 entre el jueves y el viernes, 24 horas despu\u00e9s de la votaci\u00f3n en el Congreso, y cuando gremios del sector se hab\u00edan sumado al paro convocado por el movimiento contra las AFP.<\/b><\/p>\n<p style=\"text-align: justify;\">En la semana en que el Gobierno sufri\u00f3 una de sus peores derrotas pol\u00edticas, al rechazar la C\u00e1mara por 97 a 0 su propuesta de reajuste para el sector p\u00fablico, la encuesta Panel Ciudadano-<span class=\"highlight\">UDD<\/span> midi\u00f3 la percepci\u00f3n de los habitantes del Gran Santiago frente al tema. Y los resultados no fueron positivos ni para los congresistas ni para el Ejecutivo.<\/p>\n<p style=\"text-align: justify;\">El estudio, realizado mediante el env\u00edo de mensajes de texto a un panel de habitantes de la Regi\u00f3n Metropolitana previamente seleccionado de modo aleatorio (ver ficha t\u00e9cnica), se efectu\u00f3 entre el jueves y viernes de esta semana: 24 horas despu\u00e9s de la votaci\u00f3n en el Congreso, y cuando se desarrollaba el paro convocado por el movimiento contra las AFP al que precisamente se sumaron los gremios del sector p\u00fablico.<\/p>\n<p style=\"text-align: justify;\">El sondeo incluy\u00f3 tres preguntas. La primera de ellas apunt\u00f3 al grado de conocimiento sobre la situaci\u00f3n de los funcionarios del aparato estatal. Respecto de esta, datos del INE (concretamente los correspondientes a la Encuesta de Ingresos Suplementarios) revelan que el sueldo promedio en Chile de los ocupados -dependientes e independientes- es de $505 mil mensuales, mientras que los empleados de la administraci\u00f3n p\u00fablica ganan en promedio $787 mil, 55% m\u00e1s que la media nacional. Con esto, los funcionarios estatales se ubican como el tercer sector mejor pagado (sin contar los organismos extraterritoriales, como Naciones Unidas), solo por debajo de la miner\u00eda y del sector financiero y por encima de 13 actividades. El dato, sin embargo, era mayoritariamente desconocido por los integrantes del panel (ver infograf\u00eda).<\/p>\n<p style=\"text-align: justify;\">Desaprobaci\u00f3n a Vald\u00e9s<\/p>\n<p style=\"text-align: justify;\">Pero as\u00ed como los consultados cuestionaron la decisi\u00f3n de los congresistas de haber rechazado la propuesta de reajuste del sector p\u00fablico, tampoco su evaluaci\u00f3n del Gobierno fue positiva. En efecto, aunque la mayor\u00eda evit\u00f3 pronunciarse sobre la gesti\u00f3n del ministro de Hacienda, Rodrigo Vald\u00e9s, entre quienes s\u00ed lo hicieron, fueron m\u00e1s los que la desaprobaron.<\/p>\n<p style=\"text-align: justify;\">Ver nota publicada <a href=\"http:\/\/www.economiaynegocios.cl\/noticias\/noticias.asp?id=305698\" target=\"_blank\">AQU\u00cd<\/a><\/p>\n","protected":false},"excerpt":{"rendered":"<p>La mayor\u00eda sostiene que el alza propuesta por el Gobierno \u00abest\u00e1 bien\u00bb, mientras un 27% dice que se trata de un incremento \u00abmuy bajo\u00bb. Sondeo se efectu\u00f3 entre el jueves y el viernes, 24 horas despu\u00e9s de la votaci\u00f3n en el Congreso, y cuando gremios del sector se hab\u00edan sumado al paro convocado por el [&hellip;]<\/p>\n","protected":false},"author":22,"featured_media":893,"comment_status":"open","ping_status":"open","sticky":false,"template":"","format":"standard","meta":{"footnotes":""},"categories":[10162,12124],"tags":[],"class_list":["post-2356","post","type-post","status-publish","format-standard","has-post-thumbnail","hentry","category-centro-en-la-prensa","category-panel-ciudadano"],"featured_image_url":"https:\/\/gobierno.udd.cl\/cpp\/files\/2015\/05\/udd_cpp_prensa_340.png","_links":{"self":[{"href":"https:\/\/gobierno.udd.cl\/cpp\/wp-json\/wp\/v2\/posts\/2356","targetHints":{"allow":["GET"]}}],"collection":[{"href":"https:\/\/gobierno.udd.cl\/cpp\/wp-json\/wp\/v2\/posts"}],"about":[{"href":"https:\/\/gobierno.udd.cl\/cpp\/wp-json\/wp\/v2\/types\/post"}],"author":[{"embeddable":true,"href":"https:\/\/gobierno.udd.cl\/cpp\/wp-json\/wp\/v2\/users\/22"}],"replies":[{"embeddable":true,"href":"https:\/\/gobierno.udd.cl\/cpp\/wp-json\/wp\/v2\/comments?post=2356"}],"version-history":[{"count":2,"href":"https:\/\/gobierno.udd.cl\/cpp\/wp-json\/wp\/v2\/posts\/2356\/revisions"}],"predecessor-version":[{"id":2649,"href":"https:\/\/gobierno.udd.cl\/cpp\/wp-json\/wp\/v2\/posts\/2356\/revisions\/2649"}],"wp:featuredmedia":[{"embeddable":true,"href":"https:\/\/gobierno.udd.cl\/cpp\/wp-json\/wp\/v2\/media\/893"}],"wp:attachment":[{"href":"https:\/\/gobierno.udd.cl\/cpp\/wp-json\/wp\/v2\/media?parent=2356"}],"wp:term":[{"taxonomy":"category","embeddable":true,"href":"https:\/\/gobierno.udd.cl\/cpp\/wp-json\/wp\/v2\/categories?post=2356"},{"taxonomy":"post_tag","embeddable":true,"href":"https:\/\/gobierno.udd.cl\/cpp\/wp-json\/wp\/v2\/tags?post=2356"}],"curies":[{"name":"wp","href":"https:\/\/api.w.org\/{rel}","templated":true}]}}