{"id":2336,"date":"2016-11-06T19:24:15","date_gmt":"2016-11-06T22:24:15","guid":{"rendered":"http:\/\/gobierno.udd.cl\/cpp\/?p=2336"},"modified":"2016-11-06T19:27:00","modified_gmt":"2016-11-06T22:27:00","slug":"entrevista-gonzalo-muller-un-proyecto-unico-deja-a-chile-vamos-en-posicion-inmejorable-para-2017-la-cronica-chillan","status":"publish","type":"post","link":"https:\/\/gobierno.udd.cl\/cpp\/noticias\/2016\/11\/06\/entrevista-gonzalo-muller-un-proyecto-unico-deja-a-chile-vamos-en-posicion-inmejorable-para-2017-la-cronica-chillan\/","title":{"rendered":"Entrevista Gonzalo M\u00fcller &#8211; \u00abUn proyecto \u00fanico deja a Chile Vamos en posici\u00f3n inmejorable para 2017\u00bb &#8211; La Cr\u00f3nica de Chill\u00e1n"},"content":{"rendered":"<p style=\"text-align: justify;\">Para el analista pol\u00edtico y cad\u00e9mico de la Facultad de Gobierno de la <span class=\"highlight\">Universidad del Desarrollo<\/span>, Gonzalo M\u00fcller, el resultado tan favorable para Chile Vamos sobre la Nueva Mayor\u00eda en las elecciones del domingo fue inesperado y un espaldarazo para la oposici\u00f3n, ala vez que un castigo al oficialismo.<\/p>\n<p style=\"text-align: justify;\"><strong>-\u00bfQu\u00e9 significa el resultado de las municipales para Chile Vamos?<\/strong><\/p>\n<p style=\"text-align: justify;\">-Es un triunfo inesperado, por lo contundente. Yo creo que Chile Vamos hab\u00eda trabajado para acortar la brecha que hab\u00eda sacado la Nueva Mayor\u00eda en 2012. Pero llegar a ganar en cantidad de alcaldes, en votos y en cantidad de chilenos que viven bajo gobiernos de Chile Vamos hoy d\u00eda, es algo que no estaba en los libros ni de los m\u00e1s optimistas.<\/p>\n<p style=\"text-align: justify;\"><strong>-\u00bfEs un voto de castigo o un voto de confianza?<\/strong><\/p>\n<p style=\"text-align: justify;\">Ambos. Es un voto de castigo a un gobierno que ha hecho o\u00eddos sordos, no ha querido ver el rechazo que ha provocado su manera de hacer gobierno. Y tambi\u00e9n apoyo, porque ese voto de castigo se canaliz\u00f3 mayoritariamente a trav\u00e9s de las candidaturas de Chile Vamos.<\/p>\n<p style=\"text-align: justify;\"><strong>-\u00bfEs igualmente leg\u00edtimo este triunfo con una abstenci\u00f3n tan alta?<\/strong><\/p>\n<p style=\"text-align: justify;\">-Cuando vota menos gente obtener una votaci\u00f3n m\u00e1s alta es m\u00e1s dificil. Si todas las personas que viven en esa comuna, estaban habilitadas para ir a votar y decidieron libremente no ir, uno no puede castigar a los que cumplieron con el deber c\u00edvico de votar, menospreciando su preferencia. Lo que s\u00ed me preocupa es que en algunos casos hay seis mil reclamos de personas que fueron a votar y no pudieron. Son personas que estaban motivadas y que por errores de la administraci\u00f3n, el gobierno, el Servel y el registro civil no pudieron ejercer su derecho a voto.<\/p>\n<p style=\"text-align: justify;\"><strong>-\u00bfEste resultado puede ser proyectado por Chile Vamos con miras a 2017?<\/strong><\/p>\n<p style=\"text-align: justify;\">-Sin duda le marca un camino, que haciendo las cosas bien, con unidad, con liderazgo, llegan los buenos resultados. La elecci\u00f3n presidencial es una elecci\u00f3n distinta, pero si uno mira la celebraci\u00f3n de anoche (domingo) de Sebasti\u00e1n Pi\u00f1era junto a los candidatos de Chile Vamos, me pareci\u00f3 una celebraci\u00f3n leg\u00edtima. Porque \u00e9l recorri\u00f3 el pa\u00eds, apoy\u00f3 a muchos candidatos y de alguna manera quedaron comprometidos con \u00e9l para devolverle la mano, cuando le toque a \u00e9l ser candidato presidencial, si es que lo decide. Falta mucho , pero sin duda que, as\u00ed como en 2008 el resultado favorable para la derecha le abri\u00f3 las puertas para llegar al gobierno, algo similar est\u00e1 ocurriendo cuando la gran mayor\u00eda de los chilenos dice &#8216;no quiero m\u00e1s Nueva Mayor\u00eda, quiero un cambio y tengo una alternativa en Chile Vamos&#8217;.<\/p>\n<p style=\"text-align: justify;\"><strong>-\u00bfEn qu\u00e9 pie queda la UDI frente a una posible candidatura de Sebasti\u00e1n Pi\u00f1era? \u00bfLos obliga a plegarse?<\/strong><\/p>\n<p style=\"text-align: justify;\">Para nada, yo creo que la UDI tiene que tomar sus propias decisiones. La UDI ha sido duramente atacada, perseguida y logr\u00f3 seguir siendo el partido m\u00e1s grande de Chile. Entonces se siente de alguna manera revitalizada. Y ese \u00e1nimo se tiene que traducir tambi\u00e9n en c\u00f3mo tomasus decisiones, pensando en un proyecto colectivo. Porque no se debe olvidar ninguno de los partidos de Chile Vamos que individualmente son menos que en conjunto. Ev\u00f3poli, el PRI, la UDI y RN es de esperar que mantengan este estilo, pensando en que si les dio \u00e9xito este a\u00f1o les puede dar un \u00e9xito a\u00fan mayor el pr\u00f3ximo.<\/p>\n<p style=\"text-align: justify;\"><strong>-\u00bfDe qu\u00e9 depende que Chile Vamos pueda capitalizar el resultado para el pr\u00f3ximo a\u00f1o? <\/strong><\/p>\n<p style=\"text-align: justify;\">El trabajo unitario, el tener candidaturas \u00fanicas a alcaldes, fue una se\u00f1al de hacia d\u00f3nde deben apuntan Tener un proyecto y un candidato \u00fanico los deja en una posici\u00f3n inmejorable para ganar en 2017 y el camino elegido a trav\u00e9s de primarias, son las reglas del juego que hay que respetan El propio Presidente Pi\u00f1era ha dicho que si es candidato est\u00e1 dispuesto a competir en primarias y yo creo que ese es el camino l\u00f3gico, entendiendo que los ciudadanos fueron los que hicieron ganar a los alcaldes de Chile Vamos y deben ser los mismos ciudadanos los que elijan quien va a representar a la centroderecha en la elecci\u00f3n presidencia.<\/p>\n<p style=\"text-align: justify;\"><a href=\"https:\/\/goo.gl\/UkG26a\" target=\"_blank\" rel=\"attachment wp-att-2338\"><img loading=\"lazy\" decoding=\"async\" class=\"size-medium wp-image-2338 aligncenter\" src=\"http:\/\/gobierno.udd.cl\/cpp\/files\/2016\/11\/ece5e70fe6f77968ac0693c02087f638_manual-210x300.jpg\" alt=\"ece5e70fe6f77968ac0693c02087f638_manual\" width=\"210\" height=\"300\" srcset=\"https:\/\/gobierno.udd.cl\/cpp\/files\/2016\/11\/ece5e70fe6f77968ac0693c02087f638_manual-210x300.jpg 210w, https:\/\/gobierno.udd.cl\/cpp\/files\/2016\/11\/ece5e70fe6f77968ac0693c02087f638_manual-768x1098.jpg 768w, https:\/\/gobierno.udd.cl\/cpp\/files\/2016\/11\/ece5e70fe6f77968ac0693c02087f638_manual-717x1024.jpg 717w, https:\/\/gobierno.udd.cl\/cpp\/files\/2016\/11\/ece5e70fe6f77968ac0693c02087f638_manual-672x960.jpg 672w, https:\/\/gobierno.udd.cl\/cpp\/files\/2016\/11\/ece5e70fe6f77968ac0693c02087f638_manual.jpg 1440w\" sizes=\"auto, (max-width: 210px) 100vw, 210px\" \/><\/a><\/p>\n","protected":false},"excerpt":{"rendered":"<p>Para el analista pol\u00edtico y cad\u00e9mico de la Facultad de Gobierno de la Universidad del Desarrollo, Gonzalo M\u00fcller, el resultado tan favorable para Chile Vamos sobre la Nueva Mayor\u00eda en las elecciones del domingo fue inesperado y un espaldarazo para la oposici\u00f3n, ala vez que un castigo al oficialismo. -\u00bfQu\u00e9 significa el resultado de las [&hellip;]<\/p>\n","protected":false},"author":22,"featured_media":893,"comment_status":"open","ping_status":"open","sticky":false,"template":"","format":"standard","meta":{"footnotes":""},"categories":[10162],"tags":[],"class_list":["post-2336","post","type-post","status-publish","format-standard","has-post-thumbnail","hentry","category-centro-en-la-prensa"],"featured_image_url":"https:\/\/gobierno.udd.cl\/cpp\/files\/2015\/05\/udd_cpp_prensa_340.png","_links":{"self":[{"href":"https:\/\/gobierno.udd.cl\/cpp\/wp-json\/wp\/v2\/posts\/2336","targetHints":{"allow":["GET"]}}],"collection":[{"href":"https:\/\/gobierno.udd.cl\/cpp\/wp-json\/wp\/v2\/posts"}],"about":[{"href":"https:\/\/gobierno.udd.cl\/cpp\/wp-json\/wp\/v2\/types\/post"}],"author":[{"embeddable":true,"href":"https:\/\/gobierno.udd.cl\/cpp\/wp-json\/wp\/v2\/users\/22"}],"replies":[{"embeddable":true,"href":"https:\/\/gobierno.udd.cl\/cpp\/wp-json\/wp\/v2\/comments?post=2336"}],"version-history":[{"count":3,"href":"https:\/\/gobierno.udd.cl\/cpp\/wp-json\/wp\/v2\/posts\/2336\/revisions"}],"predecessor-version":[{"id":2340,"href":"https:\/\/gobierno.udd.cl\/cpp\/wp-json\/wp\/v2\/posts\/2336\/revisions\/2340"}],"wp:featuredmedia":[{"embeddable":true,"href":"https:\/\/gobierno.udd.cl\/cpp\/wp-json\/wp\/v2\/media\/893"}],"wp:attachment":[{"href":"https:\/\/gobierno.udd.cl\/cpp\/wp-json\/wp\/v2\/media?parent=2336"}],"wp:term":[{"taxonomy":"category","embeddable":true,"href":"https:\/\/gobierno.udd.cl\/cpp\/wp-json\/wp\/v2\/categories?post=2336"},{"taxonomy":"post_tag","embeddable":true,"href":"https:\/\/gobierno.udd.cl\/cpp\/wp-json\/wp\/v2\/tags?post=2336"}],"curies":[{"name":"wp","href":"https:\/\/api.w.org\/{rel}","templated":true}]}}