{"id":2330,"date":"2016-11-06T19:18:39","date_gmt":"2016-11-06T22:18:39","guid":{"rendered":"http:\/\/gobierno.udd.cl\/cpp\/?p=2330"},"modified":"2016-11-06T19:20:55","modified_gmt":"2016-11-06T22:20:55","slug":"participacion-femenina-sufrira-fuerte-caida-en-los-gobiernos-comunales-el-sur","status":"publish","type":"post","link":"https:\/\/gobierno.udd.cl\/cpp\/noticias\/2016\/11\/06\/participacion-femenina-sufrira-fuerte-caida-en-los-gobiernos-comunales-el-sur\/","title":{"rendered":"Participaci\u00f3n femenina sufrir\u00e1 fuerte ca\u00edda en los gobiernos comunales &#8211; El Sur"},"content":{"rendered":"<div class=\"col-md-6\">\n<p class=\"TXT_SIN_CAP\" style=\"text-align: justify;\">Pese a que tem\u00e1ticas como la equidad de g\u00e9nero, participaci\u00f3n femenina y derechos de la mujer han estado en la discusi\u00f3n p\u00fablica en los \u00faltimos meses y han sido incluso objeto de varios proyectos legislativos, en el \u00e1mbito pol\u00edtico regional esos conceptos parecen no tener un referente en materia de gobiernos comunales.<\/p>\n<p class=\"TXT_SIN_CAP\" style=\"text-align: justify;\">Esto porque tras las votaciones del domingo \u00faltimo, se observa que la participaci\u00f3n femenina en los puestas de elecci\u00f3n popular de los municipios -alcald\u00edas y concejal\u00edas- sufrir\u00e1n una importante ca\u00edda, que se expresa tanto en el n\u00famero de alcaldesas, como en el de concejalas. Mientras actualmente son seis las jefas comunales en Biob\u00edo, desde el 6 de diciembre s\u00f3lo ser\u00e1n dos: Katherine Torres, en Hualp\u00e9n y Carmen Blanco, en Ninhue. Este \u00faltimo caso incluso todav\u00eda est\u00e1 en duda, considerando que se impugnar\u00e1 la elecci\u00f3n en dicha comuna por la diferencia de s\u00f3lo 16 votos que separ\u00f3 a los candidatos al sill\u00f3n municipal.<\/p>\n<p class=\"TXT_SIN_CAP\" style=\"text-align: justify;\">En el caso de las concejalas, la cifra cay\u00f3 en 10 cargos. Mientras en el periodo 2012-2016 se eligieron a 66 mujeres, el pasado 23 de octubre la cifra baj\u00f3 a 56, dejando a 18 comunas sin representaci\u00f3n femenina en sus respectivos concejos municipales.<\/p>\n<p class=\"TXT_SIN_CAP\" style=\"text-align: justify;\">RESISTENCIA AL CAMBIO<\/p>\n<p class=\"TXT_SIN_CAP\" style=\"text-align: justify;\">La directora regional del Servicio Nacional de la Mujer y la Equidad de G\u00e9nero (Sernameq), Valentina Medel, lament\u00f3 la baja en la participaci\u00f3n femenina en la administraci\u00f3n municipal. Sin embargo, asegur\u00f3 que es algo que no sorprende. \u00abA nivel nacional en general hubo una baja de representaci\u00f3n de mujeres en el \u00e1mbito municipal, lo que viene a confirmar que la pol\u00edtica en Chile tiene un marcado sesgo masculino\u00bb, puntualiz\u00f3.<\/p>\n<p class=\"TXT_SIN_CAP\" style=\"text-align: justify;\">Por eso el ojo est\u00e1 puesto en los partidos pol\u00edticos, quienes no entregar\u00edan los espacios necesarios para el desarrollo e inclusi\u00f3n de las mujeres, seg\u00fan se\u00f1ala el asesor del Centro de Estudios de Corbiob\u00edo, Ariel Y\u00e9venes. \u00abLas estructuras pol\u00edtico-partidistas tradicionales no tienden a abrir posibilidades de participaci\u00f3n en condiciones de mediana equidad a mujeres respecto de hombres\u00bb, dijo.<\/p>\n<p class=\"TXT_SIN_CAP\" style=\"text-align: justify;\">El investigador agreg\u00f3 que \u00ablas estructuras sociales no necesariamente responden en la direcci\u00f3n que buscan las leyes de cuotas. Ello se constata con mucha m\u00e1s intensidad conforme m\u00e1s tradicionales sean las estructuras, donde lo pol\u00edtico-partidista se ha mostrado particularmente resistente al cambio, no s\u00f3lo en el plano de g\u00e9nero\u00bb.<\/p>\n<p class=\"TXT_SIN_CAP\" style=\"text-align: justify;\">Asimismo, la doctora en Ciencia Pol\u00edtica y acad\u00e9mica de la <span class=\"highlight\">UDD<\/span> Lesley Brice\u00f1o, asegura que la baja est\u00e1 dada por el espacio que los partidos pol\u00edticos le dan a las mujeres. \u00ab\u00bfQu\u00e9 posibilidad tiene una dirigenta social o vecinal de escalar en el partido, de contar con una oportunidad dentro de la negociaci\u00f3n del comit\u00e9? Eso pareciera que no existe\u00bb, explica la especialista.<\/p>\n<p class=\"TXT_SIN_CAP\" style=\"text-align: justify;\">De hecho, en esta oportunidad el Biob\u00edo fue la regi\u00f3n que menos candidatas a alcaldesas logr\u00f3: s\u00f3lo 17 mujeres compitieron por el sill\u00f3n municipal, para que apenas dos lo hicieran realidad.<\/p>\n<p class=\"TXT_SIN_CAP\" style=\"text-align: justify;\">LEY DE CUOTAS<\/p>\n<p class=\"TXT_SIN_CAP\" style=\"text-align: justify;\">Para las elecciones parlamentarias que se realizar\u00e1n el pr\u00f3ximo a\u00f1o comienza a regir la Ley de Cuotas, normativa que impedir\u00e1 que los hombres superen el 60% del total de candidatos. \u00abSeg\u00fan la ONU, la equidad en la representaci\u00f3n de nuestro pa\u00eds se alcanzar\u00eda en 80 a\u00f1os si no existiesen estas acciones afirmativas. Lo que buscamos es acelerar el cambio, pero claramente no es r\u00e1pido\u00bb, recalc\u00f3 Medel sobre la participaci\u00f3n de la mujer.<\/p>\n<p class=\"TXT_SIN_CAP\" style=\"text-align: justify;\">Para Brice\u00f1o, si bien se trata de una normativa importante, no har\u00e1 milagros. \u00abPuede que sea mal utilizada por los partidos pol\u00edticos y sean candidatas sin las reales opciones de ser electas\u00bb, aclar\u00f3 la acad\u00e9mica.<\/p>\n<p class=\"TXT_SIN_CAP\" style=\"text-align: justify;\">Por eso, destac\u00f3 que el problema es que se sigue pensando que el rol de la mujer est\u00e1 en un \u00e1mbito m\u00e1s privado, lejos de la pol\u00edtica. \u00abSigue la t\u00f3nica de que es un escenario de hombres, donde las mujeres no podemos participar. Cuando se les hacen entrevistas, siempre se les pregunta por la familia, los hijos. Al hombre no\u00bb, aclara Brice\u00f1o .<\/p>\n<p class=\"TXT_SIN_CAP\" style=\"text-align: justify;\">Por otra parte, pone como ejemplo lo sucedido con la alcaldesa electa por Maip\u00fa, Cathy Barriga: \u00abSe le ha tratado peyorativamente de ser una ni\u00f1ita rubia, bonita y bien casada. Pero no se han puesto los \u00e9nfasis en el trabajo previo que ella ha realizado como concejala, primero, y luego como consejera regional\u00bb.<\/p>\n<p class=\"TXT_SIN_CAP\" style=\"text-align: justify;\">M\u00e1s all\u00e1 de que la Ley de Cuotas sea un aporte, los analistas apuntan hacia la educaci\u00f3n. \u00abEs preciso seguir insistiendo, especialmente desde la educaci\u00f3n, en la importancia y amplio potencial de beneficios de contar con estructuras que propicien efectivamente, y no s\u00f3lo desde el discurso, la necesaria igualdad de g\u00e9nero\u00bb, asegura Y\u00e9venes.<\/p>\n<p class=\"TXT_SIN_CAP\" style=\"text-align: justify;\">Asimismo, la directora regional del Sernameq puntualiza que se debe seguir trabajando en la capacitaci\u00f3n de mujeres, con miras a tener m\u00e1s candidatas. \u00abEl objetivo es que sean m\u00e1s y tambi\u00e9n competitivas\u00bb, recalc\u00f3 Valentina Medel.<\/p>\n<\/div>\n<p class=\"TXT_SIN_CAP\" style=\"text-align: justify;\"><a href=\"http:\/\/gobierno.udd.cl\/cpp\/files\/2016\/11\/2016-10-26_www.elsur_.cl_26_10_16_pag_04-1440-178a58.jpg\" rel=\"attachment wp-att-2334\"><img loading=\"lazy\" decoding=\"async\" class=\"size-medium wp-image-2334 aligncenter\" src=\"http:\/\/gobierno.udd.cl\/cpp\/files\/2016\/11\/2016-10-26_www.elsur_.cl_26_10_16_pag_04-1440-178a58-166x300.jpg\" alt=\"2016-10-26_www.elsur.cl_26_10_16_pag_04-1440-178a58\" width=\"166\" height=\"300\" srcset=\"https:\/\/gobierno.udd.cl\/cpp\/files\/2016\/11\/2016-10-26_www.elsur_.cl_26_10_16_pag_04-1440-178a58-166x300.jpg 166w, https:\/\/gobierno.udd.cl\/cpp\/files\/2016\/11\/2016-10-26_www.elsur_.cl_26_10_16_pag_04-1440-178a58-768x1392.jpg 768w, https:\/\/gobierno.udd.cl\/cpp\/files\/2016\/11\/2016-10-26_www.elsur_.cl_26_10_16_pag_04-1440-178a58-565x1024.jpg 565w, https:\/\/gobierno.udd.cl\/cpp\/files\/2016\/11\/2016-10-26_www.elsur_.cl_26_10_16_pag_04-1440-178a58-530x960.jpg 530w, https:\/\/gobierno.udd.cl\/cpp\/files\/2016\/11\/2016-10-26_www.elsur_.cl_26_10_16_pag_04-1440-178a58.jpg 1440w\" sizes=\"auto, (max-width: 166px) 100vw, 166px\" \/><\/a><\/p>\n","protected":false},"excerpt":{"rendered":"<p>Pese a que tem\u00e1ticas como la equidad de g\u00e9nero, participaci\u00f3n femenina y derechos de la mujer han estado en la discusi\u00f3n p\u00fablica en los \u00faltimos meses y han sido incluso objeto de varios proyectos legislativos, en el \u00e1mbito pol\u00edtico regional esos conceptos parecen no tener un referente en materia de gobiernos comunales. Esto porque tras [&hellip;]<\/p>\n","protected":false},"author":22,"featured_media":893,"comment_status":"open","ping_status":"open","sticky":false,"template":"","format":"standard","meta":{"footnotes":""},"categories":[10162],"tags":[],"class_list":["post-2330","post","type-post","status-publish","format-standard","has-post-thumbnail","hentry","category-centro-en-la-prensa"],"featured_image_url":"https:\/\/gobierno.udd.cl\/cpp\/files\/2015\/05\/udd_cpp_prensa_340.png","_links":{"self":[{"href":"https:\/\/gobierno.udd.cl\/cpp\/wp-json\/wp\/v2\/posts\/2330","targetHints":{"allow":["GET"]}}],"collection":[{"href":"https:\/\/gobierno.udd.cl\/cpp\/wp-json\/wp\/v2\/posts"}],"about":[{"href":"https:\/\/gobierno.udd.cl\/cpp\/wp-json\/wp\/v2\/types\/post"}],"author":[{"embeddable":true,"href":"https:\/\/gobierno.udd.cl\/cpp\/wp-json\/wp\/v2\/users\/22"}],"replies":[{"embeddable":true,"href":"https:\/\/gobierno.udd.cl\/cpp\/wp-json\/wp\/v2\/comments?post=2330"}],"version-history":[{"count":3,"href":"https:\/\/gobierno.udd.cl\/cpp\/wp-json\/wp\/v2\/posts\/2330\/revisions"}],"predecessor-version":[{"id":2335,"href":"https:\/\/gobierno.udd.cl\/cpp\/wp-json\/wp\/v2\/posts\/2330\/revisions\/2335"}],"wp:featuredmedia":[{"embeddable":true,"href":"https:\/\/gobierno.udd.cl\/cpp\/wp-json\/wp\/v2\/media\/893"}],"wp:attachment":[{"href":"https:\/\/gobierno.udd.cl\/cpp\/wp-json\/wp\/v2\/media?parent=2330"}],"wp:term":[{"taxonomy":"category","embeddable":true,"href":"https:\/\/gobierno.udd.cl\/cpp\/wp-json\/wp\/v2\/categories?post=2330"},{"taxonomy":"post_tag","embeddable":true,"href":"https:\/\/gobierno.udd.cl\/cpp\/wp-json\/wp\/v2\/tags?post=2330"}],"curies":[{"name":"wp","href":"https:\/\/api.w.org\/{rel}","templated":true}]}}