{"id":2326,"date":"2016-11-06T19:13:47","date_gmt":"2016-11-06T22:13:47","guid":{"rendered":"http:\/\/gobierno.udd.cl\/cpp\/?p=2326"},"modified":"2016-11-06T19:14:49","modified_gmt":"2016-11-06T22:14:49","slug":"seria-bueno-tener-a-un-cabro-de-31-anos-como-presidente-de-la-republica-lun","status":"publish","type":"post","link":"https:\/\/gobierno.udd.cl\/cpp\/noticias\/2016\/11\/06\/seria-bueno-tener-a-un-cabro-de-31-anos-como-presidente-de-la-republica-lun\/","title":{"rendered":"\u00bfSer\u00eda bueno tener a un cabro de 31 a\u00f1os como Presidente de la Rep\u00fablica? &#8211; LUN"},"content":{"rendered":"<p style=\"text-align: justify;\">Pr\u00e1cticamente no conocieron el mundo sin internet. De hecho, han conocido a trav\u00e9s de esa misma red los hechos pol\u00edticos que les han determinado sus vidas adultas, como por ejemplo, el plebiscito de 1988 y el posterior retorno a la democracia, todo v\u00eda Youtube.\u00a0En sesudos estudios generacionales a estos muchachones se les llaman los \u201cmillennials\u201d.\u00a0J\u00f3venes que nacieron entre 1981 y 1995 y que hoy tienen de 21a\u00f1os a 35 a\u00f1os; y se sienten con energ\u00eda y pachorra para hacer de todo, salvo una cosa: ser Presidente de la Rep\u00fablica porque una ley no se los permite. Una carta m\u00e1s o menos importante: la Constituci\u00f3n pol\u00edtica de Chile.<\/p>\n<p style=\"text-align: justify;\">Pero alguien quiere corregir este problemita.<\/p>\n<p style=\"text-align: justify;\">La ma\u00f1ana de este mi\u00e9rcoles el senador del MAS Alejandro Navarro, ingres\u00f3 al Senado una moci\u00f3n parlamentaria que busca rebajar la edad m\u00ednima exigida, por ley, para postular al cargo de Presidente de la Rep\u00fablica. Seg\u00fan el art\u00edculo 25 de la Constituci\u00f3n, aparte de poseer la nacionalidad chilena, tener cuarto medio rendido y ser un ciudadano con derecho a sufragio (no estar condenado a pena aflictiva), se exige tener 35 a\u00f1os de edad cumplidos al momento de asumir la primera magistratura del pa\u00eds. Navarro quiere que se rebaje esa edad a 30 a\u00f1os.<\/p>\n<p style=\"text-align: justify;\"><strong>La motivaci\u00f3n<\/strong><\/p>\n<p style=\"text-align: justify;\">\u201cValpara\u00edso acaba de elegir a Jorge Sharp, abogado de 31 a\u00f1os. Nuestro Congreso se renov\u00f3 con diputados provenientes del movimiento estudiantil, todos profesionales y bordeando los 30 a\u00f1os: Karol Cariola, Camila Vallejo, Giorgio Jackson y Gabriel Boric.\u00a0Ninguno de ellos puede postular al cargo de Presidente de la Rep\u00fablica porque la ley los discrimina\u201d, alega Navarro, quien da el ejemplo de Espa\u00f1a, \u201cdonde solo se necesita ser mayor de edad para postular a presidente del pa\u00eds\u201d.<\/p>\n<p style=\"text-align: justify;\">\u201cHay viejos conservadores de 25 a\u00f1os, que le piden permiso a un pie para mover el otro, y hay j\u00f3venes progresistas de 75 a\u00f1os, \u00e1giles, llenos de vida y propuestas.\u00a0No es una cuesti\u00f3n de edad, sino de inteligencia y actitud\u201d, agrega Navarro, quien dice que otra de las motivaciones para presentar la moci\u00f3n, es que la \u201cgerontocracia pol\u00edtica, los viejos pol\u00edticos, quieren monopolizar el debate de ideas, dando poco espacio a los j\u00f3venes.\u00a0Si se rebaja la edad para postular a Presidente de la Rep\u00fablica, m\u00e1s j\u00f3venes se motivar\u00e1n a participar, porque sentir\u00e1n que uno de los suyos puede llegar a representarlos\u201d.<\/p>\n<p style=\"text-align: justify;\"><strong>Giorgio y de Mussy les baja el pulgar<\/strong><\/p>\n<p style=\"text-align: justify;\">El diputado Giorgio Jackson de RD, tambi\u00e9n cumplir\u00e1 30 a\u00f1os el pr\u00f3ximo a\u00f1o.\u00a0Pero no le gust\u00f3 mucho la idea de Navarro.\u00a0No a los parches. \u00bfPor qu\u00e9? \u201cSi bien lo que me parece razonable es que quien elige tambi\u00e9n pueda ser elegido, no apoyo la idea de cambiar la ley a un a\u00f1o de las elecciones (presidenciales). No creo que la crisis de representaci\u00f3n se solucione con parches, sino creando las bases de una democracia nueva mediante una Asamblea Constituyente\u201d.<\/p>\n<p style=\"text-align: justify;\">Con 34 a\u00f1os, el diputado m\u00e1s joven\u00a0de la UDI, Felipe de Mussy, comparte la idea de Jackson: \u00abCre que es algo totalmente factible. Esa es la gracia de la democracia: que la gente elija a sus autoridades, y si estas tienen una edad menor, me parece bien\u00bb. Agrega, sin embargo, que es un tema muy puntural que no hace gran diferencia. Justo en este minuto puede ser que dos menores de 35 a\u00f1os est\u00e1n bien posicionados, pero no soluciona los problemas de la pol\u00edtica. Los cambios verdaderos son m\u00e1s profundos\u00bb.<\/p>\n<p style=\"text-align: justify;\"><strong>Hay que esperar<\/strong><\/p>\n<p style=\"text-align: justify;\">El cientista pol\u00edtico de la <span class=\"highlight\">UDD<\/span>, Miguel \u00c1ngel Fern\u00e1ndez, considera que si Jackson, Boris o Cariola se presentaran el pr\u00f3ximo a\u00f1o a las presidenciales, tendr\u00edan pocas posibilidades de ser competitivos: \u201cDe todas maneras, Boric o Jackson, en 4 a 8 a\u00f1os, muy probablemente van a tener la base suficiente para emprender una candidatura presidencial; por mientras, ganan experiencia pol\u00edtica a trav\u00e9s del Congreso y aumentan su base de apoyo.<\/p>\n<p style=\"text-align: justify;\">Marco Moreno, decano facultad de Ciencias Pol\u00edticas, Universidad Central propone que para que haya recambio \u201cse ponga l\u00edmites a la reelecci\u00f3n eterna de alcaldes, concejales, parlamentarios, entre los que \u00e9l se encuentra\u201d.<\/p>\n<p style=\"text-align: justify;\"><strong>Cariola est\u00e1 a favor<\/strong><\/p>\n<p style=\"text-align: justify;\">La diputada PC Karol Cariola ser\u00eda una de las beneficiadas.\u00a0El pr\u00f3ximo a\u00f1o, cuando la campa\u00f1a presidencial este m\u00e1s que desatada, cumplir\u00e1 30 a\u00f1os.\u00a0A ella le parece bien el proyecto. \u201cEs importante que los ciudadanos que cumplan la mayor\u00eda de edad y tengan derechos ciudadanos, tengan el mismo derecho a elegir y a ser elegidos. Poner la restricci\u00f3n de 35 es mucho, porque hoy ha quedado demostrado que hay parlamentarios muy capaces, menores de 30 a\u00f1os, incluso\u201d dice.<\/p>\n<p style=\"text-align: justify;\">Cariola a\u00f1ade: \u201cEl trabajo y la experiencia no son una contradicci\u00f3n con la juventud, as\u00ed que estoy de acuerdo con bajar la edad para postular a Presidente de la Rep\u00fablica\u201d.<\/p>\n<p style=\"text-align: justify;\"><a href=\"http:\/\/gobierno.udd.cl\/cpp\/files\/2016\/11\/2016-10-27_www.lun_.com_LUCPR22LU2710_1100.png\" rel=\"attachment wp-att-2328\"><img loading=\"lazy\" decoding=\"async\" class=\"size-medium wp-image-2328 aligncenter\" src=\"http:\/\/gobierno.udd.cl\/cpp\/files\/2016\/11\/2016-10-27_www.lun_.com_LUCPR22LU2710_1100-236x300.png\" alt=\"2016-10-27_www.lun.com_LUCPR22LU2710_1100\" width=\"236\" height=\"300\" srcset=\"https:\/\/gobierno.udd.cl\/cpp\/files\/2016\/11\/2016-10-27_www.lun_.com_LUCPR22LU2710_1100-236x300.png 236w, https:\/\/gobierno.udd.cl\/cpp\/files\/2016\/11\/2016-10-27_www.lun_.com_LUCPR22LU2710_1100-768x977.png 768w, https:\/\/gobierno.udd.cl\/cpp\/files\/2016\/11\/2016-10-27_www.lun_.com_LUCPR22LU2710_1100-805x1024.png 805w, https:\/\/gobierno.udd.cl\/cpp\/files\/2016\/11\/2016-10-27_www.lun_.com_LUCPR22LU2710_1100-754x960.png 754w, https:\/\/gobierno.udd.cl\/cpp\/files\/2016\/11\/2016-10-27_www.lun_.com_LUCPR22LU2710_1100.png 1295w\" sizes=\"auto, (max-width: 236px) 100vw, 236px\" \/><\/a><\/p>\n","protected":false},"excerpt":{"rendered":"<p>Pr\u00e1cticamente no conocieron el mundo sin internet. De hecho, han conocido a trav\u00e9s de esa misma red los hechos pol\u00edticos que les han determinado sus vidas adultas, como por ejemplo, el plebiscito de 1988 y el posterior retorno a la democracia, todo v\u00eda Youtube.\u00a0En sesudos estudios generacionales a estos muchachones se les llaman los \u201cmillennials\u201d.\u00a0J\u00f3venes [&hellip;]<\/p>\n","protected":false},"author":22,"featured_media":893,"comment_status":"open","ping_status":"open","sticky":false,"template":"","format":"standard","meta":{"footnotes":""},"categories":[10162],"tags":[],"class_list":["post-2326","post","type-post","status-publish","format-standard","has-post-thumbnail","hentry","category-centro-en-la-prensa"],"featured_image_url":"https:\/\/gobierno.udd.cl\/cpp\/files\/2015\/05\/udd_cpp_prensa_340.png","_links":{"self":[{"href":"https:\/\/gobierno.udd.cl\/cpp\/wp-json\/wp\/v2\/posts\/2326","targetHints":{"allow":["GET"]}}],"collection":[{"href":"https:\/\/gobierno.udd.cl\/cpp\/wp-json\/wp\/v2\/posts"}],"about":[{"href":"https:\/\/gobierno.udd.cl\/cpp\/wp-json\/wp\/v2\/types\/post"}],"author":[{"embeddable":true,"href":"https:\/\/gobierno.udd.cl\/cpp\/wp-json\/wp\/v2\/users\/22"}],"replies":[{"embeddable":true,"href":"https:\/\/gobierno.udd.cl\/cpp\/wp-json\/wp\/v2\/comments?post=2326"}],"version-history":[{"count":2,"href":"https:\/\/gobierno.udd.cl\/cpp\/wp-json\/wp\/v2\/posts\/2326\/revisions"}],"predecessor-version":[{"id":2329,"href":"https:\/\/gobierno.udd.cl\/cpp\/wp-json\/wp\/v2\/posts\/2326\/revisions\/2329"}],"wp:featuredmedia":[{"embeddable":true,"href":"https:\/\/gobierno.udd.cl\/cpp\/wp-json\/wp\/v2\/media\/893"}],"wp:attachment":[{"href":"https:\/\/gobierno.udd.cl\/cpp\/wp-json\/wp\/v2\/media?parent=2326"}],"wp:term":[{"taxonomy":"category","embeddable":true,"href":"https:\/\/gobierno.udd.cl\/cpp\/wp-json\/wp\/v2\/categories?post=2326"},{"taxonomy":"post_tag","embeddable":true,"href":"https:\/\/gobierno.udd.cl\/cpp\/wp-json\/wp\/v2\/tags?post=2326"}],"curies":[{"name":"wp","href":"https:\/\/api.w.org\/{rel}","templated":true}]}}