{"id":2318,"date":"2016-11-06T18:52:46","date_gmt":"2016-11-06T21:52:46","guid":{"rendered":"http:\/\/gobierno.udd.cl\/cpp\/?p=2318"},"modified":"2016-11-06T18:54:24","modified_gmt":"2016-11-06T21:54:24","slug":"el-poderio-de-los-independientes-no-se-replicaria-en-las-elecciones-al-congreso","status":"publish","type":"post","link":"https:\/\/gobierno.udd.cl\/cpp\/noticias\/2016\/11\/06\/el-poderio-de-los-independientes-no-se-replicaria-en-las-elecciones-al-congreso\/","title":{"rendered":"El poder\u00edo de los independientes no se replicar\u00eda en las elecciones al Congreso &#8211; El Mercurio"},"content":{"rendered":"<p style=\"text-align: justify;\">Tanto la Nueva Mayor\u00eda como Chile Vamos hab\u00edan apostado fuerte en la comuna de Conchal\u00ed.\u00a0Por un lado estaba la candidata del PS, Marcela Rosales, quien durante la campa\u00f1a hab\u00eda sido apoyada por las principales figuras del partido, y por otro, Loreto Seguel, ex ministra del gobierno de Sebasti\u00e1n Pi\u00f1era. Nadie, sin embargo, ten\u00eda entre sus c\u00e1lculos que ambas cayeran derrotadas frente a una de las candidaturas independientes menos tomadas en cuenta, seg\u00fan reconocen las colectividades: la de Ren\u00e9 de la Vega.<\/p>\n<p style=\"text-align: justify;\">Pero la victoria del ex cantante no fue aislada.\u00a0A lo largo del pa\u00eds se repitieron casos de independientes fuera de pacto que, o bien alcanzaron la victoria en comunas importantes -como Jorge Sharp y Karen Rojo-, o lograron sorprendentes votaciones que favorecieron un cambio en la alcald\u00eda por la que compet\u00edan.<\/p>\n<p style=\"text-align: justify;\">En total, los independientes lograron un 17,35% de votos, m\u00e1s que cualquier partido pol\u00edtico tradicional y 7% m\u00e1s que en la elecci\u00f3n anterior.<\/p>\n<p style=\"text-align: justify;\">Asimismo, 52 alcaldes fuera de pacto resultaron elegidos, misma cantidad que la colectividad m\u00e1s votada, la UDI.<\/p>\n<p style=\"text-align: justify;\">Para los expertos, estos n\u00fameros son prueba del descontento con la pol\u00edtica y el desprestigio de la actividad entre la poblaci\u00f3n.<\/p>\n<p style=\"text-align: justify;\">Sin embargo, \u00bfrepresenta la buena votaci\u00f3n de los independientes un fen\u00f3meno a largo plazo? \u00bfPrefiere hoy la gente votar por independientes que por integrantes de partidos tradicionales?<\/p>\n<p style=\"text-align: justify;\">Para varios expertos consultados por \u00abEl Mercurio\u00bb, las implicaciones de estos resultados no ser\u00edan suficientes para complicar el futuro de las grandes coaliciones.<\/p>\n<h5 style=\"text-align: justify;\">Coaliciones, vigentes<\/h5>\n<p style=\"text-align: justify;\">La investigadora del CEP Loreto Cox asegura que \u00abla mayor respuesta del electorado a candidaturas independientes responde a un aumento de la desconfianza con los partidos. En 1990, un 80% de las personas se identificaba con alg\u00fan partido.\u00a0Hoy, ese porcentaje es menos de un 20%. Adem\u00e1s, la confianza en los partidos pol\u00edticos est\u00e1 en un 3%, por lo que es comprensible lo que est\u00e1 ocurriendo\u00bb.<\/p>\n<p style=\"text-align: justify;\">Esto, dice, se manifest\u00f3 en un \u00abcastigo\u00bb a algunos candidatos.<\/p>\n<p style=\"text-align: justify;\">Coincide con ella Mauricio Morales, director del Observatorio Pol\u00edtico Electoral de la UDP, quien expresa que la ciudadan\u00eda vot\u00f3 \u00abinformada\u00bb y que \u00abvarias figuras fueron castigadas por financiamiento il\u00edcito y acusaciones de corrupci\u00f3n\u00bb.<\/p>\n<p style=\"text-align: justify;\">Sin embargo, ambos descartan interpretar el resultado de las elecciones municipales como una derrota para los partidos tradicionales. \u00bfLa raz\u00f3n? El resultado de los candidatos independientes a concejales, elecci\u00f3n en la que ninguno de los 91 candidatos fuera de pacto obtuvo una victoria.<\/p>\n<p style=\"text-align: justify;\">\u00abCuando uno mira lo que pas\u00f3 con las coaliciones tradicionales en la elecci\u00f3n de concejales, estas mantuvieron su supremac\u00eda. Esto, para m\u00ed, significa que no hay un rechazo a la pol\u00edtica tradicional en general, sino un fen\u00f3meno m\u00e1s individual. No es que est\u00e9 cayendo el llamado &#8216;duopolio&#8217;. En ning\u00fan caso\u00bb, explica Cox.<\/p>\n<p style=\"text-align: justify;\">La raz\u00f3n de esto, seg\u00fan Morales, es que debido al sistema proporcional que se usa en los comicios de concejales -el mismo que tendr\u00e1n las pr\u00f3ximas elecciones al Congreso-, los partidos tradicionales \u00absaturan\u00bb la papeleta de candidatos, que se presentan en varios pactos, \u00ablo que produce un cubrimiento de toda la comuna. Y en ese caso, la gente vota por la etiqueta partidaria, por la identificaci\u00f3n. Es un indicador de que a\u00fan existen votantes program\u00e1ticos. Quiz\u00e1s no conocen a los candidatos, pero s\u00ed conocen la lista y el pacto. El sistema de partidos tradicional sigue vivo. No hay hecatombe ni quiebre ni reemplazo\u00bb.<\/p>\n<p style=\"text-align: justify;\">En este contexto, los expertos consultados consideran que la elecci\u00f3n de concejales podr\u00eda augurar lo que pasar\u00e1 en las pr\u00f3ximas de congresistas, por cuanto tambi\u00e9n se espera que las coaliciones tradicionales presenten una gran cantidad de candidatos. \u00abY si eso pasa, se generar\u00e1 una mucho menor preponderancia de las candidaturas independientes\u00bb, dice Morales.<\/p>\n<p style=\"text-align: justify;\">Por su parte, Cox explica que \u00ablo m\u00e1s l\u00f3gico ser\u00eda que en las parlamentarias pase algo similar a lo que pas\u00f3 en las elecciones de concejales\u00bb.<\/p>\n<h5 style=\"text-align: justify;\">Falsos independientes<\/h5>\n<p style=\"text-align: justify;\">Para Eugenio Guzm\u00e1n, decano de la Facultad de Gobierno de la <span class=\"highlight\">Universidad<\/span> <span class=\"highlight\">del<\/span> <span class=\"highlight\">Desarrollo<\/span>, el triunfo de los candidatos independientes en las elecciones del domingo pasado no representa un fen\u00f3meno real, porque buena parte de quienes se presentaron como tales \u00abno son realmente independientes\u00bb.<\/p>\n<p style=\"text-align: justify;\">De hecho, seg\u00fan los c\u00e1lculos de la facultad que dirige, 129 de los candidatos fuera de pacto que se presentaron a la elecci\u00f3n de alcaldes han participado en un pacto o movimiento pol\u00edtico en otras elecciones, cifra equivalente a un 41% de las candidaturas independientes presentadas.<\/p>\n<p style=\"text-align: justify;\">\u00abEl fen\u00f3meno de las victorias de los independientes no es tal, puesto que para hacer un buen an\u00e1lisis hay que sacar de la ecuaci\u00f3n a aquellos candidatos que no son independientes reales.\u00a0Y resulta que haciendo ese ejercicio, el porcentaje bajar\u00eda mucho\u00bb, explica Guzm\u00e1n.<\/p>\n<p style=\"text-align: justify;\">Aun as\u00ed, pese a sus ra\u00edces ideol\u00f3gicas, muchos candidatos hoy prefieren ser independientes que militantes, a la hora de afrontar una elecci\u00f3n.<\/p>\n<p style=\"text-align: justify;\"><a href=\"http:\/\/gobierno.udd.cl\/cpp\/files\/2016\/11\/2016-10-30_impresa.elmercurio.com_MERSTRE020RR3010_1100.png\" rel=\"attachment wp-att-2319\"><img loading=\"lazy\" decoding=\"async\" class=\"size-medium wp-image-2319 aligncenter\" src=\"http:\/\/gobierno.udd.cl\/cpp\/files\/2016\/11\/2016-10-30_impresa.elmercurio.com_MERSTRE020RR3010_1100-160x300.png\" alt=\"2016-10-30_impresa.elmercurio.com_MERSTRE020RR3010_1100\" width=\"160\" height=\"300\" srcset=\"https:\/\/gobierno.udd.cl\/cpp\/files\/2016\/11\/2016-10-30_impresa.elmercurio.com_MERSTRE020RR3010_1100-160x300.png 160w, https:\/\/gobierno.udd.cl\/cpp\/files\/2016\/11\/2016-10-30_impresa.elmercurio.com_MERSTRE020RR3010_1100-768x1443.png 768w, https:\/\/gobierno.udd.cl\/cpp\/files\/2016\/11\/2016-10-30_impresa.elmercurio.com_MERSTRE020RR3010_1100-545x1024.png 545w, https:\/\/gobierno.udd.cl\/cpp\/files\/2016\/11\/2016-10-30_impresa.elmercurio.com_MERSTRE020RR3010_1100-511x960.png 511w, https:\/\/gobierno.udd.cl\/cpp\/files\/2016\/11\/2016-10-30_impresa.elmercurio.com_MERSTRE020RR3010_1100.png 1192w\" sizes=\"auto, (max-width: 160px) 100vw, 160px\" \/><\/a><\/p>\n","protected":false},"excerpt":{"rendered":"<p>Expertos consultados por \u00abEl Mercurio\u00bb aseveran que los 52 alcaldes independientes electos son reflejo de un castigo del electorado a casos concretos, y no parte de un fen\u00f3meno generalizado. La prueba ser\u00eda la magra votaci\u00f3n que obtuvieron en concejales, hecho que augura un futuro complejo para los que no forman parte de un pacto, pues es el mismo sistema electoral que se utilizar\u00e1 para los comicios de congresistas del pr\u00f3ximo a\u00f1o. Mat\u00edas Bakit R.<\/p>\n","protected":false},"author":22,"featured_media":893,"comment_status":"open","ping_status":"open","sticky":false,"template":"","format":"standard","meta":{"footnotes":""},"categories":[10162],"tags":[],"class_list":["post-2318","post","type-post","status-publish","format-standard","has-post-thumbnail","hentry","category-centro-en-la-prensa"],"featured_image_url":"https:\/\/gobierno.udd.cl\/cpp\/files\/2015\/05\/udd_cpp_prensa_340.png","_links":{"self":[{"href":"https:\/\/gobierno.udd.cl\/cpp\/wp-json\/wp\/v2\/posts\/2318","targetHints":{"allow":["GET"]}}],"collection":[{"href":"https:\/\/gobierno.udd.cl\/cpp\/wp-json\/wp\/v2\/posts"}],"about":[{"href":"https:\/\/gobierno.udd.cl\/cpp\/wp-json\/wp\/v2\/types\/post"}],"author":[{"embeddable":true,"href":"https:\/\/gobierno.udd.cl\/cpp\/wp-json\/wp\/v2\/users\/22"}],"replies":[{"embeddable":true,"href":"https:\/\/gobierno.udd.cl\/cpp\/wp-json\/wp\/v2\/comments?post=2318"}],"version-history":[{"count":2,"href":"https:\/\/gobierno.udd.cl\/cpp\/wp-json\/wp\/v2\/posts\/2318\/revisions"}],"predecessor-version":[{"id":2321,"href":"https:\/\/gobierno.udd.cl\/cpp\/wp-json\/wp\/v2\/posts\/2318\/revisions\/2321"}],"wp:featuredmedia":[{"embeddable":true,"href":"https:\/\/gobierno.udd.cl\/cpp\/wp-json\/wp\/v2\/media\/893"}],"wp:attachment":[{"href":"https:\/\/gobierno.udd.cl\/cpp\/wp-json\/wp\/v2\/media?parent=2318"}],"wp:term":[{"taxonomy":"category","embeddable":true,"href":"https:\/\/gobierno.udd.cl\/cpp\/wp-json\/wp\/v2\/categories?post=2318"},{"taxonomy":"post_tag","embeddable":true,"href":"https:\/\/gobierno.udd.cl\/cpp\/wp-json\/wp\/v2\/tags?post=2318"}],"curies":[{"name":"wp","href":"https:\/\/api.w.org\/{rel}","templated":true}]}}