{"id":2315,"date":"2016-11-06T18:44:38","date_gmt":"2016-11-06T21:44:38","guid":{"rendered":"http:\/\/gobierno.udd.cl\/cpp\/?p=2315"},"modified":"2016-11-06T18:44:38","modified_gmt":"2016-11-06T21:44:38","slug":"proyeccion-senatorial-udd-nueva-mayoria-obtendria-12-escanos-y-chile-vamos-11-el-mercurio","status":"publish","type":"post","link":"https:\/\/gobierno.udd.cl\/cpp\/noticias\/2016\/11\/06\/proyeccion-senatorial-udd-nueva-mayoria-obtendria-12-escanos-y-chile-vamos-11-el-mercurio\/","title":{"rendered":"Proyecci\u00f3n senatorial UDD: Nueva Mayor\u00eda obtendr\u00eda 12 esca\u00f1os y Chile Vamos 11 &#8211; El Mercurio"},"content":{"rendered":"<p style=\"text-align: justify;\">La conformaci\u00f3n del nuevo Senado simularon los acad\u00e9micos de la <span class=\"highlight\">Universidad<\/span> <span class=\"highlight\">del<\/span> <span class=\"highlight\">Desarrollo<\/span> (<span class=\"highlight\">UDD<\/span>), Miguel \u00c1ngel Fern\u00e1ndez y Eugenio Guzm\u00e1n. A base de los resultados de la elecci\u00f3n de concejales del pasado domingo, determinaron la cantidad de parlamentarios que deber\u00edan obtener Chile Vamos y la Nueva Mayor\u00eda en la elecci\u00f3n de las regiones impares del pr\u00f3ximo a\u00f1o.<\/p>\n<p style=\"text-align: justify;\">Los autores se\u00f1alan que si bien ambos tipos de elecciones difieren \u00aben muchos aspectos\u00bb, el ejercicio permite a los diversos actores comprender qu\u00e9 direcciones est\u00e1 siguiendo el electorado. En los \u00faltimos 12 a\u00f1os, dicen, se ha estado expresando \u00abun fen\u00f3meno muy particular, que mostrar\u00eda que los movimientos electorales, es decir, los cambios en los patrones de elecci\u00f3n en unas elecciones (las municipales) se expresan de forma semejante en las parlamentarias\u00bb.<\/p>\n<p style=\"text-align: justify;\">De esta forma, el mejor o peor rendimiento de una coalici\u00f3n en la elecci\u00f3n municipal se expresa luego en la parlamentaria del a\u00f1o siguiente.<\/p>\n<p style=\"text-align: justify;\">Bajo esta l\u00f3gica, los acad\u00e9micos concluyeron que, de los 23 esca\u00f1os en disputa para el Senado en 2017, el oficialismo lograr\u00eda 12, versus 11 del bloque opositor. Seg\u00fan los datos obtenidos, en Arica, Tarapac\u00e1, Atacama y Ays\u00e9n, ambos conglomerados empatar\u00edan, con un senador cada uno. En cambio, en Valpara\u00edso y La Araucan\u00eda, la Nueva Mayor\u00eda ganar\u00eda con tres parlamentarios frente a dos de Chile Vamos. Solo en Maule esa misma proporci\u00f3n se invertir\u00eda en favor de la oposici\u00f3n.<\/p>\n<p style=\"text-align: justify;\">Al comparar esta simulaci\u00f3n con los resultados de la elecci\u00f3n parlamentaria de 2013, Fern\u00e1ndez y Guzm\u00e1n afirman que, de cumplirse la proyecci\u00f3n, existir\u00eda un aumento de 7% en los senadores electos del bloque opositor. Es decir, pasar\u00edan de un 41% a un 48%. Sin embargo, en el texto se advierte que el actual senador independiente Antonio Horvath (ex RN), por ser incumbente, podr\u00eda mantener su puesto en la C\u00e1mara Alta, perjudicando a Chile Vamos.<\/p>\n<p style=\"text-align: justify;\">A partir de 2018, la C\u00e1mara Alta estar\u00e1 conformada por los 20 senadores electos en 2013 bajo el sistema binominal y los 23 electos en 2017 que debutan con el nuevo r\u00e9gimen.<\/p>\n<p style=\"text-align: justify;\">En el nuevo escenario, con la proyecci\u00f3n de los votos de concejales obtenidos el pasado domingo, la Nueva Mayor\u00eda seguir\u00eda primando en el Senado, manteniendo la brecha de cuatro esca\u00f1os con Chile Vamos.<\/p>\n<p style=\"text-align: justify;\">El bloque opositor pasar\u00eda de contar con 17 senadores a 20 (45%), mientras que el oficialismo subir\u00eda de 21 a 24 (53%). Fuera de dichos conglomerados, quedar\u00eda un solo senador (2,2%).<\/p>\n<h6><b>Patr\u00f3n<br \/>\nEl estudio concluye que el patr\u00f3n de la elecci\u00f3n municipal se repetir\u00eda en la parlamentaria.<\/b><\/h6>\n<h6>43:\u00a0<b>senadores\u00a0<\/b><b>en ejercicio\u00a0<\/b> habr\u00e1 a contar del 11 de marzo de 2018.<\/h6>\n<h6>7:\u00a0<b>regiones renuevan \u00a0<\/b>sus representantes en la C\u00e1mara Alta.<\/h6>\n<p><a href=\"http:\/\/gobierno.udd.cl\/cpp\/files\/2016\/11\/2016-10-31_impresa.elmercurio.com_MERSTNA002CC3110_1100.png\" rel=\"attachment wp-att-2316\"><img loading=\"lazy\" decoding=\"async\" class=\"size-medium wp-image-2316 aligncenter\" src=\"http:\/\/gobierno.udd.cl\/cpp\/files\/2016\/11\/2016-10-31_impresa.elmercurio.com_MERSTNA002CC3110_1100-160x300.png\" alt=\"2016-10-31_impresa.elmercurio.com_MERSTNA002CC3110_1100\" width=\"160\" height=\"300\" srcset=\"https:\/\/gobierno.udd.cl\/cpp\/files\/2016\/11\/2016-10-31_impresa.elmercurio.com_MERSTNA002CC3110_1100-160x300.png 160w, https:\/\/gobierno.udd.cl\/cpp\/files\/2016\/11\/2016-10-31_impresa.elmercurio.com_MERSTNA002CC3110_1100-768x1443.png 768w, https:\/\/gobierno.udd.cl\/cpp\/files\/2016\/11\/2016-10-31_impresa.elmercurio.com_MERSTNA002CC3110_1100-545x1024.png 545w, https:\/\/gobierno.udd.cl\/cpp\/files\/2016\/11\/2016-10-31_impresa.elmercurio.com_MERSTNA002CC3110_1100-511x960.png 511w, https:\/\/gobierno.udd.cl\/cpp\/files\/2016\/11\/2016-10-31_impresa.elmercurio.com_MERSTNA002CC3110_1100.png 1192w\" sizes=\"auto, (max-width: 160px) 100vw, 160px\" \/><\/a><\/p>\n","protected":false},"excerpt":{"rendered":"<p>Al usar la distribuci\u00f3n de votos obtenida en concejales, se infiere que el pr\u00f3ximo hemiciclo quedar\u00eda con un 53% de senadores oficialistas y 45% de la actual oposici\u00f3n.<\/p>\n","protected":false},"author":22,"featured_media":893,"comment_status":"open","ping_status":"open","sticky":false,"template":"","format":"standard","meta":{"footnotes":""},"categories":[10162],"tags":[],"class_list":["post-2315","post","type-post","status-publish","format-standard","has-post-thumbnail","hentry","category-centro-en-la-prensa"],"featured_image_url":"https:\/\/gobierno.udd.cl\/cpp\/files\/2015\/05\/udd_cpp_prensa_340.png","_links":{"self":[{"href":"https:\/\/gobierno.udd.cl\/cpp\/wp-json\/wp\/v2\/posts\/2315","targetHints":{"allow":["GET"]}}],"collection":[{"href":"https:\/\/gobierno.udd.cl\/cpp\/wp-json\/wp\/v2\/posts"}],"about":[{"href":"https:\/\/gobierno.udd.cl\/cpp\/wp-json\/wp\/v2\/types\/post"}],"author":[{"embeddable":true,"href":"https:\/\/gobierno.udd.cl\/cpp\/wp-json\/wp\/v2\/users\/22"}],"replies":[{"embeddable":true,"href":"https:\/\/gobierno.udd.cl\/cpp\/wp-json\/wp\/v2\/comments?post=2315"}],"version-history":[{"count":1,"href":"https:\/\/gobierno.udd.cl\/cpp\/wp-json\/wp\/v2\/posts\/2315\/revisions"}],"predecessor-version":[{"id":2317,"href":"https:\/\/gobierno.udd.cl\/cpp\/wp-json\/wp\/v2\/posts\/2315\/revisions\/2317"}],"wp:featuredmedia":[{"embeddable":true,"href":"https:\/\/gobierno.udd.cl\/cpp\/wp-json\/wp\/v2\/media\/893"}],"wp:attachment":[{"href":"https:\/\/gobierno.udd.cl\/cpp\/wp-json\/wp\/v2\/media?parent=2315"}],"wp:term":[{"taxonomy":"category","embeddable":true,"href":"https:\/\/gobierno.udd.cl\/cpp\/wp-json\/wp\/v2\/categories?post=2315"},{"taxonomy":"post_tag","embeddable":true,"href":"https:\/\/gobierno.udd.cl\/cpp\/wp-json\/wp\/v2\/tags?post=2315"}],"curies":[{"name":"wp","href":"https:\/\/api.w.org\/{rel}","templated":true}]}}