{"id":2288,"date":"2016-10-24T23:16:35","date_gmt":"2016-10-25T02:16:35","guid":{"rendered":"http:\/\/gobierno.udd.cl\/cpp\/?p=2288"},"modified":"2016-10-24T23:19:46","modified_gmt":"2016-10-25T02:19:46","slug":"abstencion-alcanza-nivel-historico-de-6505-y-se-convierte-en-principal-opcion-politica-del-pais-el-mercurio","status":"publish","type":"post","link":"https:\/\/gobierno.udd.cl\/cpp\/noticias\/2016\/10\/24\/abstencion-alcanza-nivel-historico-de-6505-y-se-convierte-en-principal-opcion-politica-del-pais-el-mercurio\/","title":{"rendered":"Abstenci\u00f3n alcanza nivel hist\u00f3rico de 65,05% y se convierte en principal opci\u00f3n pol\u00edtica del pa\u00eds &#8211; El Mercurio"},"content":{"rendered":"<p style=\"text-align: justify;\">La gran pregunta de estas elecciones era cu\u00e1nta gente ir\u00eda a votar. La crisis de representaci\u00f3n pol\u00edtica, el error en el padr\u00f3n y la baja participaci\u00f3n que en general concitan las elecciones municipales hicieron que los pron\u00f3sticos de abstenci\u00f3n fueran cercanos al 60%, un nivel similar al de las municipales de 2012.<\/p>\n<p style=\"text-align: justify;\">Sin embargo, cerca de las 9:00 de la noche, con m\u00e1s del 90% de las mesas escrutadas, se confirm\u00f3 uno de los peores temores: solo el 34,95% de los votantes ejerci\u00f3 su derecho a sufragio (4.929.957 personas de las 14.121.316 habilitadas para votar) y la abstenci\u00f3n alcanz\u00f3 un hist\u00f3rico 65%.<\/p>\n<p style=\"text-align: justify;\">En las municipales de 2012, la abstenci\u00f3n fue de 56,8%, lo que significa que en cuatro a\u00f1os \u00abdesaparecieron\u00bb 860.094 votos.<\/p>\n<p style=\"text-align: justify;\">Las regiones donde hubo mayores niveles de abstenci\u00f3n son Antofagasta (71,3%), Metropolitana (70,3%) y Magallanes (69,9%); mientras que las que tuvieron menor ausentismo fueron Maule (54,6%), O&#8217;Higgins (55,5%) y Biob\u00edo (58,7%).<\/p>\n<p style=\"text-align: justify;\">A nivel pa\u00eds, las comunas con m\u00e1s abstenci\u00f3n fueron La Granja (78,7%), La Pintana (78,7%) y Santiago (77,6%); mientras que donde menos hubo fue en Trehuaco (24,3%), Vichuqu\u00e9n (24,4%) y Cobquecura (24,8%).<\/p>\n<p style=\"text-align: justify;\">Baja participaci\u00f3n en comunas urbano-populares<\/p>\n<p style=\"text-align: justify;\">Para Eugenio Guzm\u00e1n, decano de la Facultad de Gobierno de la Universidad del Desarrollo, esto muestra un fen\u00f3meno que se ha ido incrementando. \u00abLa gran discusi\u00f3n es si volvemos o no al voto obligatorio, pero ser\u00eda bastante oportunista. La gente que no vot\u00f3 tiene muchas razones para no haberlo hecho, pero si intentamos volver a reponer el voto obligatorio despu\u00e9s de estos resultados ser\u00eda un retroceso en credibilidad para toda la clase pol\u00edtica\u00bb, asegura.<\/p>\n<p style=\"text-align: justify;\">Mauricio Morales, experto electoral de la Universidad Diego Portales, sostiene que estos resultados de participaci\u00f3n comprueban la existencia de un sesgo de clase, ya que en comunas urbano-populares, como La Pintana, se registr\u00f3 baja participaci\u00f3n, con solo un 21%. Mientras, en Lo Barnechea la participaci\u00f3n fue de 42,28%. \u00abEs decir, nuevamente los pobres no fueron a votar\u00bb.<\/p>\n<p style=\"text-align: justify;\">Al igual que Guzm\u00e1n, sostiene que volver a la discusi\u00f3n de reponer el sufragio obligatorio solo provocar\u00eda \u00abmayor desafecci\u00f3n en los votantes y dejar\u00eda abierta la puerta al populismo\u00bb. Y agrega que factores que pudieron haber influido en la baja votaci\u00f3n fueron la desinformaci\u00f3n que trajo consigo el nuevo sistema de propaganda electoral y el alto volumen de candidatos en competencia.<\/p>\n<p style=\"text-align: justify;\">Para Ernesto San Mart\u00edn, acad\u00e9mico de la Facultad de Matem\u00e1ticas de la Universidad Cat\u00f3lica, los resultados son un llamado de atenci\u00f3n respecto de cu\u00e1ntos son finalmente los electores que permiten que un candidato resulte ganador. \u00abEn Valpara\u00edso votaron solo 88.154 ciudadanos, lo que representa el 31,02% de los habilitados. Es importante esto al analizar la victoria electoral de Jorge Sharp, como la irrupci\u00f3n de una nueva fuerza pol\u00edtica por ejemplo, ya que hubo un 68,98% de ciudadanos que no ejercieron su derecho a voto\u00bb.<\/p>\n<p style=\"text-align: justify;\">De las m\u00e1s altas del mundo<\/p>\n<p style=\"text-align: justify;\">Los niveles de abstenci\u00f3n a nivel mundial en elecciones municipales han sido menos estudiados que los de parlamentarias o presidenciales, por lo que no se cuenta con n\u00fameros que permitan afirmar con certeza cu\u00e1l es el pa\u00eds que tiene la mayor abstenci\u00f3n.<\/p>\n<p style=\"text-align: justify;\">Sin embargo, diversos estudios de caso muestran que Chile estar\u00eda ahora en el grupo de pa\u00edses con mayor abstenci\u00f3n en el planeta. Dentro de los casos registrados est\u00e1 Costa Rica, donde hubo municipales en febrero de este a\u00f1o y la abstenci\u00f3n alcanz\u00f3 el 65%. De los 3,2 millones de inscritos en el padr\u00f3n electoral, solo sufrag\u00f3 cerca de un mill\u00f3n de personas. Sin embargo, a diferencia del caso chileno, donde la abstenci\u00f3n va en alza, para los costarricenses el 65% represent\u00f3 una buena noticia, ya que en sus anteriores comicios municipales, en 2010, hubo una abstenci\u00f3n de 72%.<\/p>\n<p style=\"text-align: justify;\">Otros casos de alta abstenci\u00f3n en municipales son Francia (50% en 2015), Portugal (47% en 2013) y Espa\u00f1a (45% en 2015). Mientras que naciones con alto nivel de desarrollo como Suecia y Dinamarca muestran bajos niveles de abstenci\u00f3n, que no superan el 20%.<\/p>\n<p style=\"text-align: justify;\">\u00bbNo se trata de una simple expresi\u00f3n de desinter\u00e9s: es derechamente una molestia, un malestar por la falta de probidad, por la falta de renovaci\u00f3n de los liderazgos y por la pobreza de las ideas que se proponen al pa\u00eds, y es un malestar que crece\u00bb.<\/p>\n<p style=\"text-align: justify;\">PRESIDENTA MICHELLE BACHELET<\/p>\n<p style=\"text-align: justify;\">\u00bbNo podemos desconocer lo que las urnas nos han dicho, todos hemos sido castigados con esta abstenci\u00f3n\u00bb.<\/p>\n<p style=\"text-align: justify;\">EX PRESIDENTE RICARDO LAGOS<\/p>\n<p style=\"text-align: justify;\">\u00bbOjal\u00e1 los que no fueron a votar lo hagan la pr\u00f3xima vez y as\u00ed cumplan con su deber, con su pa\u00eds y con su gente, su voz sea escuchada y podamos rejuvenecer nuestra democracia\u00bb.<\/p>\n<p style=\"text-align: justify;\">EX PRESIDENTE SEBASTI\u00c1N PI\u00d1ERA<\/p>\n<p style=\"text-align: justify;\">\u00bbLos momentos que estamos viviendo son extremadamente dram\u00e1ticos. No saquemos cuentas falsas; la gente se qued\u00f3 en su casa, no conf\u00eda en los l\u00edderes. Es una cat\u00e1strofe para la democracia\u00bb.<\/p>\n<p style=\"text-align: justify;\">ALEJANDRO GUILLIER Senador independiente y presidenciable radical<\/p>\n<p style=\"text-align: justify;\">Ver nota en:<\/p>\n<p style=\"text-align: justify;\"><a href=\"http:\/\/www.economiaynegocios.cl\/noticias\/noticias.asp?id=301929\" target=\"_blank\">Econom\u00eda y Negocios &#8211; El Mercurio<\/a><\/p>\n<p style=\"text-align: justify;\">Formato impreso (pinchar la imagen para agrandar)<\/p>\n<p style=\"text-align: justify;\"><a href=\"https:\/\/goo.gl\/KMZ4Cn\" target=\"_blank\" rel=\"attachment wp-att-2289\"><img loading=\"lazy\" decoding=\"async\" class=\"size-medium wp-image-2289 aligncenter\" src=\"http:\/\/gobierno.udd.cl\/cpp\/files\/2016\/10\/el_mercurio_20161024_3-160x300.png\" alt=\"el_mercurio_20161024_3\" width=\"160\" height=\"300\" srcset=\"https:\/\/gobierno.udd.cl\/cpp\/files\/2016\/10\/el_mercurio_20161024_3-160x300.png 160w, https:\/\/gobierno.udd.cl\/cpp\/files\/2016\/10\/el_mercurio_20161024_3-768x1443.png 768w, https:\/\/gobierno.udd.cl\/cpp\/files\/2016\/10\/el_mercurio_20161024_3-545x1024.png 545w, https:\/\/gobierno.udd.cl\/cpp\/files\/2016\/10\/el_mercurio_20161024_3-511x960.png 511w, https:\/\/gobierno.udd.cl\/cpp\/files\/2016\/10\/el_mercurio_20161024_3.png 1192w\" sizes=\"auto, (max-width: 160px) 100vw, 160px\" \/><\/a><\/p>\n","protected":false},"excerpt":{"rendered":"<p>La gran pregunta de estas elecciones era cu\u00e1nta gente ir\u00eda a votar. La crisis de representaci\u00f3n pol\u00edtica, el error en el padr\u00f3n y la baja participaci\u00f3n que en general concitan las elecciones municipales hicieron que los pron\u00f3sticos de abstenci\u00f3n fueran cercanos al 60%, un nivel similar al de las municipales de 2012. Sin embargo, cerca [&hellip;]<\/p>\n","protected":false},"author":22,"featured_media":893,"comment_status":"open","ping_status":"open","sticky":false,"template":"","format":"standard","meta":{"footnotes":""},"categories":[10162],"tags":[],"class_list":["post-2288","post","type-post","status-publish","format-standard","has-post-thumbnail","hentry","category-centro-en-la-prensa"],"featured_image_url":"https:\/\/gobierno.udd.cl\/cpp\/files\/2015\/05\/udd_cpp_prensa_340.png","_links":{"self":[{"href":"https:\/\/gobierno.udd.cl\/cpp\/wp-json\/wp\/v2\/posts\/2288","targetHints":{"allow":["GET"]}}],"collection":[{"href":"https:\/\/gobierno.udd.cl\/cpp\/wp-json\/wp\/v2\/posts"}],"about":[{"href":"https:\/\/gobierno.udd.cl\/cpp\/wp-json\/wp\/v2\/types\/post"}],"author":[{"embeddable":true,"href":"https:\/\/gobierno.udd.cl\/cpp\/wp-json\/wp\/v2\/users\/22"}],"replies":[{"embeddable":true,"href":"https:\/\/gobierno.udd.cl\/cpp\/wp-json\/wp\/v2\/comments?post=2288"}],"version-history":[{"count":4,"href":"https:\/\/gobierno.udd.cl\/cpp\/wp-json\/wp\/v2\/posts\/2288\/revisions"}],"predecessor-version":[{"id":2291,"href":"https:\/\/gobierno.udd.cl\/cpp\/wp-json\/wp\/v2\/posts\/2288\/revisions\/2291"}],"wp:featuredmedia":[{"embeddable":true,"href":"https:\/\/gobierno.udd.cl\/cpp\/wp-json\/wp\/v2\/media\/893"}],"wp:attachment":[{"href":"https:\/\/gobierno.udd.cl\/cpp\/wp-json\/wp\/v2\/media?parent=2288"}],"wp:term":[{"taxonomy":"category","embeddable":true,"href":"https:\/\/gobierno.udd.cl\/cpp\/wp-json\/wp\/v2\/categories?post=2288"},{"taxonomy":"post_tag","embeddable":true,"href":"https:\/\/gobierno.udd.cl\/cpp\/wp-json\/wp\/v2\/tags?post=2288"}],"curies":[{"name":"wp","href":"https:\/\/api.w.org\/{rel}","templated":true}]}}