{"id":2285,"date":"2016-10-24T23:10:35","date_gmt":"2016-10-25T02:10:35","guid":{"rendered":"http:\/\/gobierno.udd.cl\/cpp\/?p=2285"},"modified":"2016-10-24T23:10:55","modified_gmt":"2016-10-25T02:10:55","slug":"ex-subsecretarios-entre-las-mas-altas-votaciones-para-concejos-municipales-el-mercurio","status":"publish","type":"post","link":"https:\/\/gobierno.udd.cl\/cpp\/noticias\/2016\/10\/24\/ex-subsecretarios-entre-las-mas-altas-votaciones-para-concejos-municipales-el-mercurio\/","title":{"rendered":"Ex subsecretarios entre las m\u00e1s altas votaciones para concejos municipales &#8211; El Mercurio"},"content":{"rendered":"<p style=\"text-align: justify;\">En medio de la pol\u00e9mica por el error en el padr\u00f3n electoral, que afect\u00f3 a casi 500 mil personas, se realizaron ayer las elecciones municipales.<\/p>\n<p style=\"text-align: justify;\">Es el segundo proceso bajo la f\u00f3rmula de voto voluntario y tuvo un aumento en el n\u00famero de concejales, debido al crecimiento de la poblaci\u00f3n mayor de edad en algunas comunas.<\/p>\n<p style=\"text-align: justify;\">Un total de 13.323 candidatos compitieron por 2.240 cupos en 346 municipios del pa\u00eds.<\/p>\n<p style=\"text-align: justify;\">Esta es una cifra r\u00e9cord si se considera que hace cuatro a\u00f1os hubo un total de 9.898 candidatos inscritos.<\/p>\n<p style=\"text-align: justify;\">Seg\u00fan un estudio del Centro de Pol\u00edticas P\u00fablicas de la Universidad del Desarrollo (UDD), el 64% de ellos buscaba la reelecci\u00f3n, es decir, 1.436 de los 2.224 concejales en ejercicio.<\/p>\n<p style=\"text-align: justify;\">Pasadas las 19:30 horas comenzaron a conocerse los primeros resultados y alrededor de las 23:30 horas, con m\u00e1s del 97% de las mesas escrutadas, los m\u00e1s votados aparecieron con mayor certeza.<\/p>\n<p style=\"text-align: justify;\">Manuel Jos\u00e9 Monckeberg (Providencia, RN), Crist\u00f3bal Lira (Lo Barnechea; independiente, en lista UDI) y Julio Dittborn Cordua (Las Condes, UDI) registraban 9.424 votos (16,61%); 4.511 (15,73%), y 10.433 (12,59%), respectivamente.<\/p>\n<p style=\"text-align: justify;\">Todos ellos son la primera mayor\u00eda en sus comunas.<\/p>\n<p style=\"text-align: justify;\">Lo particular es que tanto Lira como Dittborn son ex subsecretarios del gobierno de ex Presidente Sebasti\u00e1n Pi\u00f1era: el primero de Prevenci\u00f3n del Delito y el segundo, de Hacienda.<\/p>\n<p style=\"text-align: justify;\">Las cifras de Las Condes correspond\u00edan a 728 mesas escrutadas de un total de 737 (98,78%).<\/p>\n<p style=\"text-align: justify;\">Y en Lo Barnechea, con el 100% de los votos contabilizados: 210 mesas.<\/p>\n<p style=\"text-align: justify;\">Tambi\u00e9n marcaba una alta aprobaci\u00f3n el doctor Monckeberg Balmaceda (RN), quien actualmente es concejal por Providencia y se estaba repostulando, con 487 mesas de 493 escrutadas, un total de 98,78%.<\/p>\n<p style=\"text-align: justify;\">Santiago, en tanto, era liderado por Carolina Jes\u00fas Lav\u00edn Aliaga (UDI) con 5.242 sufragios (8,72%), cuando ya se contaba con informaci\u00f3n del 99,22% de las mesas (892 de 899).<\/p>\n<p style=\"text-align: justify;\">Por ley, quienes resulten elegidos -al igual que los alcaldes- permanecer\u00e1n cuatro a\u00f1os en el cargo y podr\u00e1n presentarse a la reelecci\u00f3n de manera indefinida.<\/p>\n<p style=\"text-align: justify;\">En regiones, un ex futbolista<\/p>\n<p style=\"text-align: justify;\">En regiones tambi\u00e9n hubo altas votaciones.<\/p>\n<p style=\"text-align: justify;\">En Valpara\u00edso la tuvo el abogado y actual concejal por esa comuna, Carlos Bannen, quien contabiliz\u00f3 5.064 votos (6,59%) con el 97,19% de las 830 mesas escrutadas.<\/p>\n<p style=\"text-align: justify;\">En el municipio vecino, de Vi\u00f1a del Mar, lider\u00f3 los sufragios el Ind.<\/p>\n<p style=\"text-align: justify;\">Gabriel \u00abCoca\u00bb Mendoza Ibarra, ex jugador de Colo Colo y quien particip\u00f3 en el reality \u00abLa Granja Vip\u00bb.<\/p>\n<p style=\"text-align: justify;\">Obtuvo 5.234 votos (7,42%) cuando ya se contaba con la informaci\u00f3n del 98,67% de las mesas.<\/p>\n<p style=\"text-align: justify;\">M\u00e1s al sur, en Concepci\u00f3n la m\u00e1s alta votaci\u00f3n la consigui\u00f3 la cirujano dentista Fabiola Troncoso Alvarado (DC), actual concejal y quien consigui\u00f3 3.747 votos (7,58%), con un 98,12% de las mesas escrutadas.<\/p>\n<p style=\"text-align: justify;\">M\u00e1s de 300 votos para un fallecido<\/p>\n<p style=\"text-align: justify;\">Una de las situaciones extra\u00f1as que surgi\u00f3 en la elecci\u00f3n de concejales fue el apoyo que recibi\u00f3 un candidato fallecido en las \u00faltimas semanas.<\/p>\n<p style=\"text-align: justify;\">Se trata de Guido Palominos Lizama (independiente en Pacto Chile Vamos UDI), quien postulaba por Maip\u00fa, y pese a haber muerto de un infarto, apareci\u00f3 en la papeleta.<\/p>\n<p style=\"text-align: justify;\">Obten\u00eda, seg\u00fan el portal del Servel, 406 votos (0,48%) cuando se ten\u00eda informaci\u00f3n sobre 92,81% de las mesas de la comuna.<\/p>\n<p style=\"text-align: justify;\">M\u00e1s candidatos y una semana antes<\/p>\n<p style=\"text-align: justify;\">Dos elementos fueron distintos a la \u00faltima elecci\u00f3n de 2012.<\/p>\n<p style=\"text-align: justify;\">Aument\u00f3 el n\u00famero de candidatos a concejales, en relaci\u00f3n con el proceso anterior, producto de un mayor n\u00famero de votantes en ciertas comunas.<\/p>\n<p style=\"text-align: justify;\">A los 17 municipios que hace cuatro a\u00f1os eligieron 10 concejales (Vi\u00f1a del Mar, La Florida, Valpara\u00edso, Maip\u00fa, Puente Alto, Arica, Antofagasta, Las Condes, Temuco, San Bernardo, Santiago, \u00d1u\u00f1oa, Rancagua, Talca, Pe\u00f1alol\u00e9n, Puerto Montt y Concepci\u00f3n) ahora se sumaron otras cinco, dado que sobrepasaron los 150 mil inscritos.<\/p>\n<p style=\"text-align: justify;\">Entre las nuevas comunas en esta categor\u00eda est\u00e1n Iquique, Providencia, La Serena, Pudahuel y Los \u00c1ngeles.<\/p>\n<p style=\"text-align: justify;\">Algunos usuarios de Twitter de estas \u00faltimas comunas resintieron el aumento y bromearon, refiri\u00e9ndose a la papeleta de concejales como una \u00abverdadera s\u00e1bana\u00bb o que era necesario un \u00abtutorial para (poder) doblarla\u00bb.<\/p>\n<p style=\"text-align: justify;\">En el resto del pa\u00eds se vot\u00f3 por ocho o seis integrantes para el concejo, seg\u00fan el n\u00famero de electores inscritos: de 70 a 150 mil votantes o menos de 70 mil, respectivamente.<\/p>\n<p style=\"text-align: justify;\">Este a\u00f1o, adem\u00e1s, las elecciones fueron una semana antes que en 2012, pas\u00e1ndose del 30 al 23 de octubre, luego que se aprobara en septiembre de 2015 una modificaci\u00f3n legal para evitar una alta abstenci\u00f3n.<\/p>\n<p style=\"text-align: justify;\">Ello, porque la fecha original coincid\u00eda con un feriado largo (un fin de semana m\u00e1s el 31 de octubre, D\u00eda de las Iglesias Evang\u00e9licas y Protestantes, y el 1 de noviembre, D\u00eda de Todos los Santos).<\/p>\n<p style=\"text-align: justify;\"><a href=\"https:\/\/goo.gl\/j3omeK\" target=\"_blank\" rel=\"attachment wp-att-2286\"><img loading=\"lazy\" decoding=\"async\" class=\"size-medium wp-image-2286 aligncenter\" src=\"http:\/\/gobierno.udd.cl\/cpp\/files\/2016\/10\/el_mercurio_20161024_2-160x300.png\" alt=\"el_mercurio_20161024_2\" width=\"160\" height=\"300\" srcset=\"https:\/\/gobierno.udd.cl\/cpp\/files\/2016\/10\/el_mercurio_20161024_2-160x300.png 160w, https:\/\/gobierno.udd.cl\/cpp\/files\/2016\/10\/el_mercurio_20161024_2-768x1443.png 768w, https:\/\/gobierno.udd.cl\/cpp\/files\/2016\/10\/el_mercurio_20161024_2-545x1024.png 545w, https:\/\/gobierno.udd.cl\/cpp\/files\/2016\/10\/el_mercurio_20161024_2-511x960.png 511w, https:\/\/gobierno.udd.cl\/cpp\/files\/2016\/10\/el_mercurio_20161024_2.png 1192w\" sizes=\"auto, (max-width: 160px) 100vw, 160px\" \/><\/a><\/p>\n","protected":false},"excerpt":{"rendered":"<p>En medio de la pol\u00e9mica por el error en el padr\u00f3n electoral, que afect\u00f3 a casi 500 mil personas, se realizaron ayer las elecciones municipales. Es el segundo proceso bajo la f\u00f3rmula de voto voluntario y tuvo un aumento en el n\u00famero de concejales, debido al crecimiento de la poblaci\u00f3n mayor de edad en algunas [&hellip;]<\/p>\n","protected":false},"author":22,"featured_media":893,"comment_status":"open","ping_status":"open","sticky":false,"template":"","format":"standard","meta":{"footnotes":""},"categories":[10162],"tags":[],"class_list":["post-2285","post","type-post","status-publish","format-standard","has-post-thumbnail","hentry","category-centro-en-la-prensa"],"featured_image_url":"https:\/\/gobierno.udd.cl\/cpp\/files\/2015\/05\/udd_cpp_prensa_340.png","_links":{"self":[{"href":"https:\/\/gobierno.udd.cl\/cpp\/wp-json\/wp\/v2\/posts\/2285","targetHints":{"allow":["GET"]}}],"collection":[{"href":"https:\/\/gobierno.udd.cl\/cpp\/wp-json\/wp\/v2\/posts"}],"about":[{"href":"https:\/\/gobierno.udd.cl\/cpp\/wp-json\/wp\/v2\/types\/post"}],"author":[{"embeddable":true,"href":"https:\/\/gobierno.udd.cl\/cpp\/wp-json\/wp\/v2\/users\/22"}],"replies":[{"embeddable":true,"href":"https:\/\/gobierno.udd.cl\/cpp\/wp-json\/wp\/v2\/comments?post=2285"}],"version-history":[{"count":1,"href":"https:\/\/gobierno.udd.cl\/cpp\/wp-json\/wp\/v2\/posts\/2285\/revisions"}],"predecessor-version":[{"id":2287,"href":"https:\/\/gobierno.udd.cl\/cpp\/wp-json\/wp\/v2\/posts\/2285\/revisions\/2287"}],"wp:featuredmedia":[{"embeddable":true,"href":"https:\/\/gobierno.udd.cl\/cpp\/wp-json\/wp\/v2\/media\/893"}],"wp:attachment":[{"href":"https:\/\/gobierno.udd.cl\/cpp\/wp-json\/wp\/v2\/media?parent=2285"}],"wp:term":[{"taxonomy":"category","embeddable":true,"href":"https:\/\/gobierno.udd.cl\/cpp\/wp-json\/wp\/v2\/categories?post=2285"},{"taxonomy":"post_tag","embeddable":true,"href":"https:\/\/gobierno.udd.cl\/cpp\/wp-json\/wp\/v2\/tags?post=2285"}],"curies":[{"name":"wp","href":"https:\/\/api.w.org\/{rel}","templated":true}]}}