{"id":228,"date":"2013-06-18T17:48:25","date_gmt":"2013-06-18T21:48:25","guid":{"rendered":"http:\/\/gobierno.udd.cl\/ceipp\/?p=228"},"modified":"2015-01-14T11:39:02","modified_gmt":"2015-01-14T14:39:02","slug":"director-de-posgrado-rodrigo-troncoso-participa-en-nuevo-libro-de-lyd","status":"publish","type":"post","link":"https:\/\/gobierno.udd.cl\/cpp\/noticias\/2013\/06\/18\/director-de-posgrado-rodrigo-troncoso-participa-en-nuevo-libro-de-lyd\/","title":{"rendered":"Director de Postgrado Rodrigo Troncoso participa en nuevo libro de LyD"},"content":{"rendered":"<p style=\"text-align: justify;\"><strong>El libro recuerda el camino que ha recorrido todo el equipo de trabajo que se involucr\u00f3 en el dise\u00f1o del Ingreso \u00c9tico Familiar.<\/strong><\/p>\n<p><strong><a href=\"http:\/\/gobierno.udd.cl\/ceipp\/files\/2013\/06\/descarga.png\"><img loading=\"lazy\" decoding=\"async\" class=\"aligncenter size-full wp-image-229\" title=\"descarga\" alt=\"\" src=\"http:\/\/gobierno.udd.cl\/ceipp\/files\/2013\/06\/descarga.png\" width=\"226\" height=\"163\" srcset=\"https:\/\/gobierno.udd.cl\/cpp\/files\/2013\/06\/descarga.png 226w, https:\/\/gobierno.udd.cl\/cpp\/files\/2013\/06\/descarga-87x62.png 87w, https:\/\/gobierno.udd.cl\/cpp\/files\/2013\/06\/descarga-97x70.png 97w, https:\/\/gobierno.udd.cl\/cpp\/files\/2013\/06\/descarga-223x160.png 223w\" sizes=\"auto, (max-width: 226px) 100vw, 226px\" \/><\/a><br \/>\n<\/strong><\/p>\n<p style=\"text-align: justify;\">Este lunes 17 de junio a las 12:00 horas, Libertad y Desarrollo se lanz\u00f3 el libro \u201cIngreso \u00c9tico Familiar: Innovando en la Lucha contra la Pobreza\u201d. A un a\u00f1o de la creaci\u00f3n de este programa, el texto busca contribuir al debate sobre el impacto de \u00e9ste en el pa\u00eds, realizando una revisi\u00f3n e invitando a la reflexi\u00f3n respecto de los principales aciertos y desaf\u00edos de la pol\u00edtica social.<\/p>\n<p style=\"text-align: justify;\">El libro, fue presentado\u00a0por la subsecretaria de Desarrollo Social, Soledad Arellano, ser\u00e1 presentado en el Centro Cultural Palacio La Moneda.<\/p>\n<div><a href=\"http:\/\/gobierno.udd.cl\/mpp\/noticias\/2013\/06\/18\/director-de-posgrado-rodrigo-troncoso-participa-en-nuevo-libro-de-lyd\/\">LEER M\u00c1S.<\/a><\/div>\n","protected":false},"excerpt":{"rendered":"<p>El libro recuerda el camino que ha recorrido todo el equipo de trabajo que se involucr\u00f3 en el dise\u00f1o del Ingreso \u00c9tico Familiar. Este lunes 17 de junio a las 12:00 horas, Libertad y Desarrollo se lanz\u00f3 el libro \u201cIngreso \u00c9tico Familiar: Innovando en la Lucha contra la Pobreza\u201d. A un a\u00f1o de la creaci\u00f3n [&hellip;]<\/p>\n","protected":false},"author":1,"featured_media":514,"comment_status":"open","ping_status":"open","sticky":false,"template":"","format":"standard","meta":{"footnotes":""},"categories":[4],"tags":[7377,7378],"class_list":["post-228","post","type-post","status-publish","format-standard","has-post-thumbnail","hentry","category-noticias","tag-lyd","tag-rodrigo-troncoso"],"featured_image_url":"https:\/\/gobierno.udd.cl\/cpp\/files\/2013\/06\/Pobreza.jpg","_links":{"self":[{"href":"https:\/\/gobierno.udd.cl\/cpp\/wp-json\/wp\/v2\/posts\/228","targetHints":{"allow":["GET"]}}],"collection":[{"href":"https:\/\/gobierno.udd.cl\/cpp\/wp-json\/wp\/v2\/posts"}],"about":[{"href":"https:\/\/gobierno.udd.cl\/cpp\/wp-json\/wp\/v2\/types\/post"}],"author":[{"embeddable":true,"href":"https:\/\/gobierno.udd.cl\/cpp\/wp-json\/wp\/v2\/users\/1"}],"replies":[{"embeddable":true,"href":"https:\/\/gobierno.udd.cl\/cpp\/wp-json\/wp\/v2\/comments?post=228"}],"version-history":[{"count":7,"href":"https:\/\/gobierno.udd.cl\/cpp\/wp-json\/wp\/v2\/posts\/228\/revisions"}],"predecessor-version":[{"id":513,"href":"https:\/\/gobierno.udd.cl\/cpp\/wp-json\/wp\/v2\/posts\/228\/revisions\/513"}],"wp:featuredmedia":[{"embeddable":true,"href":"https:\/\/gobierno.udd.cl\/cpp\/wp-json\/wp\/v2\/media\/514"}],"wp:attachment":[{"href":"https:\/\/gobierno.udd.cl\/cpp\/wp-json\/wp\/v2\/media?parent=228"}],"wp:term":[{"taxonomy":"category","embeddable":true,"href":"https:\/\/gobierno.udd.cl\/cpp\/wp-json\/wp\/v2\/categories?post=228"},{"taxonomy":"post_tag","embeddable":true,"href":"https:\/\/gobierno.udd.cl\/cpp\/wp-json\/wp\/v2\/tags?post=228"}],"curies":[{"name":"wp","href":"https:\/\/api.w.org\/{rel}","templated":true}]}}