{"id":2267,"date":"2016-10-24T22:35:45","date_gmt":"2016-10-25T01:35:45","guid":{"rendered":"http:\/\/gobierno.udd.cl\/cpp\/?p=2267"},"modified":"2016-10-24T22:38:00","modified_gmt":"2016-10-25T01:38:00","slug":"mas-subsidios-a-los-buses-por-rodrigo-troncoso-el-mercurio","status":"publish","type":"post","link":"https:\/\/gobierno.udd.cl\/cpp\/noticias\/2016\/10\/24\/mas-subsidios-a-los-buses-por-rodrigo-troncoso-el-mercurio\/","title":{"rendered":"\u00bfM\u00e1s subsidios a los buses? por Rodrigo Troncoso &#8211; El Mercurio"},"content":{"rendered":"<p style=\"text-align: justify;\">Se\u00f1or Director:<\/p>\n<p style=\"text-align: justify;\">La columna de ayer de Juan Carlos Mu\u00f1oz, denominada \u00abInvertir en transporte p\u00fablico\u00bb, podr\u00eda haberse llamado perfectamente \u00abAumentemos a\u00fan m\u00e1s el subsidio a los buses\u00bb. Y la raz\u00f3n es simple: en ella se invita a los municipios del sector oriente a otorgarles nuevas regal\u00edas a los buses del Transantiago, mediante la asignaci\u00f3n de m\u00e1s infraestructura dedicada para la circulaci\u00f3n y estacionamiento de estos veh\u00edculos.<\/p>\n<p style=\"text-align: justify;\">La columna no proporciona antecedentes (presumiblemente porque no existen) respecto de los beneficios y costos que la infraestructura dedicada a los buses ha tenido para la ciudad y sus habitantes. De hecho, la capital ya cuenta con m\u00e1s de 70 km de corredores segregados para buses, m\u00e1s de 30 km de v\u00edas exclusivas, y m\u00e1s de 120 km de pistas Solo Bus. A todo esto hay que sumar las m\u00faltiples calles, p\u00fablicas por cierto, que son usadas como estacionamiento gratuito o dep\u00f3sitos de buses durante gran parte del d\u00eda.<\/p>\n<p style=\"text-align: justify;\">Al respecto, \u00bfexiste alguna evaluaci\u00f3n ex post de esta subvenci\u00f3n que recibe la industria de buses? \u00bfPor qu\u00e9, pese a estos m\u00e1s de 220 km de infraestructura dedicada, los buses del Transantiago siguen perdiendo pasajeros todos los a\u00f1os, aumentando sus costos de operaci\u00f3n y evasi\u00f3n, y reciben una aprobaci\u00f3n inferior al 20%?<\/p>\n<p style=\"text-align: justify;\">El dise\u00f1o de pol\u00edticas p\u00fablicas no puede basarse en creencias ni intereses personales, sino en evidencia emp\u00edrica y comparada. Y esta solo demuestra que la infraestructura dedicada a los buses del Transantiago no ha logrado revertir en nada su sostenido deterioro.<\/p>\n<p>Louis de Grange C.<br \/>\nAcad\u00e9mico UDP<\/p>\n<p>Rodrigo Troncoso O.<br \/>\nAcad\u00e9mico <span class=\"highlight\">UDD<\/span><\/p>\n<p>Ver carta publicada en los siguientes enlaces:<\/p>\n<p><a href=\"http:\/\/www.economiaynegocios.cl\/noticias\/noticias.asp?id=297757\" target=\"_blank\">Econom\u00eda y Negocios El Mercurio<\/a><\/p>\n<p><a href=\"http:\/\/www.elmercurio.com\/blogs\/2016\/10\/11\/45688\/Mas-subsidios-a-los-buses.aspx\" target=\"_blank\">Blogs El Mercurio<\/a><\/p>\n","protected":false},"excerpt":{"rendered":"<p>Se\u00f1or Director: La columna de ayer de Juan Carlos Mu\u00f1oz, denominada \u00abInvertir en transporte p\u00fablico\u00bb, podr\u00eda haberse llamado perfectamente \u00abAumentemos a\u00fan m\u00e1s el subsidio a los buses\u00bb. Y la raz\u00f3n es simple: en ella se invita a los municipios del sector oriente a otorgarles nuevas regal\u00edas a los buses del Transantiago, mediante la asignaci\u00f3n de [&hellip;]<\/p>\n","protected":false},"author":22,"featured_media":893,"comment_status":"open","ping_status":"open","sticky":false,"template":"","format":"standard","meta":{"footnotes":""},"categories":[10162],"tags":[],"class_list":["post-2267","post","type-post","status-publish","format-standard","has-post-thumbnail","hentry","category-centro-en-la-prensa"],"featured_image_url":"https:\/\/gobierno.udd.cl\/cpp\/files\/2015\/05\/udd_cpp_prensa_340.png","_links":{"self":[{"href":"https:\/\/gobierno.udd.cl\/cpp\/wp-json\/wp\/v2\/posts\/2267","targetHints":{"allow":["GET"]}}],"collection":[{"href":"https:\/\/gobierno.udd.cl\/cpp\/wp-json\/wp\/v2\/posts"}],"about":[{"href":"https:\/\/gobierno.udd.cl\/cpp\/wp-json\/wp\/v2\/types\/post"}],"author":[{"embeddable":true,"href":"https:\/\/gobierno.udd.cl\/cpp\/wp-json\/wp\/v2\/users\/22"}],"replies":[{"embeddable":true,"href":"https:\/\/gobierno.udd.cl\/cpp\/wp-json\/wp\/v2\/comments?post=2267"}],"version-history":[{"count":3,"href":"https:\/\/gobierno.udd.cl\/cpp\/wp-json\/wp\/v2\/posts\/2267\/revisions"}],"predecessor-version":[{"id":2270,"href":"https:\/\/gobierno.udd.cl\/cpp\/wp-json\/wp\/v2\/posts\/2267\/revisions\/2270"}],"wp:featuredmedia":[{"embeddable":true,"href":"https:\/\/gobierno.udd.cl\/cpp\/wp-json\/wp\/v2\/media\/893"}],"wp:attachment":[{"href":"https:\/\/gobierno.udd.cl\/cpp\/wp-json\/wp\/v2\/media?parent=2267"}],"wp:term":[{"taxonomy":"category","embeddable":true,"href":"https:\/\/gobierno.udd.cl\/cpp\/wp-json\/wp\/v2\/categories?post=2267"},{"taxonomy":"post_tag","embeddable":true,"href":"https:\/\/gobierno.udd.cl\/cpp\/wp-json\/wp\/v2\/tags?post=2267"}],"curies":[{"name":"wp","href":"https:\/\/api.w.org\/{rel}","templated":true}]}}