{"id":2263,"date":"2016-10-24T22:19:47","date_gmt":"2016-10-25T01:19:47","guid":{"rendered":"http:\/\/gobierno.udd.cl\/cpp\/?p=2263"},"modified":"2016-10-24T22:19:47","modified_gmt":"2016-10-25T01:19:47","slug":"el-voto-obligatorio-es-una-escuela-importante-de-educacion-civica-radio-concierto","status":"publish","type":"post","link":"https:\/\/gobierno.udd.cl\/cpp\/noticias\/2016\/10\/24\/el-voto-obligatorio-es-una-escuela-importante-de-educacion-civica-radio-concierto\/","title":{"rendered":"El voto obligatorio es una escuela importante de educaci\u00f3n c\u00edvica &#8211; Radio Concierto"},"content":{"rendered":"<p style=\"text-align: justify;\"><strong>Cientista pol\u00edtico difiere de visi\u00f3n de Miguel Fern\u00e1ndez de la <span class=\"highlight\">UDD<\/span>, quien sostiene que \u201cel voto obligatorio hace muy f\u00e1cil el trabajo de la clase pol\u00edtica\u201d<\/strong>. Ambos debatieron sobre si sufragio debe seguir siendo voluntario.<\/p>\n<p style=\"text-align: justify;\">Revisa la entrevista <a href=\"http:\/\/www.concierto.cl\/blog\/2016\/10\/marco-moreno-voto-obligatorio-una-escuela-importante-educacion-civica\/\" target=\"_blank\">AQU\u00cd<\/a><\/p>\n","protected":false},"excerpt":{"rendered":"<p>Cientista pol\u00edtico difiere de visi\u00f3n de Miguel Fern\u00e1ndez de la UDD, quien sostiene que \u201cel voto obligatorio hace muy f\u00e1cil el trabajo de la clase pol\u00edtica\u201d. Ambos debatieron sobre si sufragio debe seguir siendo voluntario. Revisa la entrevista AQU\u00cd<\/p>\n","protected":false},"author":22,"featured_media":893,"comment_status":"open","ping_status":"open","sticky":false,"template":"","format":"standard","meta":{"footnotes":""},"categories":[10162],"tags":[],"class_list":["post-2263","post","type-post","status-publish","format-standard","has-post-thumbnail","hentry","category-centro-en-la-prensa"],"featured_image_url":"https:\/\/gobierno.udd.cl\/cpp\/files\/2015\/05\/udd_cpp_prensa_340.png","_links":{"self":[{"href":"https:\/\/gobierno.udd.cl\/cpp\/wp-json\/wp\/v2\/posts\/2263","targetHints":{"allow":["GET"]}}],"collection":[{"href":"https:\/\/gobierno.udd.cl\/cpp\/wp-json\/wp\/v2\/posts"}],"about":[{"href":"https:\/\/gobierno.udd.cl\/cpp\/wp-json\/wp\/v2\/types\/post"}],"author":[{"embeddable":true,"href":"https:\/\/gobierno.udd.cl\/cpp\/wp-json\/wp\/v2\/users\/22"}],"replies":[{"embeddable":true,"href":"https:\/\/gobierno.udd.cl\/cpp\/wp-json\/wp\/v2\/comments?post=2263"}],"version-history":[{"count":1,"href":"https:\/\/gobierno.udd.cl\/cpp\/wp-json\/wp\/v2\/posts\/2263\/revisions"}],"predecessor-version":[{"id":2264,"href":"https:\/\/gobierno.udd.cl\/cpp\/wp-json\/wp\/v2\/posts\/2263\/revisions\/2264"}],"wp:featuredmedia":[{"embeddable":true,"href":"https:\/\/gobierno.udd.cl\/cpp\/wp-json\/wp\/v2\/media\/893"}],"wp:attachment":[{"href":"https:\/\/gobierno.udd.cl\/cpp\/wp-json\/wp\/v2\/media?parent=2263"}],"wp:term":[{"taxonomy":"category","embeddable":true,"href":"https:\/\/gobierno.udd.cl\/cpp\/wp-json\/wp\/v2\/categories?post=2263"},{"taxonomy":"post_tag","embeddable":true,"href":"https:\/\/gobierno.udd.cl\/cpp\/wp-json\/wp\/v2\/tags?post=2263"}],"curies":[{"name":"wp","href":"https:\/\/api.w.org\/{rel}","templated":true}]}}