{"id":2239,"date":"2016-10-19T11:10:04","date_gmt":"2016-10-19T14:10:04","guid":{"rendered":"http:\/\/gobierno.udd.cl\/cpp\/?p=2239"},"modified":"2016-10-19T11:29:11","modified_gmt":"2016-10-19T14:29:11","slug":"el-economista-michael-munger-presento-en-el-primer-congreso-de-economia-politica-organizado-por-el-centro-de-politicas-publicas","status":"publish","type":"post","link":"https:\/\/gobierno.udd.cl\/cpp\/noticias\/2016\/10\/19\/el-economista-michael-munger-presento-en-el-primer-congreso-de-economia-politica-organizado-por-el-centro-de-politicas-publicas\/","title":{"rendered":"El economista Michael Munger present\u00f3 en el primer Congreso de Econom\u00eda Pol\u00edtica organizado por el Centro de Pol\u00edticas P\u00fablicas"},"content":{"rendered":"<div id=\"gallery-1\" class=\"carousel slide carousel-gallery\" data-ride=\"false\" data-interval=\"false\"><div class=\"carousel-inner\" role=\"listbox\"><figure class=\"carousel-item active\"><img loading=\"lazy\" decoding=\"async\" width=\"816\" height=\"534\" src=\"https:\/\/gobierno.udd.cl\/cpp\/files\/2016\/10\/MUNGER-VISITA-800x450.jpg\" class=\"attachment-landscape_952 size-landscape_952 lazyload\" alt=\"\" sizes=\"auto, (max-width: 816px) 100vw, 816px\" data-src=\"https:\/\/gobierno.udd.cl\/cpp\/files\/2016\/10\/MUNGER-VISITA.jpg\" data-srcset=\"https:\/\/gobierno.udd.cl\/cpp\/files\/2016\/10\/MUNGER-VISITA.jpg 4777w, https:\/\/gobierno.udd.cl\/cpp\/files\/2016\/10\/MUNGER-VISITA-300x196.jpg 300w, https:\/\/gobierno.udd.cl\/cpp\/files\/2016\/10\/MUNGER-VISITA-768x502.jpg 768w, https:\/\/gobierno.udd.cl\/cpp\/files\/2016\/10\/MUNGER-VISITA-1024x670.jpg 1024w, https:\/\/gobierno.udd.cl\/cpp\/files\/2016\/10\/MUNGER-VISITA-960x628.jpg 960w\" \/><\/figure><figure class=\"carousel-item\"><img loading=\"lazy\" decoding=\"async\" width=\"801\" height=\"534\" src=\"https:\/\/gobierno.udd.cl\/cpp\/files\/2016\/10\/IMG_0221-800x450.jpg\" class=\"attachment-landscape_952 size-landscape_952 lazyload\" alt=\"\" sizes=\"auto, (max-width: 801px) 100vw, 801px\" data-src=\"https:\/\/gobierno.udd.cl\/cpp\/files\/2016\/10\/IMG_0221.jpg\" data-srcset=\"https:\/\/gobierno.udd.cl\/cpp\/files\/2016\/10\/IMG_0221.jpg 5184w, https:\/\/gobierno.udd.cl\/cpp\/files\/2016\/10\/IMG_0221-300x200.jpg 300w, https:\/\/gobierno.udd.cl\/cpp\/files\/2016\/10\/IMG_0221-768x512.jpg 768w, https:\/\/gobierno.udd.cl\/cpp\/files\/2016\/10\/IMG_0221-1024x683.jpg 1024w, https:\/\/gobierno.udd.cl\/cpp\/files\/2016\/10\/IMG_0221-960x640.jpg 960w\" \/><\/figure><figure class=\"carousel-item\"><img loading=\"lazy\" decoding=\"async\" width=\"801\" height=\"534\" src=\"https:\/\/gobierno.udd.cl\/cpp\/files\/2016\/10\/IMG_0048-800x450.jpg\" class=\"attachment-landscape_952 size-landscape_952 lazyload\" alt=\"\" sizes=\"auto, (max-width: 801px) 100vw, 801px\" data-src=\"https:\/\/gobierno.udd.cl\/cpp\/files\/2016\/10\/IMG_0048.jpg\" data-srcset=\"https:\/\/gobierno.udd.cl\/cpp\/files\/2016\/10\/IMG_0048.jpg 5184w, https:\/\/gobierno.udd.cl\/cpp\/files\/2016\/10\/IMG_0048-300x200.jpg 300w, https:\/\/gobierno.udd.cl\/cpp\/files\/2016\/10\/IMG_0048-768x512.jpg 768w, https:\/\/gobierno.udd.cl\/cpp\/files\/2016\/10\/IMG_0048-1024x683.jpg 1024w, https:\/\/gobierno.udd.cl\/cpp\/files\/2016\/10\/IMG_0048-960x640.jpg 960w\" \/><\/figure><figure class=\"carousel-item\"><img loading=\"lazy\" decoding=\"async\" width=\"612\" height=\"534\" src=\"https:\/\/gobierno.udd.cl\/cpp\/files\/2016\/10\/IMG_0007-800x450.jpg\" class=\"attachment-landscape_952 size-landscape_952 lazyload\" alt=\"\" sizes=\"auto, (max-width: 612px) 100vw, 612px\" data-src=\"https:\/\/gobierno.udd.cl\/cpp\/files\/2016\/10\/IMG_0007.jpg\" data-srcset=\"https:\/\/gobierno.udd.cl\/cpp\/files\/2016\/10\/IMG_0007.jpg 3810w, https:\/\/gobierno.udd.cl\/cpp\/files\/2016\/10\/IMG_0007-300x262.jpg 300w, https:\/\/gobierno.udd.cl\/cpp\/files\/2016\/10\/IMG_0007-768x670.jpg 768w, https:\/\/gobierno.udd.cl\/cpp\/files\/2016\/10\/IMG_0007-1024x893.jpg 1024w, https:\/\/gobierno.udd.cl\/cpp\/files\/2016\/10\/IMG_0007-960x838.jpg 960w\" \/><\/figure><figure class=\"carousel-item\"><img loading=\"lazy\" decoding=\"async\" width=\"801\" height=\"534\" src=\"https:\/\/gobierno.udd.cl\/cpp\/files\/2016\/10\/IMG_0073-800x450.jpg\" class=\"attachment-landscape_952 size-landscape_952 lazyload\" alt=\"\" sizes=\"auto, (max-width: 801px) 100vw, 801px\" data-src=\"https:\/\/gobierno.udd.cl\/cpp\/files\/2016\/10\/IMG_0073.jpg\" data-srcset=\"https:\/\/gobierno.udd.cl\/cpp\/files\/2016\/10\/IMG_0073.jpg 5184w, https:\/\/gobierno.udd.cl\/cpp\/files\/2016\/10\/IMG_0073-300x200.jpg 300w, https:\/\/gobierno.udd.cl\/cpp\/files\/2016\/10\/IMG_0073-768x512.jpg 768w, https:\/\/gobierno.udd.cl\/cpp\/files\/2016\/10\/IMG_0073-1024x683.jpg 1024w, https:\/\/gobierno.udd.cl\/cpp\/files\/2016\/10\/IMG_0073-960x640.jpg 960w\" \/><\/figure><figure class=\"carousel-item\"><img loading=\"lazy\" decoding=\"async\" width=\"709\" height=\"534\" src=\"https:\/\/gobierno.udd.cl\/cpp\/files\/2016\/10\/IMG_0135-800x450.jpg\" class=\"attachment-landscape_952 size-landscape_952 lazyload\" alt=\"\" sizes=\"auto, (max-width: 709px) 100vw, 709px\" data-src=\"https:\/\/gobierno.udd.cl\/cpp\/files\/2016\/10\/IMG_0135.jpg\" data-srcset=\"https:\/\/gobierno.udd.cl\/cpp\/files\/2016\/10\/IMG_0135.jpg 4458w, https:\/\/gobierno.udd.cl\/cpp\/files\/2016\/10\/IMG_0135-300x226.jpg 300w, https:\/\/gobierno.udd.cl\/cpp\/files\/2016\/10\/IMG_0135-768x579.jpg 768w, https:\/\/gobierno.udd.cl\/cpp\/files\/2016\/10\/IMG_0135-1024x772.jpg 1024w, https:\/\/gobierno.udd.cl\/cpp\/files\/2016\/10\/IMG_0135-960x724.jpg 960w\" \/><\/figure><\/div><footer class=\"carousel-footer\"><div class=\"carousel-counter\"><span class=\"carousel-counter-current\"><\/span> \/ <span class=\"carousel-counter-total\"><\/span><\/div><a class=\"carousel-control-prev\" href=\"#gallery-1\" role=\"button\" data-slide=\"prev\"><svg aria-hidden=\"true\" class=\"svg-chevron-left-dims\"><use xlink:href='https:\/\/gobierno.udd.cl\/cpp\/wp-content\/themes\/facultades-2018\/assets\/img\/svg\/dist\/main.svg?version=1695853099#chevron-left'><\/use><\/svg><span class=\"sr-only\">Anterior<\/span><\/a><a class=\"carousel-control-next\" href=\"#gallery-1\" role=\"button\" data-slide=\"next\"><svg aria-hidden=\"true\" class=\"svg-chevron-right-dims\"><use xlink:href='https:\/\/gobierno.udd.cl\/cpp\/wp-content\/themes\/facultades-2018\/assets\/img\/svg\/dist\/main.svg?version=1695853099#chevron-right'><\/use><\/svg><span class=\"sr-only\">Siguiente<\/span><\/a><\/footer><\/div>\n<p style=\"text-align: justify;\">El reconocido economista Michael Munger, director del programa Philosophy, Politics and Economics de la Universidad de Duke, fue el principal invitado del Congreso de Econom\u00eda Pol\u00edtica organizado por la Facultad de Gobierno de la Universidad del Desarrollo y la Fundaci\u00f3n Para el Progreso.<\/p>\n<p style=\"text-align: justify;\">El profesor Munger expuso \u201c<strong><a href=\"http:\/\/www.slideshare.net\/INSTITUTEsk\/michael-c-munger-the-entrepreneurial-virtues-ceqls\" target=\"_blank\">The Character of Profit and Loss\u00a0The Entrepreneurial virtues<\/a><\/strong>\u201d en el cual realiz\u00f3 un extenso y detallado recorrido sobre las bases filos\u00f3ficas y morales del car\u00e1cter del emprendedor.<\/p>\n<p style=\"text-align: justify;\">En la ocasi\u00f3n tambi\u00e9n expusieron el ex ministro y actual Vicerrector de Postgrado, Educaci\u00f3n Continua y Extensi\u00f3n de la UDD, Cristi\u00e1n Larroulet sobre \u201cIdeas, Institutions and Entrepreneurship: The Foundations of Economic Growth in 19th century Chile\u201d, el Dr. Jorge F\u00e1brega (CICS UDD) sobre \u201c\u00bfEl fin del consenso entre los economistas chilenos?\u201d, la Dra. Marcela Mandiola (Universidad Alberto Hurtado), sobre \u201cEducaci\u00f3n en Negocios: una discusi\u00f3n (des)politizada\u201d; el profesor de la Pontificia Universidad Cat\u00f3lica, Dr. Jos\u00e9 D\u00edaz, sobre \u201cLo visible y lo invisible en la formaci\u00f3n de econom\u00eda\u201d, el profesor Dr. Claudio Bonilla (Universidad de Chile), sobre \u201cSocial Choice and Time Consistency with Low Probabilities Events\u201d y el profesor de la Facultad de Gobierno, Jos\u00e9 de la Cruz Garrido, sobre \u201cLos fundamentos morales de las instituciones liberales en Adam Smith\u201d.<\/p>\n<p style=\"text-align: justify;\">Adem\u00e1s en la jornada de la tarde expusieron investigadores con trabajos que fueron seleccionados por el comit\u00e9 organizador, entre los que desatacaron el investigador del <a href=\"http:\/\/web.upacifico.cl\/noticias\/docente-de-ingenieria-comercial-expone-en-el-congreso-de-economia-politica\/\" target=\"_blank\">N\u00facleo Acad\u00e9mico de Desarrollo Humano y Econom\u00eda Solidaria<\/a>, secretario de estudios y docente de Ingenier\u00eda Comercial de la Universidad del Pac\u00edfico, Alejandro Vega, en conjunto con Matilde Montenegro, \u201cAn\u00e1lisis de la Capacidad Innovadora de Chile en el Contexto de la OCDE: Fundamentos para el Desarrollo de una Pol\u00edtica de Ciencia y Tecnolog\u00eda\u201d. Tambi\u00e9n expuso Jaime Lindh (Fundaci\u00f3n Piensa) \u201cUnexpected self-induced polarization and electoral reform in Chile: The end of the \u201cBinomial\u201d, entre otros.<\/p>\n<p style=\"text-align: justify;\">El congreso estuvo enfocado en la ense\u00f1anza de la econom\u00eda en las carreras de ciencias pol\u00edticas y econom\u00eda, con el objetivo de ofrecer una instancia de di\u00e1logo sobre el rol de la econom\u00eda pol\u00edtica en diversas \u00e1reas de estudios emp\u00edricos y te\u00f3ricos que hoy son objeto de an\u00e1lisis econ\u00f3mico.<\/p>\n<p style=\"text-align: justify;\">Para revisar algunos de los trabajos descargar abajo:<\/p>\n<p style=\"text-align: justify;\"><strong><a href=\"http:\/\/gobierno.udd.cl\/cpp\/files\/2016\/10\/MARCELA-MANDIOLA.pdf\" rel=\"\">MARCELA MANDIOLA<\/a><\/strong><\/p>\n<p style=\"text-align: justify;\"><strong><a href=\"http:\/\/gobierno.udd.cl\/cpp\/files\/2016\/10\/Social-Choice-and-Time-Consistency_Bonilla.pdf\" rel=\"\">CLAUDIO BONILLA<\/a><\/strong><\/p>\n<p style=\"text-align: justify;\"><strong><a href=\"http:\/\/gobierno.udd.cl\/cpp\/files\/2016\/10\/JOS\u00c9-D\u00cdAZ.pdf\" rel=\"\">JOS\u00c9 D\u00cdAZ<\/a><\/strong><\/p>\n","protected":false},"excerpt":{"rendered":"<p>La jornada fue organizada por la Facultad de Gobierno de la Universidad del Desarrollo y la Fundaci\u00f3n Para el Progreso como una instancia de di\u00e1logo sobre el rol de la econom\u00eda pol\u00edtica en diversas \u00e1reas de estudios.<\/p>\n","protected":false},"author":22,"featured_media":2243,"comment_status":"open","ping_status":"open","sticky":false,"template":"","format":"standard","meta":{"footnotes":""},"categories":[4],"tags":[7383,11824,5498,13,8108,10194,4175,4176],"class_list":["post-2239","post","type-post","status-publish","format-standard","has-post-thumbnail","hentry","category-noticias","tag-adam-smith","tag-cpp","tag-economia-politica","tag-gobierno","tag-jose-de-la-cruz-garrido","tag-larroulet","tag-michael-munger","tag-udd"],"featured_image_url":"https:\/\/gobierno.udd.cl\/cpp\/files\/2016\/10\/MUNGER-VISITA.jpg","_links":{"self":[{"href":"https:\/\/gobierno.udd.cl\/cpp\/wp-json\/wp\/v2\/posts\/2239","targetHints":{"allow":["GET"]}}],"collection":[{"href":"https:\/\/gobierno.udd.cl\/cpp\/wp-json\/wp\/v2\/posts"}],"about":[{"href":"https:\/\/gobierno.udd.cl\/cpp\/wp-json\/wp\/v2\/types\/post"}],"author":[{"embeddable":true,"href":"https:\/\/gobierno.udd.cl\/cpp\/wp-json\/wp\/v2\/users\/22"}],"replies":[{"embeddable":true,"href":"https:\/\/gobierno.udd.cl\/cpp\/wp-json\/wp\/v2\/comments?post=2239"}],"version-history":[{"count":4,"href":"https:\/\/gobierno.udd.cl\/cpp\/wp-json\/wp\/v2\/posts\/2239\/revisions"}],"predecessor-version":[{"id":2252,"href":"https:\/\/gobierno.udd.cl\/cpp\/wp-json\/wp\/v2\/posts\/2239\/revisions\/2252"}],"wp:featuredmedia":[{"embeddable":true,"href":"https:\/\/gobierno.udd.cl\/cpp\/wp-json\/wp\/v2\/media\/2243"}],"wp:attachment":[{"href":"https:\/\/gobierno.udd.cl\/cpp\/wp-json\/wp\/v2\/media?parent=2239"}],"wp:term":[{"taxonomy":"category","embeddable":true,"href":"https:\/\/gobierno.udd.cl\/cpp\/wp-json\/wp\/v2\/categories?post=2239"},{"taxonomy":"post_tag","embeddable":true,"href":"https:\/\/gobierno.udd.cl\/cpp\/wp-json\/wp\/v2\/tags?post=2239"}],"curies":[{"name":"wp","href":"https:\/\/api.w.org\/{rel}","templated":true}]}}