{"id":2230,"date":"2016-10-01T19:07:15","date_gmt":"2016-10-01T22:07:15","guid":{"rendered":"http:\/\/gobierno.udd.cl\/cpp\/?p=2230"},"modified":"2016-10-01T19:07:26","modified_gmt":"2016-10-01T22:07:26","slug":"eugenio-guzman-ossandon-debiera-competir-en-una-primaria-o-corre-el-riesgo-de-pasar-a-la-historia-la-segunda","status":"publish","type":"post","link":"https:\/\/gobierno.udd.cl\/cpp\/noticias\/2016\/10\/01\/eugenio-guzman-ossandon-debiera-competir-en-una-primaria-o-corre-el-riesgo-de-pasar-a-la-historia-la-segunda\/","title":{"rendered":"Eugenio Guzman: \u201cOssand\u00f3n debiera competir en una primaria o corre el riesgo de pasar a la historia\u201d &#8211; La Segunda"},"content":{"rendered":"<p style=\"text-align: justify;\">\u00abPi\u00f1era hoy aparece con una alta votaci\u00f3n y altas expectativas. Pero si tiene al frente otro candidato bien posicionado, como un Ossand\u00f3n jugando al francotirador, tiende a generar problemas\u00bb, dice el acad\u00e9mico Eugenio Guzm\u00e1n, al desmenuzar los escenarios y variables que en los pr\u00f3ximos meses podr\u00edan definir la lucha presidencial en la oposici\u00f3n.<\/p>\n<p style=\"text-align: justify;\">\u00abEs lo que pudo haber pasado a Ricardo Lagos con Gladys Mar\u00edn en 1999, cuando esos votos le faltaron para ganar en primera vuelta\u00bb, ejemplifica el decano de la Facultad de Gobierno de la <span class=\"highlight\">Universidad<\/span> <span class=\"highlight\">del<\/span> <span class=\"highlight\">Desarrollo<\/span>.<\/p>\n<p style=\"text-align: justify;\"><strong>\u2014\u00bfQu\u00e9 ser\u00eda una sorpresa en la papeleta de primera vuelta?<\/strong><\/p>\n<p style=\"text-align: justify;\">\u2014Que la Nueva Mayor\u00eda llevara dos candidatos fuertes, Lagos y Alejandro Guillier. Que no tuvi\u00e9ramos primarias y que hubiese muchos candidatos de derecha: Ossand\u00f3n, (Jos\u00e9 Antonio) Kast y otros m\u00e1s.<\/p>\n<p style=\"text-align: justify;\"><strong>\u2014Daniel Mansuy dijo que Ossand\u00f3n \u00abtiene poder de da\u00f1o\u00bb y \u00abque le puede rayar seriamente la pintura a Pi\u00f1era\u00bb.<\/strong><\/p>\n<p style=\"text-align: justify;\">\u2014Pi\u00f1era tiene claro que puede ganar f\u00e1cilmente cualquier primaria. Pero eso no quita el da\u00f1o de imagen que pueda exacerbar Ossand\u00f3n, que parece no tener freno en eso. Ossand\u00f3n debiera competir en una primaria; si va por fuera, corre el riesgo de todos esos candidatos d\u00edscolos que despu\u00e9s pasan a la historia en un segundo plano. Una primaria que puede generar da\u00f1o, que puede ser muy competitiva.<\/p>\n<p style=\"text-align: justify;\"><strong>\u2014\u00bfQu\u00e9 tipo de da\u00f1o le puede propinar Ossand\u00f3n a Pi\u00f1era? \u00bfApretarlo con el caso SQM o LAN? \u00bfEn un debate?<\/strong><\/p>\n<p style=\"text-align: justify;\">\u2014Puede da\u00f1arlo, pero tiene su l\u00edmite. No ha cambiado la estrategia hace a\u00f1os, y eso se puede desgastar.<\/p>\n<p style=\"text-align: justify;\"><strong>\u2014\u00bfY Pi\u00f1era a \u00e9l?<\/strong><\/p>\n<p style=\"text-align: justify;\">\u2014Tiene sus f\u00f3rmulas: cuando Ricardo Claro sac\u00f3 la Kioto, pregunt\u00f3 de vuelta qui\u00e9n lo hab\u00eda grabado. Entrar en el juego de Ossand\u00f3n no lo conduce a nada, y tiene que hacer ver al electorado que su repertorio est\u00e1 desgastado.<\/p>\n<p style=\"text-align: justify;\"><strong>\u2014\u00bfTendr\u00e1 alg\u00fan impacto en sus votantes este conflicto?<\/strong><\/p>\n<p style=\"text-align: justify;\">\u2014A los convencidos no los va a afectar. Si los indecisos juegan a la expectativa de qui\u00e9n gana, tendr\u00e1 poco efecto. Claro que hay muchos tipos de indecisos.<\/p>\n<p style=\"text-align: justify;\"><strong>\u2014\u00bfSe est\u00e1n desinflando las primarias? En la UDI ya plantean no competirle a Pi\u00f1era.<\/strong><\/p>\n<p style=\"text-align: justify;\">\u2014Pi\u00f1era igual necesita ciertos triunfos. Lo que pasa es que las primarias tienen un riesgo enorme: se ventilan improperios, cr\u00edticas, juicios, malas pasadas&#8230; basta recordar la primaria Allamand-Longueira y con Golborne. Eso genera un desgaste para el que no quiere ir a la primaria. De la boca de Pi\u00f1era no puede salir que no quiere primarias. M\u00e1s que debe o quiere o si va a ocurrir, eso no puede salir de su boca; es como si Lagos lo dijera.<\/p>\n<p style=\"text-align: justify;\"><strong>\u2014En el pi\u00f1erismo algunos toman el 62% de la CEP que no marc\u00f3 preferencia por ning\u00fan nombre, como indicador de abstenci\u00f3n pura, que ese volumen no votar\u00e1 y que Pi\u00f1era ganar\u00eda. \u00bfEs responsable partir de esa base?<\/strong><\/p>\n<p style=\"text-align: justify;\">\u2014Es muy voluntarista. Con los muy pocos antecedentes que tenemos percibimos que ir\u00e1 a votar muy poca gente, pero quienes terminan definiendo la elecci\u00f3n son esos pocos que se quedan en la casa o que van a votar. No te puedes quedar tranquilo: con un 1% que se quede en casa se puede definir la elecci\u00f3n.<\/p>\n<p style=\"text-align: justify;\"><strong>\u2014\u00bfPor qu\u00e9 el 2009 la derecha se aline\u00f3 detr\u00e1s de Pi\u00f1era, y ahora ocurre lo contrario? Hay dos candidatos que buscan competir por fuera, Ossand\u00f3n y Jos\u00e9 Antonio Kast, y otro que quiere ir a primarias, Felipe Kast.<\/strong><\/p>\n<p style=\"text-align: justify;\">\u2014En 2009 se alinearon porque fue la primera vez que hubo un candidato que pod\u00eda ganar. Ahora muchos quieren negociar posiciones: sectores m\u00e1s socialcristianos, m\u00e1s liberales. Todos quieren un pacto de garant\u00edas. Y los otros candidatos buscan fortalecer su partido, como Ev\u00f3poli, o negociar en la parlamentaria.<\/p>\n<p style=\"text-align: justify;\"><strong>\u2014\u00bfPor qu\u00e9 Ev\u00f3poli ahora pretende desafiarlo, si en ese partido hay ex ministros, ex intendentes, ex funcionarios? \u00bfPor qu\u00e9 lo critican, como dijo Jorge Saint-Jean, acusando que \u00abno conozco sus propuestas nuevas, lo veo con lo mismo de la vez anterior\u00bb?<\/strong><\/p>\n<p style=\"text-align: justify;\">\u2014Tambi\u00e9n ver\u00eda como sorpresiva una primaria con un candidato de Ev\u00f3poli. Creo que ellos les hablan m\u00e1s a los otros partidos que a Pi\u00f1era: quieren estar en la mesa y negociar de igual a igual con el resto. Todos estos partidos nuevos tienen que demostrar que tienen fuerza en la municipal, y si no, tienen que tener un discurso que anticipar ahora para poder sentarse a esa mesa. M\u00e1s all\u00e1 de todo esto, estas cuestiones se van a definir por m\u00e1rgenes bastante estrechos.<\/p>\n<p style=\"text-align: justify;\"><strong>\u2014\u00bfCu\u00e1l? \u00bfLa elecci\u00f3n presidencial o la parlamentaria?<\/strong><\/p>\n<p style=\"text-align: justify;\">\u2014La presidencial. La parlamentaria tambi\u00e9n: muchas se definieron por mil votos, y debe haber sido cerca de 10 mil votos los que definieron diez diputaciones que perdi\u00f3 la Alianza.<\/p>\n<p style=\"text-align: justify;\"><strong>\u2014\u00bfSer\u00e1 una final m\u00e1s estrecha que la de Pi\u00f1era versus Eduardo Frei?<\/strong><\/p>\n<p style=\"text-align: justify;\">\u2014Mucho m\u00e1s en la segunda vuelta. Lo de Pi\u00f1era versus Frei fue holgado, pero qued\u00f3 la sensaci\u00f3n de derrota para la segunda vuelta. Pero ahora no vamos a tener un escenario tipo Bachelet versus Matthei.<\/p>\n<p style=\"text-align: justify;\">\u00abEn las municipales, la Nueva Mayor\u00eda debiera tener m\u00e1s votos que Chile Vamos. Es probable que la NM no retenga el n\u00famero de alcaldes que sac\u00f3 en 2012 y que pierda varias, pero obviamente tendr\u00e1 m\u00e1s alcaldes\u00bb, dice.<\/p>\n<p style=\"text-align: justify;\"><strong>\u2014\u00bfLa derecha reconquista Santiago y Providencia? \u00bfIncidir\u00e1 en un hipot\u00e9tico \u00e1nimo triunfalista, o depender\u00e1 de si pierden Valpara\u00edso?<\/strong><\/p>\n<p style=\"text-align: justify;\">\u2014D\u00e9jame decirlo al rev\u00e9s: \u00bfQu\u00e9 pasa si la NM gana en todo el \u00abChile emergente\u00bb, Puente Alto y Maip\u00fa, por ejemplo.<\/p>\n<p style=\"text-align: justify;\"><strong>\u2014Pero por algo la oposici\u00f3n puso a su \u00faltima candidata presidencial en Providencia.<\/strong><\/p>\n<p style=\"text-align: justify;\">\u2014Tiene un simbolismo tremendo; siempre ha sido de derecha. Pero ganar Maip\u00fa implica todo el cord\u00f3n de sectores emergentes, a los que los dos gobiernos le han hecho un gui\u00f1o.<\/p>\n<p style=\"text-align: justify;\"><strong>\u2014Si la derecha ganara Maip\u00fa y La Florida, \u00bfcompensar\u00eda perder en Santiago y Providencia?<\/strong><\/p>\n<p style=\"text-align: justify;\">\u2014Ser\u00e1 una forma de compensar. Si se pierde Santiago y Providencia, se puede salir adelante con ese discurso. La NM ya perdi\u00f3 Puente Alto, y no ha podido recuperar La Florida, y si se suma Maip\u00fa, puede ser un golpe muy fuerte.<\/p>\n<p style=\"text-align: justify;\">Leer noticia:<\/p>\n<p style=\"text-align: justify;\"><a href=\"https:\/\/goo.gl\/sYHu3A\" target=\"_blank\" rel=\"attachment wp-att-2231\"><img loading=\"lazy\" decoding=\"async\" class=\"alignnone size-medium wp-image-2231\" src=\"http:\/\/gobierno.udd.cl\/cpp\/files\/2016\/10\/2016-09-23_lasegunda_26-232x300.jpg\" alt=\"2016-09-23_lasegunda_26\" width=\"232\" height=\"300\" srcset=\"https:\/\/gobierno.udd.cl\/cpp\/files\/2016\/10\/2016-09-23_lasegunda_26-232x300.jpg 232w, https:\/\/gobierno.udd.cl\/cpp\/files\/2016\/10\/2016-09-23_lasegunda_26.jpg 720w\" sizes=\"auto, (max-width: 232px) 100vw, 232px\" \/><\/a><a href=\"https:\/\/goo.gl\/mhJ7Ba\" target=\"_blank\" rel=\"attachment wp-att-2232\"><img loading=\"lazy\" decoding=\"async\" class=\"alignnone size-medium wp-image-2232\" src=\"http:\/\/gobierno.udd.cl\/cpp\/files\/2016\/10\/2016-09-23_lasegunda_27-231x300.jpg\" alt=\"2016-09-23_lasegunda_27\" width=\"231\" height=\"300\" srcset=\"https:\/\/gobierno.udd.cl\/cpp\/files\/2016\/10\/2016-09-23_lasegunda_27-231x300.jpg 231w, https:\/\/gobierno.udd.cl\/cpp\/files\/2016\/10\/2016-09-23_lasegunda_27-768x995.jpg 768w, https:\/\/gobierno.udd.cl\/cpp\/files\/2016\/10\/2016-09-23_lasegunda_27-790x1024.jpg 790w, https:\/\/gobierno.udd.cl\/cpp\/files\/2016\/10\/2016-09-23_lasegunda_27-741x960.jpg 741w, https:\/\/gobierno.udd.cl\/cpp\/files\/2016\/10\/2016-09-23_lasegunda_27.jpg 1280w\" sizes=\"auto, (max-width: 231px) 100vw, 231px\" \/><\/a><\/p>\n","protected":false},"excerpt":{"rendered":"<p>\u00abPi\u00f1era hoy aparece con una alta votaci\u00f3n y altas expectativas. Pero si tiene al frente otro candidato bien posicionado, como un Ossand\u00f3n jugando al francotirador, tiende a generar problemas\u00bb, dice el acad\u00e9mico Eugenio Guzm\u00e1n, al desmenuzar los escenarios y variables que en los pr\u00f3ximos meses podr\u00edan definir la lucha presidencial en la oposici\u00f3n. \u00abEs lo [&hellip;]<\/p>\n","protected":false},"author":22,"featured_media":893,"comment_status":"open","ping_status":"open","sticky":false,"template":"","format":"standard","meta":{"footnotes":""},"categories":[10162],"tags":[],"class_list":["post-2230","post","type-post","status-publish","format-standard","has-post-thumbnail","hentry","category-centro-en-la-prensa"],"featured_image_url":"https:\/\/gobierno.udd.cl\/cpp\/files\/2015\/05\/udd_cpp_prensa_340.png","_links":{"self":[{"href":"https:\/\/gobierno.udd.cl\/cpp\/wp-json\/wp\/v2\/posts\/2230","targetHints":{"allow":["GET"]}}],"collection":[{"href":"https:\/\/gobierno.udd.cl\/cpp\/wp-json\/wp\/v2\/posts"}],"about":[{"href":"https:\/\/gobierno.udd.cl\/cpp\/wp-json\/wp\/v2\/types\/post"}],"author":[{"embeddable":true,"href":"https:\/\/gobierno.udd.cl\/cpp\/wp-json\/wp\/v2\/users\/22"}],"replies":[{"embeddable":true,"href":"https:\/\/gobierno.udd.cl\/cpp\/wp-json\/wp\/v2\/comments?post=2230"}],"version-history":[{"count":1,"href":"https:\/\/gobierno.udd.cl\/cpp\/wp-json\/wp\/v2\/posts\/2230\/revisions"}],"predecessor-version":[{"id":2233,"href":"https:\/\/gobierno.udd.cl\/cpp\/wp-json\/wp\/v2\/posts\/2230\/revisions\/2233"}],"wp:featuredmedia":[{"embeddable":true,"href":"https:\/\/gobierno.udd.cl\/cpp\/wp-json\/wp\/v2\/media\/893"}],"wp:attachment":[{"href":"https:\/\/gobierno.udd.cl\/cpp\/wp-json\/wp\/v2\/media?parent=2230"}],"wp:term":[{"taxonomy":"category","embeddable":true,"href":"https:\/\/gobierno.udd.cl\/cpp\/wp-json\/wp\/v2\/categories?post=2230"},{"taxonomy":"post_tag","embeddable":true,"href":"https:\/\/gobierno.udd.cl\/cpp\/wp-json\/wp\/v2\/tags?post=2230"}],"curies":[{"name":"wp","href":"https:\/\/api.w.org\/{rel}","templated":true}]}}