{"id":223,"date":"2013-05-29T17:41:44","date_gmt":"2013-05-29T21:41:44","guid":{"rendered":"http:\/\/gobierno.udd.cl\/ceipp\/?p=223"},"modified":"2015-01-14T15:57:16","modified_gmt":"2015-01-14T18:57:16","slug":"revisa-e-informate-sobre-nuestro-magister-en-politicas-publicas-de-gobierno-udd","status":"publish","type":"post","link":"https:\/\/gobierno.udd.cl\/cpp\/noticias\/2013\/05\/29\/revisa-e-informate-sobre-nuestro-magister-en-politicas-publicas-de-gobierno-udd\/","title":{"rendered":"Inf\u00f3rmate sobre nuestro Mag\u00edster en Pol\u00edticas P\u00fablicas de Gobierno UDD"},"content":{"rendered":"<p style=\"text-align: justify;\"><strong>Acorde a la misi\u00f3n de la Universidad del Desarrollo, el Mag\u00edster en Pol\u00edticas P\u00fablicas busca formar especialistas en pol\u00edticas y gesti\u00f3n p\u00fablica capaces de aplicar herramientas y conocimientos avanzados en temas relacionados con las ciencias sociales.<\/strong><\/p>\n<p style=\"text-align: justify;\"><strong><a href=\"http:\/\/gobierno.udd.cl\/ceipp\/files\/2013\/05\/UDD.jpg\"><img loading=\"lazy\" decoding=\"async\" class=\"aligncenter size-medium wp-image-225\" title=\"UDD\" alt=\"\" src=\"http:\/\/gobierno.udd.cl\/ceipp\/files\/2013\/05\/UDD-300x134.jpg\" width=\"300\" height=\"134\" srcset=\"https:\/\/gobierno.udd.cl\/cpp\/files\/2013\/05\/UDD-300x134.jpg 300w, https:\/\/gobierno.udd.cl\/cpp\/files\/2013\/05\/UDD-155x70.jpg 155w, https:\/\/gobierno.udd.cl\/cpp\/files\/2013\/05\/UDD-223x100.jpg 223w, https:\/\/gobierno.udd.cl\/cpp\/files\/2013\/05\/UDD-450x202.jpg 450w, https:\/\/gobierno.udd.cl\/cpp\/files\/2013\/05\/UDD.jpg 659w\" sizes=\"auto, (max-width: 300px) 100vw, 300px\" \/><\/a><br \/>\n<\/strong><\/p>\n<p style=\"text-align: justify;\">El programa de Mag\u00edster en Pol\u00edticas P\u00fablicas est\u00e1 dirigido a profesionales multidisciplinarios que sean parte de distintas instituciones p\u00fablicas o privadas, como tambi\u00e9n a aquellos que, por su vocaci\u00f3n de servicio, les gustar\u00eda integrar este \u00e1mbito de trabajo y afrontarlo con las competencias necesarias para una gesti\u00f3n eficiente y efectiva de las pol\u00edticas p\u00fablicas.<\/p>\n<p style=\"text-align: justify;\">14 meses de clases m\u00e1s periodo de trabajo de titulaci\u00f3n, 558 horas acad\u00e9micas con fecha de inicio el 09 de Agosto 2013, con horarios en Concepci\u00f3n, viernes 18:15 a 21:15 horas y dos s\u00e1bados al mes de 9:00 a 18:00 horas y en Santiago, viernes de 16.00 a 20.50 hrs. y dos s\u00e1bados al mes de 8.30 a 14.20 hrs. (Electivos se pueden dictar en otros horarios).<\/p>\n<p style=\"text-align: justify;\">M\u00e1s informaci\u00f3n con Jomaris Rossel en jrossell@udd.cl<\/p>\n<p style=\"text-align: justify;\">\n","protected":false},"excerpt":{"rendered":"<p>Acorde a la misi\u00f3n de la Universidad del Desarrollo, el Mag\u00edster en Pol\u00edticas P\u00fablicas busca formar especialistas en pol\u00edticas y gesti\u00f3n p\u00fablica capaces de aplicar herramientas y conocimientos avanzados en temas relacionados con las ciencias sociales. El programa de Mag\u00edster en Pol\u00edticas P\u00fablicas est\u00e1 dirigido a profesionales multidisciplinarios que sean parte de distintas instituciones p\u00fablicas [&hellip;]<\/p>\n","protected":false},"author":1,"featured_media":380,"comment_status":"open","ping_status":"open","sticky":false,"template":"","format":"standard","meta":{"footnotes":""},"categories":[4],"tags":[],"class_list":["post-223","post","type-post","status-publish","format-standard","has-post-thumbnail","hentry","category-noticias"],"featured_image_url":"https:\/\/gobierno.udd.cl\/cpp\/files\/2013\/05\/iconos_gobierno-15.jpg","_links":{"self":[{"href":"https:\/\/gobierno.udd.cl\/cpp\/wp-json\/wp\/v2\/posts\/223","targetHints":{"allow":["GET"]}}],"collection":[{"href":"https:\/\/gobierno.udd.cl\/cpp\/wp-json\/wp\/v2\/posts"}],"about":[{"href":"https:\/\/gobierno.udd.cl\/cpp\/wp-json\/wp\/v2\/types\/post"}],"author":[{"embeddable":true,"href":"https:\/\/gobierno.udd.cl\/cpp\/wp-json\/wp\/v2\/users\/1"}],"replies":[{"embeddable":true,"href":"https:\/\/gobierno.udd.cl\/cpp\/wp-json\/wp\/v2\/comments?post=223"}],"version-history":[{"count":6,"href":"https:\/\/gobierno.udd.cl\/cpp\/wp-json\/wp\/v2\/posts\/223\/revisions"}],"predecessor-version":[{"id":378,"href":"https:\/\/gobierno.udd.cl\/cpp\/wp-json\/wp\/v2\/posts\/223\/revisions\/378"}],"wp:featuredmedia":[{"embeddable":true,"href":"https:\/\/gobierno.udd.cl\/cpp\/wp-json\/wp\/v2\/media\/380"}],"wp:attachment":[{"href":"https:\/\/gobierno.udd.cl\/cpp\/wp-json\/wp\/v2\/media?parent=223"}],"wp:term":[{"taxonomy":"category","embeddable":true,"href":"https:\/\/gobierno.udd.cl\/cpp\/wp-json\/wp\/v2\/categories?post=223"},{"taxonomy":"post_tag","embeddable":true,"href":"https:\/\/gobierno.udd.cl\/cpp\/wp-json\/wp\/v2\/tags?post=223"}],"curies":[{"name":"wp","href":"https:\/\/api.w.org\/{rel}","templated":true}]}}