{"id":2228,"date":"2016-10-01T18:55:57","date_gmt":"2016-10-01T21:55:57","guid":{"rendered":"http:\/\/gobierno.udd.cl\/cpp\/?p=2228"},"modified":"2016-10-01T18:55:57","modified_gmt":"2016-10-01T21:55:57","slug":"programa-estado-nacional-tvn","status":"publish","type":"post","link":"https:\/\/gobierno.udd.cl\/cpp\/noticias\/2016\/10\/01\/programa-estado-nacional-tvn\/","title":{"rendered":"Programa Estado Nacional &#8211; TVN"},"content":{"rendered":"<p>Temas:<\/p>\n<p>-Ministerio p\u00fablico decidi\u00f3 formalizar a Marco Enr\u00edquez-Ominami por delitos<br \/>\ntributarios en el caso SQM el pr\u00f3ximo 19 de octubre.<\/p>\n<p>-ME-O acus\u00f3 a fiscal G\u00f3mez de operador del pi\u00f1erismo.<\/p>\n<p>-El presidenciable del PRO va por una tercera candidatura<br \/>\npresidencial.<\/p>\n<p>-Denuncias de intervencionismo electoral en la campa\u00f1a municipal por viaje<br \/>\nde la candidata a alcaldesa por \u00d1u\u00f1oa Helia Molina a la asamblea general de<br \/>\nNaciones Unidas acompa\u00f1ando a la Presidenta.<\/p>\n<p><b>Habla:<\/b><\/p>\n<ul>\n<li>Francisco Vidal, ex ministro<\/li>\n<li>Eduardo Saffirio, cientista pol\u00edtico<\/li>\n<li>B\u00e1rbara Figueroa, presidenta CUT<\/li>\n<li>Cecilia P\u00e9rez, ex ministra<\/li>\n<li><strong>Gonzalo M\u00fcller, analista pol\u00edtico<\/strong><\/li>\n<\/ul>\n<p><b>Menci\u00f3n:<\/b><\/p>\n<ul>\n<li>Sebasti\u00e1n Pi\u00f1era, ex presidente<\/li>\n<li>Pablo G\u00f3mez, fiscal<\/li>\n<li>Patricia P\u00e9rez, ex ministra<\/li>\n<li>Servicio Electoral<\/li>\n<li>Ricardo Lagos, ex presidente<\/li>\n<li>PNUD<\/li>\n<li>Presidenta Bachelet<\/li>\n<li>Ricardo Lagos, ex presidente<\/li>\n<li>Jovino Novoa, fundador de la UDI<\/li>\n<li>FF.AA.<\/li>\n<li>Marcelo D\u00edaz, ministro vocero de Gobierno<\/li>\n<li>Andr\u00e9s Zahi, alcalde de \u00d1u\u00f1oa<\/li>\n<li>Subsecretario de Desarrollo Social<\/li>\n<li>Claudio Orrego, Intendente RM<\/li>\n<li>Contralor\u00eda<\/li>\n<li>Ministerio p\u00fablico<\/li>\n<li>Josefa Err\u00e1zuriz, alcaldesa de Providencia<\/li>\n<li>Sebasti\u00e1n Pi\u00f1era, ex presidente<\/li>\n<li>Codelco<\/li>\n<li>Felipe Kast, diputado<\/li>\n<li>Servel<\/li>\n<li><span class=\"highlight\">U<\/span>. <span class=\"highlight\">del<\/span> <span class=\"highlight\">Desarrollo<\/span><\/li>\n<li>Radio Biob\u00edo<\/li>\n<li>CNN<\/li>\n<li>El Mercurio<\/li>\n<\/ul>\n<p>Ver programa <a href=\"http:\/\/map.conectamedia.cl\/index.php\/clippingNews\/view?id=1069754&amp;email=15606&amp;fromemail=1\" target=\"_blank\">AQU\u00cd<\/a><\/p>\n","protected":false},"excerpt":{"rendered":"<p>Temas: -Ministerio p\u00fablico decidi\u00f3 formalizar a Marco Enr\u00edquez-Ominami por delitos tributarios en el caso SQM el pr\u00f3ximo 19 de octubre. -ME-O acus\u00f3 a fiscal G\u00f3mez de operador del pi\u00f1erismo. -El presidenciable del PRO va por una tercera candidatura presidencial. -Denuncias de intervencionismo electoral en la campa\u00f1a municipal por viaje de la candidata a alcaldesa por [&hellip;]<\/p>\n","protected":false},"author":22,"featured_media":893,"comment_status":"open","ping_status":"open","sticky":false,"template":"","format":"standard","meta":{"footnotes":""},"categories":[10162],"tags":[],"class_list":["post-2228","post","type-post","status-publish","format-standard","has-post-thumbnail","hentry","category-centro-en-la-prensa"],"featured_image_url":"https:\/\/gobierno.udd.cl\/cpp\/files\/2015\/05\/udd_cpp_prensa_340.png","_links":{"self":[{"href":"https:\/\/gobierno.udd.cl\/cpp\/wp-json\/wp\/v2\/posts\/2228","targetHints":{"allow":["GET"]}}],"collection":[{"href":"https:\/\/gobierno.udd.cl\/cpp\/wp-json\/wp\/v2\/posts"}],"about":[{"href":"https:\/\/gobierno.udd.cl\/cpp\/wp-json\/wp\/v2\/types\/post"}],"author":[{"embeddable":true,"href":"https:\/\/gobierno.udd.cl\/cpp\/wp-json\/wp\/v2\/users\/22"}],"replies":[{"embeddable":true,"href":"https:\/\/gobierno.udd.cl\/cpp\/wp-json\/wp\/v2\/comments?post=2228"}],"version-history":[{"count":1,"href":"https:\/\/gobierno.udd.cl\/cpp\/wp-json\/wp\/v2\/posts\/2228\/revisions"}],"predecessor-version":[{"id":2229,"href":"https:\/\/gobierno.udd.cl\/cpp\/wp-json\/wp\/v2\/posts\/2228\/revisions\/2229"}],"wp:featuredmedia":[{"embeddable":true,"href":"https:\/\/gobierno.udd.cl\/cpp\/wp-json\/wp\/v2\/media\/893"}],"wp:attachment":[{"href":"https:\/\/gobierno.udd.cl\/cpp\/wp-json\/wp\/v2\/media?parent=2228"}],"wp:term":[{"taxonomy":"category","embeddable":true,"href":"https:\/\/gobierno.udd.cl\/cpp\/wp-json\/wp\/v2\/categories?post=2228"},{"taxonomy":"post_tag","embeddable":true,"href":"https:\/\/gobierno.udd.cl\/cpp\/wp-json\/wp\/v2\/tags?post=2228"}],"curies":[{"name":"wp","href":"https:\/\/api.w.org\/{rel}","templated":true}]}}