{"id":2226,"date":"2016-10-01T18:47:47","date_gmt":"2016-10-01T21:47:47","guid":{"rendered":"http:\/\/gobierno.udd.cl\/cpp\/?p=2226"},"modified":"2016-10-01T18:47:47","modified_gmt":"2016-10-01T21:47:47","slug":"por-que-lagos-no-prende-el-mostrador","status":"publish","type":"post","link":"https:\/\/gobierno.udd.cl\/cpp\/noticias\/2016\/10\/01\/por-que-lagos-no-prende-el-mostrador\/","title":{"rendered":"Por qu\u00e9 Lagos no prende &#8211; El Mostrador"},"content":{"rendered":"<p style=\"text-align: justify;\">Al terminar las fiestas patrias, el ranking pol\u00edtico de la encuesta Cadem grafic\u00f3 el rechazo a la candidatura de Ricardo Lagos, con 7 puntos porcentuales menos de aprobaci\u00f3n en contraste con la medici\u00f3n anterior. Sin perjuicio de ello, el ex presidente reflexiona que \u201cestar en una actividad p\u00fablica significa mejorar y cambiar el presente\u201d, desde su p\u00e1gina RicardoLagos.org, misma plataforma en la que public\u00f3 la frase \u201cno me restar\u00e9 a ese desaf\u00edo\u201d, para dar el vamos a sus intenciones presidenciales.Era agosto y la Adimark lo empataba en 5% con Alejandro Guillier.<\/p>\n<p style=\"text-align: justify;\">Queda menos de un mes para las elecciones municipales. Seg\u00fan el diputado y experto electoral Pepe Auth estas son un indicador de c\u00f3mo se vienen los comicios prescidenciales 2017. El parlamentario asegura que \u201ca esta misma altura cuando estaba Bachelet y Alvear (2004), ninguna de las dos ten\u00eda n\u00famero altos, pero fue entre esta fecha y marzo que MB se fue para arriba\u201c esta es la fecha en que la gente se empieza a poner en modo elecci\u00f3n presidencial\u201c y precisa que\u201cse est\u00e1 desatando aceleradamente, esto no es gota a gota\u201c. Asimismo, agrega que \u201cRicardo Lagos era en la pr\u00e1ctica el candidato a quienes todos habr\u00edan dirigido sus miradas, de no haber opciones competitivas\u201c. Y agrega que \u201cmucha gente que probablemente lo estimaba como el Presidente que fue, no fue bregando por una nueva candidatura\u201c.<\/p>\n<p style=\"text-align: justify;\">En la CEP de agosto, Lagos alcanz\u00f3 35% de aprobaci\u00f3n positiva, junto con Isabel Allende y con una leve ventaja sobre Jos\u00e9 Miguel Insulza. Estudio que para Roberto Izikson, gerente de estudios de Cadem, muesta una oportunidad para el ex presidente y plantea que \u201ctiene que seguir haciendole frente a las malas encuestas, ser perseverante y mostrar la misma decisi\u00f3n y liderazgo que mostr\u00f3 post CEP, que igual fue una mala encuesta, debe buscar una alianza con Allende e Insulza, convercerlos de que \u00e9l es la mejor carta\u201c.<\/p>\n<p style=\"text-align: justify;\">Hoy, con la Cadem, la Cep y la Adimark en la mano, la Nueva Mayor\u00eda se abre a la posibilidad de llevar a la papeleta a Alejandro Guiller, as\u00ed lo sostiene el diputado Osvaldo Andrade (PS) cuando dice \u201cno tengo problema, ninguno. Estoy dispuesto a apoyar a Guillier. A Guillier hay que tom\u00e1rselo en serio, saludo lo que est\u00e1 haciendo y espero que los dem\u00e1s hagan lo que tienen que hacer\u201d. Por otro lado, en el PPD a pesar de haber brindado su apoyo a Lagos, existir\u00edan diversas visiones seg\u00fan cuenta Auth: \u201cAh\u00ed tienes a Guido que trasmite, a Tarud que le exige primarias, qu\u00e9 le dijo el PPD, en enero vamos a decidir y vamos a mirar la encuesta dijieron, porque es obvio, el PPD si quisiera haber hecho algo altiro, deber\u00eda haber llamado a Consejo y procalmar a Lagos, pero dejarlo para enero, significa que ya no se hizo\u201d, sentenci\u00f3.<\/p>\n<p style=\"text-align: justify;\">En agosto, el ex jefe de Estado fue invitado a un evento del grupo Security en donde Francisco Silva, presidente de la firma, asever\u00f3 que \u201cno podemos eludir el impacto que tiene la crisis pol\u00edtica en la econom\u00eda, en los negocios y, por qu\u00e9 no decirlo, en el futuro de Chile. La amplia agenda reformista que hoy impera en Chile, impulsada por sectores que han despreciado los avances conseguidos con esfuerzo en nuestro pa\u00eds en las \u00faltimas d\u00e9cadas\u201d, coment\u00f3 el ex titular del Banco Central entre 1981-1984.<\/p>\n<p style=\"text-align: justify;\">Mismo mes en que el ex ministro Burgos (DC) se\u00f1al\u00f3 que era necesario \u201ccambiar el rumbo y Ricardo Lagos tiene las caracteristicas para hacerlo\u201c. En septimbre se sum\u00f3 el presidente de CPC, Hern\u00e1n Somerville a su opci\u00f3n, al decir que \u201cel \u00fanico candidato posible es Lagos\u201d. Para Ernesto Aguila, analista pol\u00edtico, militante PS y acad\u00e9mico de la U.Chile, la candidatura del ex Presidente \u201cnace desde la l\u00f3gica de la elite politica- empresarial que gobern\u00f3 durante la transici\u00f3n y est\u00e1 muy poco en sinton\u00eda en esta sociedad m\u00e1s horizontal e ind\u00f3sil que ha ido surgiendo particularmente en los \u00faltimos a\u00f1os\u201d.<\/p>\n<p style=\"text-align: justify;\">Sujeto al tiempo, sin espacio<\/p>\n<p style=\"text-align: justify;\">Mientras el ex presidente Sebasti\u00e1n Pi\u00f1era, quien continua liderando las encuestas m\u00e1s recientes, aprovecha de calificar a Lagos como un \u201cbuen candidato\u201c y destaca el hecho que para \u00e9l \u201cser\u00eda un est\u00edmulo m\u00e1s que un disuasivo\u201c a la hora de competir.<\/p>\n<p>Para Izikson, es la figura de Pi\u00f1era la que \u201crepresenta mejor el cambio de este gobierno\u201c, a diferencia de \u201cGuillier que ocupa mejor el espacio de continuidad y profundizaci\u00f3n de las reformas\u201c y \u201cpor tanto Lagos, se queda sin un espacio\/ posicionamiento\u201c, argumenta el especialista de Cadem.<\/p>\n<p style=\"text-align: justify;\">Carlos Correa afirma que \u201chay varias cosas con las que la gente no est\u00e1 contenta, pero creer que hay una crisis porque la gente le perdi\u00f3 la confianza a los pol\u00edticos es como un poquito mucho\u201c, y agrega que \u201clos politicos dicen si no estamos nosotros, estamos en crisis. No, la gente le perdi\u00f3 la confianza a esta clase pol\u00edtica y los reemplazar\u00e1 por otros. No puede ser tan autoreferente la clase ilustrada del pa\u00eds\u201d.<\/p>\n<p style=\"text-align: justify;\">El analista pol\u00edtico y columnista de El Mostrador, Carlos Correa, argumenta que es justamente \u201clo que representa Lagos\u201c lo que no lo deja subir en los sondeos, ya que \u201cno tiene d\u00f3nde posicionarse, es un muy buen candidato, con muy buenos atributos para la elite, pero para la gente de a pie no hay raz\u00f3n por la cual lo pueda valorar\u201d puesto que corresponder\u00eda a un personaje del pasado, igual que \u201cArturo Prat, como un h\u00e9roe hist\u00f3rico\u201d, se\u00f1ala el director (S) de la Secom.<\/p>\n<p style=\"text-align: justify;\">Cuando Alejandro Guiller apunto a Lagos al decir que \u201cel mayor error es decir se\u00f1ores, el pa\u00eds est\u00e1 descarrilado, es la peor crisis, estoy disponible\u2026Bernardo O\u2019Higgins apareci\u00f3 en el horizonte\u2026soy el salvador de la patria\u201d, las reacciones no se hicieron esperar. Desde el PPD hicieron un llamado a ser m\u00e1s cautelosos y este finde semana el laguismo habl\u00f3 en la prensa dominical de el senador de moda.<\/p>\n<p style=\"text-align: justify;\">Los analistas consultados coinciden en que la figura de Lagos es \u201cuna foto, un personaje que se ha fijado en la historia\u201c, tal como se\u00f1ala Correa. Y en la misma l\u00ednea, Auth detalla que es un personaje construido a \u201ccocci\u00f3n lenta\u201c, que ha estado en diversos escenarios pol\u00edticos \u201cm\u00e1s all\u00e1 de su gobierno\u201c. Para el diputado \u201clos juicios de cocci\u00f3n lenta son infinitamente m\u00e1s dificiles de modificar\u201c. Para Izikson, el ex mandatario \u201cno sube (en las encuestas) porque convenci\u00f3 a la \u00e9lite que es un gran candidato, pero no ha logrado convencer a la opini\u00f3n p\u00fablica\u201c.<\/p>\n<p style=\"text-align: justify;\">\u201cEsta es la peor crisis pol\u00edtica e institucional que ha tenido Chile\u201c, fue la frase del ex jefe de Estado que ocup\u00f3 los titulares a fines de julio. Correa comenta que \u201cla tesis del orden es una tesis de los m\u00e1s ilustrados\u201c. Y si bien Lagos advierte que \u00e9sta se debe a \u201cla desconfianza ciudadana\u201c que pone en jaque \u201cla legitimidad del sistema pol\u00edtico\u201c, el ex Secom afirma que \u201chay varias cosas con las que la gente no est\u00e1 contenta, pero creer que hay una crisis porque la gente le perdi\u00f3 la confianza a los pol\u00edticos es como un poquito mucho\u201c, y agrega que \u201clos politicos dicen si no estamos nosotros, estamos en crisis. No, la gente le perdi\u00f3 la confianza a esta clase pol\u00edtica y los reemplazar\u00e1 por otros. No puede ser tan autoreferente la clase ilustrada del pa\u00eds\u201c.<\/p>\n<p style=\"text-align: justify;\">Por su parte, Aguila destaca que el discurso de que \u201cel pa\u00eds requiere m\u00e1s orden y no participaci\u00f3n\u201c es parte fundamental en \u201cel dise\u00f1o que hay detr\u00e1s de la propuesta de que Lagos vuelva a la presidencia\u201c.<\/p>\n<p style=\"text-align: justify;\">El grillete en el rechazo<\/p>\n<p style=\"text-align: justify;\">A los pocos d\u00edas de haber manifestado su intenci\u00f3n de ser candidato presidencial, el diputado mejor evaluado en la Adimark de agosto, Gabriel Boric, apunt\u00f3 al ex Presidente como responsable\u201cineludible en el malestar de los chilenos\u201c y destac\u00f3 la deuda del CAE \u201cen cientos de miles de familias\u201c y agreg\u00f3 que \u201cla autocr\u00edtica no es propia del car\u00e1cter de Lagos\u201c.<\/p>\n<p style=\"text-align: justify;\">Asimismo, Aguila destaca que Boric, pertenece a \u201clos tres liderazgos mejor posicionados\u201c junto con Giorgio Jackson (RD) y Guillier (PR) quienes tendr\u00edan como elementro central el ser distinos de la pol\u00edtica que ha imperado y \u201cen ese sentido, Ricardo Lagos es un liderazgo que ya es conocido y que ya realiz\u00f3 su proyecto\u201d. Adem\u00e1s, el acad\u00e9mico se\u00f1ala que los \u201cde los clivajes que se vienen por delante, uno es lo nuevo y lo viejo, ser parte de la elite o estar fuera de ella. Lo otro son reformas estructurales o ser parte del modelo actual\u201d y bajo ese entendido \u201cla candidatura de Ricardo Lagos no aparece de manera natural encarnando una propuesta de futuro\u201d.<\/p>\n<p style=\"text-align: justify;\">Izikson agrega que al ex mandatario, tambi\u00e9n \u201cle ha jugado en contra el Transantiago\u201d, implementaci\u00f3n que para Correa representa uno de los aspectos negativos del legado de Lagos, y hoy \u201clo que sienten las personas es una desconfianza tremenda hacia los pol\u00edticos, porque piensan que los pol\u00edticos no son capaces de resolver sus problemas cotidianos, o sea no van a arreglar el Transantiago porque en su vida no han andado en micro\u201d.<\/p>\n<p style=\"text-align: justify;\">Sin embargo, para Gonzalo Muller, analista y acad\u00e9mico de la <span class=\"highlight\">UDD<\/span>, la incoherencia estar\u00eda dentro del oficialismo, ya que \u201cla herencia de Lagos no es valorada en la izquierda chilena. Y desde el gobierno lo miran con frialdad absoluta, lo que tambi\u00e9n es visto como una incongruencia, ya que con al cultura dominante en la izquierda chilena\u201d, pareciera tomar mucha distancia de \u00e9l.<\/p>\n<p style=\"text-align: justify;\">La estrategia que deber\u00eda tomar el ex mandatariotendr\u00eda dos aspectos, seg\u00fan Jorge Navarrete, analista y columnista: \u201cLagos enfrenta varias dificultades para consolidarse como candidato. La primera es conjugar tradici\u00f3n y cambio, es decir, c\u00f3mo presentarse con un programa de futuro, haciendose cargo de su pasado. La segunda es conquistar a esas generaciones cuyo nombre no les dice nada o bien poco\u201d.<\/p>\n<p style=\"text-align: justify;\">El candidato sin papeleta<\/p>\n<p style=\"text-align: justify;\">En este \u201cescenario de gran incertidumbre e indefinici\u00f3n pol\u00edtica, sumado a la instalaci\u00f3n del voto voluntario, las encuestas son cada d\u00eda menos fiables en la tarea de predecir un resultado electoral\u201d, advierte Navarrete. Considerando esto y la baja aprobaci\u00f3n que ostenta Ricardo Lagos, parecen no quedar m\u00e1s alternativa que replantear una estrategia o relato, pero \u201cpensar que \u00e9l pod\u00eda cambiar el jucio o la opini\u00f3n de los chilenos en 3, 4 \u00f3 5 meses de campa\u00f1a, cuando esa opini\u00f3n se hizo en 40 a\u00f1os, es una ilusi\u00f3n tecnocr\u00e1tica total\u201d, comenta Auth, respecto a un cambio en las encuestas a favor de Lagos.<\/p>\n<p style=\"text-align: justify;\">Si lo que hiciera falta fuera conquistar las redes sociales, mayoritariamente utilizadas por j\u00f3venes, Navarrete agrega que \u201clo f\u00e1cil y r\u00e1pido est\u00e1 de moda, y ese definitivamente no es el terreno de Lagos, quien necesita harto m\u00e1s de 140 caracteres para expresarse y darse a entender (Twitter)\u201d.<\/p>\n<p style=\"text-align: justify;\">Para Auth las posibilidades de que Lagos aparezca en la papeleta por la Nueva Mayor\u00eda \u201cincluso de las primarias\u201d es \u201cinfinitecimal\u201d, ya que \u201cnunca una fuerza pol\u00edtica o coalisi\u00f3n va a llevar a alguien a perder si tiene otro que puede ganar\u201d. Para el parlamentario ese candidato \u201cest\u00e1 a la vista\u201d, ya que \u201cla encuestas han mostrado que se est\u00e1 decantando de manera masiva y acelerada a favor de Guiller\u201d.<\/p>\n<p style=\"text-align: justify;\">Correa delimita que existen posibilidades \u201cen la medida que se convierta en un personaje del presente\u201d y Navarrete insiste en que \u201cfalta mucho y el escenario es impredecible. Todavia puede pasar cualquier cosa\u201d. Pero Muller en un tono m\u00e1s categ\u00f3rico asegura que \u201csi Lagos gira a la izquierda pierde el apoyo que genera en la DC. Sino gira a la izquierda no va a ser candidato \u00fanico de la Nueva Mayor\u00eda. Es un verdadero zapato chino\u201c.<\/p>\n<p style=\"text-align: justify;\">Ver nota <a href=\"http:\/\/www.elmostrador.cl\/noticias\/pais\/2016\/09\/26\/por-que-lagos-no-prende\/\" target=\"_blank\">AQU\u00cd<\/a><\/p>\n","protected":false},"excerpt":{"rendered":"<p>Al terminar las fiestas patrias, el ranking pol\u00edtico de la encuesta Cadem grafic\u00f3 el rechazo a la candidatura de Ricardo Lagos, con 7 puntos porcentuales menos de aprobaci\u00f3n en contraste con la medici\u00f3n anterior. Sin perjuicio de ello, el ex presidente reflexiona que \u201cestar en una actividad p\u00fablica significa mejorar y cambiar el presente\u201d, desde [&hellip;]<\/p>\n","protected":false},"author":22,"featured_media":893,"comment_status":"open","ping_status":"open","sticky":false,"template":"","format":"standard","meta":{"footnotes":""},"categories":[10162],"tags":[],"class_list":["post-2226","post","type-post","status-publish","format-standard","has-post-thumbnail","hentry","category-centro-en-la-prensa"],"featured_image_url":"https:\/\/gobierno.udd.cl\/cpp\/files\/2015\/05\/udd_cpp_prensa_340.png","_links":{"self":[{"href":"https:\/\/gobierno.udd.cl\/cpp\/wp-json\/wp\/v2\/posts\/2226","targetHints":{"allow":["GET"]}}],"collection":[{"href":"https:\/\/gobierno.udd.cl\/cpp\/wp-json\/wp\/v2\/posts"}],"about":[{"href":"https:\/\/gobierno.udd.cl\/cpp\/wp-json\/wp\/v2\/types\/post"}],"author":[{"embeddable":true,"href":"https:\/\/gobierno.udd.cl\/cpp\/wp-json\/wp\/v2\/users\/22"}],"replies":[{"embeddable":true,"href":"https:\/\/gobierno.udd.cl\/cpp\/wp-json\/wp\/v2\/comments?post=2226"}],"version-history":[{"count":1,"href":"https:\/\/gobierno.udd.cl\/cpp\/wp-json\/wp\/v2\/posts\/2226\/revisions"}],"predecessor-version":[{"id":2227,"href":"https:\/\/gobierno.udd.cl\/cpp\/wp-json\/wp\/v2\/posts\/2226\/revisions\/2227"}],"wp:featuredmedia":[{"embeddable":true,"href":"https:\/\/gobierno.udd.cl\/cpp\/wp-json\/wp\/v2\/media\/893"}],"wp:attachment":[{"href":"https:\/\/gobierno.udd.cl\/cpp\/wp-json\/wp\/v2\/media?parent=2226"}],"wp:term":[{"taxonomy":"category","embeddable":true,"href":"https:\/\/gobierno.udd.cl\/cpp\/wp-json\/wp\/v2\/categories?post=2226"},{"taxonomy":"post_tag","embeddable":true,"href":"https:\/\/gobierno.udd.cl\/cpp\/wp-json\/wp\/v2\/tags?post=2226"}],"curies":[{"name":"wp","href":"https:\/\/api.w.org\/{rel}","templated":true}]}}