{"id":2201,"date":"2016-09-28T20:22:58","date_gmt":"2016-09-28T23:22:58","guid":{"rendered":"http:\/\/gobierno.udd.cl\/cpp\/?p=2201"},"modified":"2016-09-28T20:23:35","modified_gmt":"2016-09-28T23:23:35","slug":"francisca-dussaillant-la-eficiencia-y-la-efectividad-en-el-gasto-son-un-imperativo-etico-el-libero","status":"publish","type":"post","link":"https:\/\/gobierno.udd.cl\/cpp\/noticias\/2016\/09\/28\/francisca-dussaillant-la-eficiencia-y-la-efectividad-en-el-gasto-son-un-imperativo-etico-el-libero\/","title":{"rendered":"Francisca Dussaillant: La eficiencia y la efectividad en el gasto son un imperativo \u00e9tico &#8211; El L\u00edbero"},"content":{"rendered":"<p style=\"text-align: justify;\">El gobierno anunci\u00f3 que las prioridades del presupuesto del pr\u00f3ximo a\u00f1o se enfocar\u00e1n en los tres temas que el p\u00fablico identifica como prioritarios en las encuestas: seguridad ciudadana, salud y educaci\u00f3n. A primera vista, parece razonable que nuestros gobernantes pongan las fichas en aquellos \u00e1mbitos que la ciudadan\u00eda considera m\u00e1s importantes: al fin y al cabo es esa misma ciudadan\u00eda la que les confi\u00f3 la tarea de gobernar.<\/p>\n<p style=\"text-align: justify;\">Pero \u201cponer las fichas\u201d no significa solamente \u201cponer las lucas\u201d. Significa gestionarlas y velar por que sean utilizadas en beneficio de esa ciudadan\u00eda que exige cada vez m\u00e1s. Es decir, de manera eficiente y eficaz. Estas dos palabras no son meros tecnicismos de derecha. Por cada mill\u00f3n de pesos que el gobierno malgasta hay una quimioterapia menos, una beca menos, o, en general, una oportunidad menos para alguien. Por cada mill\u00f3n que se gaste en asegurar educaci\u00f3n universitaria gratuita a quien puede pagar, queda un mill\u00f3n menos disponible para sacar a alguien del campamento en el que vive. Cada peso que se gasta hoy en pagar pensiones cuestionadas o en licencias m\u00e9dicas falsas es un peso que no se est\u00e1 gastando en sacar adelante a un ni\u00f1o del Sename.<\/p>\n<p style=\"text-align: justify;\">El origen de las ineficiencias que vemos hoy en el sistema se puede explicar, principalmente, por tres causales: las ideolog\u00edas, la ineptitud y el abismo \u00e9tico en el que una porci\u00f3n no despreciable de los chilenos estamos sumidos. Para un bot\u00f3n de muestra de este abismo moral pinche <a href=\"http:\/\/diarioconcepcion.cl\/?q=content\/70-de-los-penquistas-justifica-el-fraude-en-licencias-m%C3%A9dicas\">aqu\u00ed<\/a>. Cada chileno que recibe dinero mediante licencia m\u00e9dica fraudulenta est\u00e1 desfinanciando alg\u00fan otro servicio b\u00e1sico, y es responsable directo de las mismas ineficiencias que luego critica.<\/p>\n<p style=\"text-align: justify;\">Por otra parte, ejemplos de ineptitud, incompetencia e inoperancia en la gesti\u00f3n de recursos p\u00fablicos sobran. \u00bfQu\u00e9 otra explicaci\u00f3n se puede dar a incidentes como el de las <a href=\"http:\/\/ellibero.cl\/actualidad\/polemica-por-millonaria-licitacion-urgente-del-minsal-de-250-mil-vacunas-contra-el-neumococo-que-se-vencen-en-agosto\/\">vacunas vencidas<\/a> o el del puente Cau Cau? De la misma manera, decisiones basadas en ideolog\u00eda, en evidente oposici\u00f3n a los juicios t\u00e9cnicos, han costado mucho dinero. Un ejemplo reciente fue la marcha atr\u00e1s que dio el actual gobierno a la exitosa pol\u00edtica de concesiones hospitalarias de su predecesor. Adem\u00e1s del retardo de a\u00f1os en todas las obras de infraestructura del Ministerio de Salud, el costo de este capricho supera los 300 mil millones de pesos. S\u00ed, en esta ocasi\u00f3n la soluci\u00f3n ideol\u00f3gica cost\u00f3 un 40% m\u00e1s que la soluci\u00f3n t\u00e9cnica. Con ese ahorro de eficiencia se podr\u00eda haber construido un mega hospital, m\u00e1s grande y m\u00e1s complejo que el Hospital del Salvador. Pero, en contraposici\u00f3n, nos encontramos hoy con un Ministerio de Salud que ya opera en d\u00e9ficit, con una deuda que crece exponencialmente y que, paradojalmente, no est\u00e1 entregando mejores prestaciones.<\/p>\n<p style=\"text-align: justify;\">El ejemplo de Salud es emblem\u00e1tico, pero no \u00fanico. El derroche es, al parecer, generalizado. Las soluciones ideol\u00f3gicas en educaci\u00f3n tendr\u00e1n tambi\u00e9n un sobreprecio significativo (y v\u00edctimas inesperadas, como el Instituto Nacional). El precio de la ineficiencia es desembolsado por un fisco que ve mermar sus fondos m\u00e1s r\u00e1pido de lo presupuestado y no se puede hacer cargo de las innumerables otras necesidades reales que aquejan a los chilenos.<\/p>\n<p style=\"text-align: justify;\"><strong>Que el gobierno haya decidido poner su fichas en seguridad ciudadana, salud y educaci\u00f3n no asegura nada. Si no se toma la decisi\u00f3n expl\u00edcita de volver a valorar los principios de eficiencia y eficacia, reconociendo que estos son imperativos \u00e9ticos transversales a la ideolog\u00eda pol\u00edtica, la danza de los millones que nunca llegan a los beneficiarios continuar\u00e1.<\/strong><\/p>\n<p style=\"text-align: justify;\"><em>Francisca Dussaillant,\u00a0Directora Centro de Pol\u00edticas P\u00fablicas UDD.<\/em><\/p>\n<p style=\"text-align: justify;\">Leer nota <a href=\"http:\/\/ellibero.cl\/opinion\/la-eficiencia-y-la-efectividad-en-el-gasto-son-un-imperativo-etico\/\" target=\"_blank\">aqu\u00ed<\/a><\/p>\n","protected":false},"excerpt":{"rendered":"<p>El gobierno anunci\u00f3 que las prioridades del presupuesto del pr\u00f3ximo a\u00f1o se enfocar\u00e1n en los tres temas que el p\u00fablico identifica como prioritarios en las encuestas: seguridad ciudadana, salud y educaci\u00f3n. A primera vista, parece razonable que nuestros gobernantes pongan las fichas en aquellos \u00e1mbitos que la ciudadan\u00eda considera m\u00e1s importantes: al fin y al [&hellip;]<\/p>\n","protected":false},"author":22,"featured_media":488,"comment_status":"open","ping_status":"open","sticky":false,"template":"","format":"standard","meta":{"footnotes":""},"categories":[5095],"tags":[],"class_list":["post-2201","post","type-post","status-publish","format-standard","has-post-thumbnail","hentry","category-columnas-de-opinion"],"featured_image_url":"https:\/\/gobierno.udd.cl\/cpp\/files\/2013\/07\/fra.png","_links":{"self":[{"href":"https:\/\/gobierno.udd.cl\/cpp\/wp-json\/wp\/v2\/posts\/2201","targetHints":{"allow":["GET"]}}],"collection":[{"href":"https:\/\/gobierno.udd.cl\/cpp\/wp-json\/wp\/v2\/posts"}],"about":[{"href":"https:\/\/gobierno.udd.cl\/cpp\/wp-json\/wp\/v2\/types\/post"}],"author":[{"embeddable":true,"href":"https:\/\/gobierno.udd.cl\/cpp\/wp-json\/wp\/v2\/users\/22"}],"replies":[{"embeddable":true,"href":"https:\/\/gobierno.udd.cl\/cpp\/wp-json\/wp\/v2\/comments?post=2201"}],"version-history":[{"count":2,"href":"https:\/\/gobierno.udd.cl\/cpp\/wp-json\/wp\/v2\/posts\/2201\/revisions"}],"predecessor-version":[{"id":2203,"href":"https:\/\/gobierno.udd.cl\/cpp\/wp-json\/wp\/v2\/posts\/2201\/revisions\/2203"}],"wp:featuredmedia":[{"embeddable":true,"href":"https:\/\/gobierno.udd.cl\/cpp\/wp-json\/wp\/v2\/media\/488"}],"wp:attachment":[{"href":"https:\/\/gobierno.udd.cl\/cpp\/wp-json\/wp\/v2\/media?parent=2201"}],"wp:term":[{"taxonomy":"category","embeddable":true,"href":"https:\/\/gobierno.udd.cl\/cpp\/wp-json\/wp\/v2\/categories?post=2201"},{"taxonomy":"post_tag","embeddable":true,"href":"https:\/\/gobierno.udd.cl\/cpp\/wp-json\/wp\/v2\/tags?post=2201"}],"curies":[{"name":"wp","href":"https:\/\/api.w.org\/{rel}","templated":true}]}}