{"id":2176,"date":"2016-09-04T23:20:47","date_gmt":"2016-09-05T02:20:47","guid":{"rendered":"http:\/\/gobierno.udd.cl\/cpp\/?p=2176"},"modified":"2016-09-04T23:20:47","modified_gmt":"2016-09-05T02:20:47","slug":"eugenio-guzman-se-generan-expectativas-pero-nunca-se-soluciona-la-segunda","status":"publish","type":"post","link":"https:\/\/gobierno.udd.cl\/cpp\/noticias\/2016\/09\/04\/eugenio-guzman-se-generan-expectativas-pero-nunca-se-soluciona-la-segunda\/","title":{"rendered":"Eugenio Guzm\u00e1n: \u201cSe generan expectativas, pero nunca se soluciona\u201d &#8211; La Segunda"},"content":{"rendered":"<p style=\"text-align: justify;\">\u00abAyer fue la educaci\u00f3n, hoy son las pensiones y ma\u00f1ana ser\u00e1 la salud. El tema es que se generan expectativas de soluci\u00f3n en cada movimiento, pero esto es algo que nunca se soluciona, generando frustraci\u00f3n\u00bb, reflexiona el decano de la facultad de Gobierno de la <span class=\"highlight\">Universidad<\/span> <span class=\"highlight\">del<\/span> <span class=\"highlight\">Desarrollo<\/span> (<span class=\"highlight\">UDD<\/span>), Eugenio Guzm\u00e1n al analizar la masiva marcha \u00abNo+AFP\u00bb.<\/p>\n<p style=\"text-align: justify;\">El soci\u00f3logo expresa que dado que \u00e9ste es el tema que tiene mayor visibilidad en el momento, autom\u00e1ticamente se genera una mayor identificaci\u00f3n en la poblaci\u00f3n.<\/p>\n<p style=\"text-align: justify;\">\u00abAdem\u00e1s con todas las reformas que se han generado se levantan expectativas de soluci\u00f3n, pero el tema no se resuelve, eso genera frustraci\u00f3n y la necesidad de manifestarse en una din\u00e1mica muy reactiva. Y claramente hay un problema que mantiene aglutinada a la gente, as\u00ed se mantiene vivo un movimiento social\u00bb, apunta el acad\u00e9mico.<\/p>\n<p style=\"text-align: justify;\">Otro elemento que identifica Guzm\u00e1n, es la presencia de \u00abpol\u00edticos desafectados, tanto de la \u00e9poca de la Concertaci\u00f3n como de la Nueva Mayor\u00eda\u00bb.<\/p>\n<p style=\"text-align: justify;\">\u00abEn estos movimientos siempre aparecen diputados o senadores descolgados. Esto ya tiene su historia, aparece Navarro, Aguil\u00f3, en una din\u00e1mica ya conocida\u00bb, puntualiza.<\/p>\n<p style=\"text-align: justify;\">Ver columna <a href=\"http:\/\/goo.gl\/8jRmgN\" target=\"_blank\">AQU\u00cd<\/a><\/p>\n","protected":false},"excerpt":{"rendered":"<p>\u00abAyer fue la educaci\u00f3n, hoy son las pensiones y ma\u00f1ana ser\u00e1 la salud. El tema es que se generan expectativas de soluci\u00f3n en cada movimiento, pero esto es algo que nunca se soluciona, generando frustraci\u00f3n\u00bb, reflexiona el decano de la facultad de Gobierno de la Universidad del Desarrollo (UDD), Eugenio Guzm\u00e1n al analizar la masiva [&hellip;]<\/p>\n","protected":false},"author":22,"featured_media":893,"comment_status":"open","ping_status":"open","sticky":false,"template":"","format":"standard","meta":{"footnotes":""},"categories":[10162],"tags":[],"class_list":["post-2176","post","type-post","status-publish","format-standard","has-post-thumbnail","hentry","category-centro-en-la-prensa"],"featured_image_url":"https:\/\/gobierno.udd.cl\/cpp\/files\/2015\/05\/udd_cpp_prensa_340.png","_links":{"self":[{"href":"https:\/\/gobierno.udd.cl\/cpp\/wp-json\/wp\/v2\/posts\/2176","targetHints":{"allow":["GET"]}}],"collection":[{"href":"https:\/\/gobierno.udd.cl\/cpp\/wp-json\/wp\/v2\/posts"}],"about":[{"href":"https:\/\/gobierno.udd.cl\/cpp\/wp-json\/wp\/v2\/types\/post"}],"author":[{"embeddable":true,"href":"https:\/\/gobierno.udd.cl\/cpp\/wp-json\/wp\/v2\/users\/22"}],"replies":[{"embeddable":true,"href":"https:\/\/gobierno.udd.cl\/cpp\/wp-json\/wp\/v2\/comments?post=2176"}],"version-history":[{"count":1,"href":"https:\/\/gobierno.udd.cl\/cpp\/wp-json\/wp\/v2\/posts\/2176\/revisions"}],"predecessor-version":[{"id":2178,"href":"https:\/\/gobierno.udd.cl\/cpp\/wp-json\/wp\/v2\/posts\/2176\/revisions\/2178"}],"wp:featuredmedia":[{"embeddable":true,"href":"https:\/\/gobierno.udd.cl\/cpp\/wp-json\/wp\/v2\/media\/893"}],"wp:attachment":[{"href":"https:\/\/gobierno.udd.cl\/cpp\/wp-json\/wp\/v2\/media?parent=2176"}],"wp:term":[{"taxonomy":"category","embeddable":true,"href":"https:\/\/gobierno.udd.cl\/cpp\/wp-json\/wp\/v2\/categories?post=2176"},{"taxonomy":"post_tag","embeddable":true,"href":"https:\/\/gobierno.udd.cl\/cpp\/wp-json\/wp\/v2\/tags?post=2176"}],"curies":[{"name":"wp","href":"https:\/\/api.w.org\/{rel}","templated":true}]}}