{"id":2172,"date":"2016-09-04T22:59:58","date_gmt":"2016-09-05T01:59:58","guid":{"rendered":"http:\/\/gobierno.udd.cl\/cpp\/?p=2172"},"modified":"2016-09-04T22:59:58","modified_gmt":"2016-09-05T01:59:58","slug":"partidos-afectados-por-penta-y-sqm-radio-cooperativa","status":"publish","type":"post","link":"https:\/\/gobierno.udd.cl\/cpp\/noticias\/2016\/09\/04\/partidos-afectados-por-penta-y-sqm-radio-cooperativa\/","title":{"rendered":"Partidos afectados por Penta y SQM &#8211; Radio Cooperativa"},"content":{"rendered":"<p style=\"text-align: justify;\">Panelistas:<\/p>\n<ul style=\"text-align: justify;\">\n<li>Eugenio Guzm\u00e1n, consejero pol\u00edticas p\u00fablicas Libertad y Desarrollo<\/li>\n<li>Juan Andr\u00e9s Lagos, miembro comisi\u00f3n pol\u00edtica Partido Comunista<\/li>\n<li>Carlos Mladinic, economista y consultor.<\/li>\n<\/ul>\n<p style=\"text-align: justify;\"><strong>Temas:<\/strong><\/p>\n<ul>\n<li style=\"text-align: justify;\">Chile campe\u00f3n de la Copa Am\u00e9rica Bicentenario.<\/li>\n<li style=\"text-align: justify;\">La roja fue mejor y debemos creernos mas.<\/li>\n<li style=\"text-align: justify;\">Audio de gol que dio el triunfo a Chile de Ernesto D\u00edaz Correa.<\/li>\n<li style=\"text-align: justify;\">Los penales es una verdadera loter\u00eda.<\/li>\n<li style=\"text-align: justify;\">Crisis en el f\u00fatbol argentino.<\/li>\n<li style=\"text-align: justify;\">Encuesta Cooperativa e Imaginaccion revela que la gente com\u00fan y corriente se siente bien con su vida, pero se siente mal respecto al funcionamiento de las instituciones.<\/li>\n<li style=\"text-align: justify;\">Es raro que al pa\u00eds le est\u00e9 yendo bien, pero a la persona mal.<\/li>\n<li style=\"text-align: justify;\">Hay un pesimismo en la sociedad chilena.<\/li>\n<li style=\"text-align: justify;\">Caso de la Europa post guerra y su resurgimiento.<\/li>\n<li style=\"text-align: justify;\">Los medios de comunicaci\u00f3n tienen una amargura previa para enfrentar la realidad.<\/li>\n<\/ul>\n<p>Escucha el panel <a href=\"http:\/\/map.conectamedia.cl\/index.php\/clippingNews\/view?id=667467&amp;email=13850&amp;fromemail=1\" target=\"_blank\">AQU\u00cd<\/a><\/p>\n","protected":false},"excerpt":{"rendered":"<p>Panelistas: Eugenio Guzm\u00e1n, consejero pol\u00edticas p\u00fablicas Libertad y Desarrollo Juan Andr\u00e9s Lagos, miembro comisi\u00f3n pol\u00edtica Partido Comunista Carlos Mladinic, economista y consultor. Temas: Chile campe\u00f3n de la Copa Am\u00e9rica Bicentenario. La roja fue mejor y debemos creernos mas. Audio de gol que dio el triunfo a Chile de Ernesto D\u00edaz Correa. Los penales es una [&hellip;]<\/p>\n","protected":false},"author":22,"featured_media":893,"comment_status":"open","ping_status":"open","sticky":false,"template":"","format":"standard","meta":{"footnotes":""},"categories":[10162],"tags":[],"class_list":["post-2172","post","type-post","status-publish","format-standard","has-post-thumbnail","hentry","category-centro-en-la-prensa"],"featured_image_url":"https:\/\/gobierno.udd.cl\/cpp\/files\/2015\/05\/udd_cpp_prensa_340.png","_links":{"self":[{"href":"https:\/\/gobierno.udd.cl\/cpp\/wp-json\/wp\/v2\/posts\/2172","targetHints":{"allow":["GET"]}}],"collection":[{"href":"https:\/\/gobierno.udd.cl\/cpp\/wp-json\/wp\/v2\/posts"}],"about":[{"href":"https:\/\/gobierno.udd.cl\/cpp\/wp-json\/wp\/v2\/types\/post"}],"author":[{"embeddable":true,"href":"https:\/\/gobierno.udd.cl\/cpp\/wp-json\/wp\/v2\/users\/22"}],"replies":[{"embeddable":true,"href":"https:\/\/gobierno.udd.cl\/cpp\/wp-json\/wp\/v2\/comments?post=2172"}],"version-history":[{"count":1,"href":"https:\/\/gobierno.udd.cl\/cpp\/wp-json\/wp\/v2\/posts\/2172\/revisions"}],"predecessor-version":[{"id":2173,"href":"https:\/\/gobierno.udd.cl\/cpp\/wp-json\/wp\/v2\/posts\/2172\/revisions\/2173"}],"wp:featuredmedia":[{"embeddable":true,"href":"https:\/\/gobierno.udd.cl\/cpp\/wp-json\/wp\/v2\/media\/893"}],"wp:attachment":[{"href":"https:\/\/gobierno.udd.cl\/cpp\/wp-json\/wp\/v2\/media?parent=2172"}],"wp:term":[{"taxonomy":"category","embeddable":true,"href":"https:\/\/gobierno.udd.cl\/cpp\/wp-json\/wp\/v2\/categories?post=2172"},{"taxonomy":"post_tag","embeddable":true,"href":"https:\/\/gobierno.udd.cl\/cpp\/wp-json\/wp\/v2\/tags?post=2172"}],"curies":[{"name":"wp","href":"https:\/\/api.w.org\/{rel}","templated":true}]}}