{"id":217,"date":"2013-05-10T18:24:33","date_gmt":"2013-05-10T22:24:33","guid":{"rendered":"http:\/\/gobierno.udd.cl\/ceipp\/?p=217"},"modified":"2015-01-20T12:28:21","modified_gmt":"2015-01-20T15:28:21","slug":"facultad-de-gobierno-junto-a-fundacion-por-el-progreso-organizaron-exitoso-foro-europa-y-chile-dos-miradas-al-desarrollo-economico-2","status":"publish","type":"post","link":"https:\/\/gobierno.udd.cl\/cpp\/noticias\/2013\/05\/10\/facultad-de-gobierno-junto-a-fundacion-por-el-progreso-organizaron-exitoso-foro-europa-y-chile-dos-miradas-al-desarrollo-economico-2\/","title":{"rendered":"Foro: \u00abEuropa y Chile: dos miradas al desarrollo econ\u00f3mico\u00bb"},"content":{"rendered":"<p><strong>En el evento colaboraron adem\u00e1s ATLAS y RELIAL y tuvo como sede la ciudad de Concepci\u00f3n.<\/strong><\/p>\n<div id=\"gallery-1\" class=\"carousel slide carousel-gallery\" data-ride=\"false\" data-interval=\"false\"><div class=\"carousel-inner\" role=\"listbox\"><figure class=\"carousel-item active\"><img loading=\"lazy\" decoding=\"async\" width=\"801\" height=\"534\" src=\"https:\/\/gobierno.udd.cl\/cpp\/files\/2013\/05\/Foro1.jpg\" class=\"attachment-landscape_952 size-landscape_952 lazyload\" alt=\"\" sizes=\"auto, (max-width: 801px) 100vw, 801px\" data-src=\"https:\/\/gobierno.udd.cl\/cpp\/files\/2013\/05\/Foro1.jpg\" data-srcset=\"https:\/\/gobierno.udd.cl\/cpp\/files\/2013\/05\/Foro1.jpg 5184w, https:\/\/gobierno.udd.cl\/cpp\/files\/2013\/05\/Foro1-300x200.jpg 300w, https:\/\/gobierno.udd.cl\/cpp\/files\/2013\/05\/Foro1-1024x682.jpg 1024w, https:\/\/gobierno.udd.cl\/cpp\/files\/2013\/05\/Foro1-105x70.jpg 105w, https:\/\/gobierno.udd.cl\/cpp\/files\/2013\/05\/Foro1-223x148.jpg 223w, https:\/\/gobierno.udd.cl\/cpp\/files\/2013\/05\/Foro1-450x300.jpg 450w\" \/><\/figure><figure class=\"carousel-item\"><img loading=\"lazy\" decoding=\"async\" width=\"801\" height=\"534\" src=\"https:\/\/gobierno.udd.cl\/cpp\/files\/2013\/05\/Foro2.jpg\" class=\"attachment-landscape_952 size-landscape_952 lazyload\" alt=\"\" sizes=\"auto, (max-width: 801px) 100vw, 801px\" data-src=\"https:\/\/gobierno.udd.cl\/cpp\/files\/2013\/05\/Foro2.jpg\" data-srcset=\"https:\/\/gobierno.udd.cl\/cpp\/files\/2013\/05\/Foro2.jpg 5184w, https:\/\/gobierno.udd.cl\/cpp\/files\/2013\/05\/Foro2-300x200.jpg 300w, https:\/\/gobierno.udd.cl\/cpp\/files\/2013\/05\/Foro2-1024x682.jpg 1024w, https:\/\/gobierno.udd.cl\/cpp\/files\/2013\/05\/Foro2-105x70.jpg 105w, https:\/\/gobierno.udd.cl\/cpp\/files\/2013\/05\/Foro2-223x148.jpg 223w, https:\/\/gobierno.udd.cl\/cpp\/files\/2013\/05\/Foro2-450x300.jpg 450w\" \/><\/figure><figure class=\"carousel-item\"><img loading=\"lazy\" decoding=\"async\" width=\"676\" height=\"510\" src=\"https:\/\/gobierno.udd.cl\/cpp\/files\/2013\/05\/Screen-Shot-2013-05-10-at-3.36.10-PM.png\" class=\"attachment-landscape_952 size-landscape_952 lazyload\" alt=\"\" sizes=\"auto, (max-width: 676px) 100vw, 676px\" data-src=\"https:\/\/gobierno.udd.cl\/cpp\/files\/2013\/05\/Screen-Shot-2013-05-10-at-3.36.10-PM.png\" data-srcset=\"https:\/\/gobierno.udd.cl\/cpp\/files\/2013\/05\/Screen-Shot-2013-05-10-at-3.36.10-PM.png 676w, https:\/\/gobierno.udd.cl\/cpp\/files\/2013\/05\/Screen-Shot-2013-05-10-at-3.36.10-PM-300x226.png 300w, https:\/\/gobierno.udd.cl\/cpp\/files\/2013\/05\/Screen-Shot-2013-05-10-at-3.36.10-PM-92x70.png 92w, https:\/\/gobierno.udd.cl\/cpp\/files\/2013\/05\/Screen-Shot-2013-05-10-at-3.36.10-PM-223x168.png 223w, https:\/\/gobierno.udd.cl\/cpp\/files\/2013\/05\/Screen-Shot-2013-05-10-at-3.36.10-PM-450x339.png 450w\" \/><\/figure><\/div><footer class=\"carousel-footer\"><div class=\"carousel-counter\"><span class=\"carousel-counter-current\"><\/span> \/ <span class=\"carousel-counter-total\"><\/span><\/div><a class=\"carousel-control-prev\" href=\"#gallery-1\" role=\"button\" data-slide=\"prev\"><svg aria-hidden=\"true\" class=\"svg-chevron-left-dims\"><use xlink:href='https:\/\/gobierno.udd.cl\/cpp\/wp-content\/themes\/facultades-2018\/assets\/img\/svg\/dist\/main.svg?version=1695853099#chevron-left'><\/use><\/svg><span class=\"sr-only\">Anterior<\/span><\/a><a class=\"carousel-control-next\" href=\"#gallery-1\" role=\"button\" data-slide=\"next\"><svg aria-hidden=\"true\" class=\"svg-chevron-right-dims\"><use xlink:href='https:\/\/gobierno.udd.cl\/cpp\/wp-content\/themes\/facultades-2018\/assets\/img\/svg\/dist\/main.svg?version=1695853099#chevron-right'><\/use><\/svg><span class=\"sr-only\">Siguiente<\/span><\/a><\/footer><\/div>\n<p style=\"text-align: justify;\">La Facultad de Gobierno particip\u00f3 del foro \u201cEuropa y Chile: dos miradas al desarrollo\u201d. \u00c1ngel Soto, director de programa de la Fundaci\u00f3n Para El Progreso, valor\u00f3 la participaci\u00f3n de la facultad en la actividad y expuso que \u201cagradecemos la colaboraci\u00f3n que nos prest\u00f3 en este evento la Facultad de Gobierno de la Universidad del Desarrollo, ya que esto se traduce en un apoyo y reconocimiento a lo que estamos haciendo y en la calidad de nuestros expositores\u201d.<\/p>\n<p style=\"text-align: justify;\">La actividad cont\u00f3 con la presencia de estudiantes, profesionales de distintas \u00e1reas y docentes, quienes compartieron una instancia de di\u00e1logo con el escritor e Historiador Econ\u00f3mico, Mauricio Rojas, cuya ponencia se denomin\u00f3 \u201cLa Crisis Europea y el fraude del Estado del bienestar\u201d, y con el doctor en econom\u00eda y docente de la Facultad de Gobierno, Juan Pablo Couyoumdjian, quien expuso el tema \u201cLa transformaci\u00f3n Econ\u00f3mica de Chile\u201d.<\/p>\n<p style=\"text-align: justify;\">La importancia de generar espacios de debate para estudiantes fue valorada por las autoridades acad\u00e9micas. Eugenio Guzm\u00e1n, decano Facultad de Gobierno UDD, \u201cla promoci\u00f3n de la discusi\u00f3n intelectual y de gran nivel\u201d, y destac\u00f3 que \u201clo que hacemos en la Universidad es generar conocimiento que les permitan por ellos mismos generar su propia visi\u00f3n de la realidad y del mundo\u201d.<\/p>\n<p style=\"text-align: justify;\">Para finalizar la Jornada, Mauricio Rojas, present\u00f3 su \u00faltimo libro, titulado \u201cLa Libertad y sus enemigos\u201d.<\/p>\n<p style=\"text-align: justify;\">Descargue el programa<a href=\"http:\/\/gobierno.udd.cl\/files\/2013\/05\/UFPP-Concepcion-2013-Programa.pdf\"> aqu\u00ed.<\/a><\/p>\n<p style=\"text-align: justify;\"><a href=\"http:\/\/gobierno.udd.cl\/ceipp\/noticias\/2013\/05\/10\/facultad-de-gobierno-junto-a-fundacion-por-el-progreso-organizaron-exitoso-foro-europa-y-chile-dos-miradas-al-desarrollo-economico\/\">LEER M\u00c1S&#8230;<\/a><\/p>\n","protected":false},"excerpt":{"rendered":"<p>La Facultad de Gobierno junto a Fundaci\u00f3n para el Progreso, adem\u00e1s ATLAS y RELIAL, organizaron el foro que tuvo como tem\u00e1ticas  \u201cLa Crisis Europea y el fraude del Estado del bienestar\u201d.<\/p>\n","protected":false},"author":1,"featured_media":0,"comment_status":"open","ping_status":"open","sticky":false,"template":"","format":"standard","meta":{"footnotes":""},"categories":[4],"tags":[7403,7404,7402],"class_list":["post-217","post","type-post","status-publish","format-standard","hentry","category-noticias","tag-atlas","tag-fundacion-para-el-progreso","tag-mauricio-rojas"],"featured_image_url":null,"_links":{"self":[{"href":"https:\/\/gobierno.udd.cl\/cpp\/wp-json\/wp\/v2\/posts\/217","targetHints":{"allow":["GET"]}}],"collection":[{"href":"https:\/\/gobierno.udd.cl\/cpp\/wp-json\/wp\/v2\/posts"}],"about":[{"href":"https:\/\/gobierno.udd.cl\/cpp\/wp-json\/wp\/v2\/types\/post"}],"author":[{"embeddable":true,"href":"https:\/\/gobierno.udd.cl\/cpp\/wp-json\/wp\/v2\/users\/1"}],"replies":[{"embeddable":true,"href":"https:\/\/gobierno.udd.cl\/cpp\/wp-json\/wp\/v2\/comments?post=217"}],"version-history":[{"count":4,"href":"https:\/\/gobierno.udd.cl\/cpp\/wp-json\/wp\/v2\/posts\/217\/revisions"}],"predecessor-version":[{"id":575,"href":"https:\/\/gobierno.udd.cl\/cpp\/wp-json\/wp\/v2\/posts\/217\/revisions\/575"}],"wp:attachment":[{"href":"https:\/\/gobierno.udd.cl\/cpp\/wp-json\/wp\/v2\/media?parent=217"}],"wp:term":[{"taxonomy":"category","embeddable":true,"href":"https:\/\/gobierno.udd.cl\/cpp\/wp-json\/wp\/v2\/categories?post=217"},{"taxonomy":"post_tag","embeddable":true,"href":"https:\/\/gobierno.udd.cl\/cpp\/wp-json\/wp\/v2\/tags?post=217"}],"curies":[{"name":"wp","href":"https:\/\/api.w.org\/{rel}","templated":true}]}}