{"id":2145,"date":"2016-08-24T22:35:01","date_gmt":"2016-08-25T01:35:01","guid":{"rendered":"http:\/\/gobierno.udd.cl\/cpp\/?p=2145"},"modified":"2016-08-24T22:35:01","modified_gmt":"2016-08-25T01:35:01","slug":"rodrigo-troncoso-restriccion-a-cataliticos-el-mercurio","status":"publish","type":"post","link":"https:\/\/gobierno.udd.cl\/cpp\/noticias\/2016\/08\/24\/rodrigo-troncoso-restriccion-a-cataliticos-el-mercurio\/","title":{"rendered":"Rodrigo Troncoso: Restricci\u00f3n a catal\u00edticos &#8211; El Mercurio"},"content":{"rendered":"<p style=\"text-align: justify;\">Se\u00f1or Director:<\/p>\n<p style=\"text-align: justify;\">El ministro de Transportes pretende impulsar una variante de la restricci\u00f3n vehicular cl\u00e1sica, que permite que los automovilistas afectos puedan pagar un pase diario para poder circular el d\u00eda que les toque restricci\u00f3n.<\/p>\n<p style=\"text-align: justify;\">Al respecto, la pregunta que surge inmediatamente es cu\u00e1nto debe ser el valor de ese pase diario. Un valor muy bajo equivale, evidentemente, a que no exista restricci\u00f3n. Por otra parte, un valor demasiado alto, que las personas no est\u00e9n dispuestos a pagar, equivale a la restricci\u00f3n tradicional, con sus nefastas consecuencias de mediano y largo plazo.<\/p>\n<p style=\"text-align: justify;\">Por lo tanto, y de acuerdo con los mismos an\u00e1lisis expuestos por el ministro, existir\u00eda una tarifa intermedia para el pase diario, casi m\u00e1gica, con la cual se cumplir\u00edan, en teor\u00eda, todos los supuestos beneficios que esta improvisada pol\u00edtica p\u00fablica debiera generar.<\/p>\n<p style=\"text-align: justify;\">Lamentablemente, y como ha sido la t\u00f3nica de todas las pol\u00edticas en transporte impulsadas en los \u00faltimos a\u00f1os, no existe evidencia emp\u00edrica que las avale, y se basan m\u00e1s bien en hip\u00f3tesis y prejuicios, y no en la realidad. As\u00ed, la restricci\u00f3n con pase diario cae en la misma categor\u00eda del chaleco reflectante, la prohibici\u00f3n de que ni\u00f1os menores de 12 a\u00f1os viajen en el asiento delantero, la gratuidad de estacionamientos, aumento del subsidio al Transantiago, entre otras. Todas ideolog\u00edas, sin sustento emp\u00edrico, que pretenden fundamentar pol\u00edticas p\u00fablicas.<\/p>\n<p style=\"text-align: justify;\"><strong>Louis de Grange C.<\/p>\n<p>Facultad de Ingenier\u00eda Universidad Diego Portales.<\/strong><\/p>\n<p style=\"text-align: justify;\"><strong>Rodrigo Troncoso O.<\/p>\n<p>Facultad de Gobierno <span class=\"highlight\">Universidad<\/span> <span class=\"highlight\">del<\/span> <span class=\"highlight\">Desarrollo.<\/span><\/strong><\/p>\n<p style=\"text-align: justify;\">\n<p style=\"text-align: justify;\">Para revisar la columna en El Mercurio, haz clic<strong><a href=\"http:\/\/gobierno.udd.cl\/cpp\/files\/2016\/08\/2016-08-19_impresa.elmercurio.com_MERSTOC002AA1908_1100.png\" target=\"_blank\"> AQU\u00cd<\/a><\/strong>.<\/p>\n","protected":false},"excerpt":{"rendered":"<p>Se\u00f1or Director: El ministro de Transportes pretende impulsar una variante de la restricci\u00f3n vehicular cl\u00e1sica, que permite que los automovilistas afectos puedan pagar un pase diario para poder circular el d\u00eda que les toque restricci\u00f3n. Al respecto, la pregunta que surge inmediatamente es cu\u00e1nto debe ser el valor de ese pase diario. Un valor muy [&hellip;]<\/p>\n","protected":false},"author":22,"featured_media":893,"comment_status":"open","ping_status":"open","sticky":false,"template":"","format":"standard","meta":{"footnotes":""},"categories":[10162],"tags":[],"class_list":["post-2145","post","type-post","status-publish","format-standard","has-post-thumbnail","hentry","category-centro-en-la-prensa"],"featured_image_url":"https:\/\/gobierno.udd.cl\/cpp\/files\/2015\/05\/udd_cpp_prensa_340.png","_links":{"self":[{"href":"https:\/\/gobierno.udd.cl\/cpp\/wp-json\/wp\/v2\/posts\/2145","targetHints":{"allow":["GET"]}}],"collection":[{"href":"https:\/\/gobierno.udd.cl\/cpp\/wp-json\/wp\/v2\/posts"}],"about":[{"href":"https:\/\/gobierno.udd.cl\/cpp\/wp-json\/wp\/v2\/types\/post"}],"author":[{"embeddable":true,"href":"https:\/\/gobierno.udd.cl\/cpp\/wp-json\/wp\/v2\/users\/22"}],"replies":[{"embeddable":true,"href":"https:\/\/gobierno.udd.cl\/cpp\/wp-json\/wp\/v2\/comments?post=2145"}],"version-history":[{"count":1,"href":"https:\/\/gobierno.udd.cl\/cpp\/wp-json\/wp\/v2\/posts\/2145\/revisions"}],"predecessor-version":[{"id":2147,"href":"https:\/\/gobierno.udd.cl\/cpp\/wp-json\/wp\/v2\/posts\/2145\/revisions\/2147"}],"wp:featuredmedia":[{"embeddable":true,"href":"https:\/\/gobierno.udd.cl\/cpp\/wp-json\/wp\/v2\/media\/893"}],"wp:attachment":[{"href":"https:\/\/gobierno.udd.cl\/cpp\/wp-json\/wp\/v2\/media?parent=2145"}],"wp:term":[{"taxonomy":"category","embeddable":true,"href":"https:\/\/gobierno.udd.cl\/cpp\/wp-json\/wp\/v2\/categories?post=2145"},{"taxonomy":"post_tag","embeddable":true,"href":"https:\/\/gobierno.udd.cl\/cpp\/wp-json\/wp\/v2\/tags?post=2145"}],"curies":[{"name":"wp","href":"https:\/\/api.w.org\/{rel}","templated":true}]}}