{"id":2140,"date":"2016-08-24T22:29:58","date_gmt":"2016-08-25T01:29:58","guid":{"rendered":"http:\/\/gobierno.udd.cl\/cpp\/?p=2140"},"modified":"2016-08-25T22:00:04","modified_gmt":"2016-08-26T01:00:04","slug":"lanzan-la-caja-de-pandora-de-la-educacion-superior-diario-concepcion","status":"publish","type":"post","link":"https:\/\/gobierno.udd.cl\/cpp\/noticias\/2016\/08\/24\/lanzan-la-caja-de-pandora-de-la-educacion-superior-diario-concepcion\/","title":{"rendered":"Lanzan la \u201cCaja de Pandora\u201d de la Educaci\u00f3n Superior &#8211; Diario Concepci\u00f3n"},"content":{"rendered":"<p style=\"text-align: justify;\">Los temas abordados por Mauricio Bravo y Mauro Salazar, investigadores del Centro de Pol\u00edticas P\u00fablicas (CCP) de la <span class=\"highlight\">Universidad<\/span> <span class=\"highlight\">del<\/span> <span class=\"highlight\">Desarrollo<\/span>, en su libro \u201cLa caja de Pandora: Hacia un Nuevo Mapa de la Educaci\u00f3n Superior\u201d, concentra una serie de preguntas sobre temas contingentes, pero que se proyecta decididamente al \u00e1mbito de preocupaciones m\u00e1s bien estructurales sobre el destino de la Educaci\u00f3n Superior de nuestro pa\u00eds.<\/p>\n<p style=\"text-align: justify;\">Una serie de entrevistas a personeros del \u00e1mbito acad\u00e9mico y la pol\u00edtica, entre los que destacan: Jaime Bellolio, Fernando Atria, Ricardo Paredes, Jos\u00e9 Bengoa, Harold Beyer, Federico Vald\u00e9s, Camila Vallejos, adem\u00e1s de Jos\u00e9 Joaqu\u00edn Brunner y Luis Riveros.\u00a0Los cuales hacen un agudo an\u00e1lisis sobre las consideraciones en cuanto a la misi\u00f3n y mejoramiento del sistema educacional.<\/p>\n<p style=\"text-align: justify;\">\u201cLa idea naci\u00f3 el a\u00f1o pasado, luego de escuchar el discurso de la Presidenta Bachelet el 21 de mayo, donde dio a conocer el proyecto de Gratuidad Universal.\u00a0Fue en ese momento que con Mauro Salazar empezamos a analizar los efectos, tanto negativos como\u00a0positivos de una pol\u00edtica como esta, propuesta que caus\u00f3 gran controversia, ya que mucha gente se opuso y otros estuvieron a favor, por lo que decidimos entrevistar a personas del mundo educacional como tambi\u00e9n del \u00e1mbito pol\u00edtico para que dieran su opini\u00f3n con respecto al tema\u201d, indic\u00f3 Mauricio Bravo.<\/p>\n<p style=\"text-align: justify;\">Esta obra constituye un diagn\u00f3stico en que se esgrimen variados puntos de vista sobre el actual sistema y tambi\u00e9n desarrolla una analog\u00eda sobre la \u201ccaja de pandora\u201d que abri\u00f3 el Gobierno, generando expectativas, como tambi\u00e9n incertidumbre sobre el futuro de la educaci\u00f3n superior.<\/p>\n<p style=\"text-align: justify;\">Si bien la mayor\u00eda de los entrevistados comparte uno de los prop\u00f3sitos de la Reforma, que es generar mayor inclusi\u00f3n en la educaci\u00f3n superior, hay discrepancias sobre la forma en que se pretende lograr el objetivo.<\/p>\n<p style=\"text-align: justify;\">\u201cHay consenso en la gratuidad, pero no universal, sino m\u00e1s bien focalizada a la poblaci\u00f3n m\u00e1s vulnerable del pa\u00eds y a los sectores medios un sistema de Becas y Cr\u00e9ditos\u201d, coment\u00f3 el investigador.<\/p>\n<p style=\"text-align: justify;\">Para ver la nota, haz clic <strong><a href=\"http:\/\/gobierno.udd.cl\/cpp\/files\/2016\/08\/2016-08-19_papeldigital.info_diarioconcepcion_007.jpg\" target=\"_blank\">AQU\u00cd<\/a><\/strong>.<\/p>\n","protected":false},"excerpt":{"rendered":"<p>Mauricio Bravo y Mauro Salazar presentaron en la UDD su investigaci\u00f3n sobre la Reforma Educacional de Michelle Bachelet.<\/p>\n","protected":false},"author":22,"featured_media":893,"comment_status":"open","ping_status":"open","sticky":false,"template":"","format":"standard","meta":{"footnotes":""},"categories":[10162],"tags":[],"class_list":["post-2140","post","type-post","status-publish","format-standard","has-post-thumbnail","hentry","category-centro-en-la-prensa"],"featured_image_url":"https:\/\/gobierno.udd.cl\/cpp\/files\/2015\/05\/udd_cpp_prensa_340.png","_links":{"self":[{"href":"https:\/\/gobierno.udd.cl\/cpp\/wp-json\/wp\/v2\/posts\/2140","targetHints":{"allow":["GET"]}}],"collection":[{"href":"https:\/\/gobierno.udd.cl\/cpp\/wp-json\/wp\/v2\/posts"}],"about":[{"href":"https:\/\/gobierno.udd.cl\/cpp\/wp-json\/wp\/v2\/types\/post"}],"author":[{"embeddable":true,"href":"https:\/\/gobierno.udd.cl\/cpp\/wp-json\/wp\/v2\/users\/22"}],"replies":[{"embeddable":true,"href":"https:\/\/gobierno.udd.cl\/cpp\/wp-json\/wp\/v2\/comments?post=2140"}],"version-history":[{"count":4,"href":"https:\/\/gobierno.udd.cl\/cpp\/wp-json\/wp\/v2\/posts\/2140\/revisions"}],"predecessor-version":[{"id":2149,"href":"https:\/\/gobierno.udd.cl\/cpp\/wp-json\/wp\/v2\/posts\/2140\/revisions\/2149"}],"wp:featuredmedia":[{"embeddable":true,"href":"https:\/\/gobierno.udd.cl\/cpp\/wp-json\/wp\/v2\/media\/893"}],"wp:attachment":[{"href":"https:\/\/gobierno.udd.cl\/cpp\/wp-json\/wp\/v2\/media?parent=2140"}],"wp:term":[{"taxonomy":"category","embeddable":true,"href":"https:\/\/gobierno.udd.cl\/cpp\/wp-json\/wp\/v2\/categories?post=2140"},{"taxonomy":"post_tag","embeddable":true,"href":"https:\/\/gobierno.udd.cl\/cpp\/wp-json\/wp\/v2\/tags?post=2140"}],"curies":[{"name":"wp","href":"https:\/\/api.w.org\/{rel}","templated":true}]}}