{"id":2135,"date":"2016-08-24T22:23:54","date_gmt":"2016-08-25T01:23:54","guid":{"rendered":"http:\/\/gobierno.udd.cl\/cpp\/?p=2135"},"modified":"2016-08-24T22:25:34","modified_gmt":"2016-08-25T01:25:34","slug":"lucas-palacios-otra-vez-la-clase-media-el-mercurio","status":"publish","type":"post","link":"https:\/\/gobierno.udd.cl\/cpp\/noticias\/2016\/08\/24\/lucas-palacios-otra-vez-la-clase-media-el-mercurio\/","title":{"rendered":"Lucas Palacios: Otra vez la clase media &#8211; El Mercurio"},"content":{"rendered":"<p style=\"text-align: justify;\">Se\u00f1or Director:<\/p>\n<p style=\"text-align: justify;\">Son muchos los chilenos que necesitan mejorar sus pensiones. Por distintos motivos, hay personas que no pudieron ahorrar lo suficiente en sus cuentas individuales. Por eso el Gobierno ha propuesto un nuevo sistema de reparto dentro del actual sistema de capitalizaci\u00f3n individual. As\u00ed, todos tendr\u00edamos pensiones dignas. Suena muy bien.<\/p>\n<p style=\"text-align: justify;\">Pero, \u00bfqui\u00e9n pagar\u00e1 esas nuevas pensiones? El sistema de reparto implica mejorar las pensiones de algunos con las mayores cotizaciones de otros. La propuesta del Gobierno es aumentar de 10% a 15% la cotizaci\u00f3n previsional respecto de la renta imponible mensual, reservando ese \u00faltimo 5% para financiar pensiones bajas, en forma solidaria.<\/p>\n<p style=\"text-align: justify;\">Dado que las cotizaciones previsionales tienen un l\u00edmite (actualmente de UF 70,3), el alza de 5% afectar\u00e1 en mayor medida a quienes no sobrepasen ese l\u00edmite en su cotizaci\u00f3n. Es decir, a la clase media. Pese a que se ha dicho que el 5% de cotizaci\u00f3n adicional lo financiar\u00e1 el empleador, esto implicar\u00e1 una menor opci\u00f3n de mejorar salarios l\u00edquidos.<\/p>\n<p style=\"text-align: justify;\">Otro factor importante a considerar es que el ingreso en la vejez no se explica solamente por el sistema de pensiones, sino que tambi\u00e9n por el ahorro personal y de tener una vivienda propia. Luego, al aumentar la cotizaci\u00f3n, hay menos recursos para financiar el ahorro y la compra de una vivienda.<\/p>\n<p style=\"text-align: justify;\">En resumen, el alza del 5% es nuevamente un impuesto a clase media, la gran financista de las \u00faltimas reformas.<\/p>\n<p style=\"text-align: justify;\">LUCAS PALACIOS COVARRUBIAS<\/p>\n<p style=\"text-align: justify;\">Centro de Pol\u00edticas P\u00fablicas Universidad del Desarrollo<\/p>\n<p style=\"text-align: justify;\">Para ver la carta, haz clic <strong><a href=\"http:\/\/gobierno.udd.cl\/cpp\/files\/2016\/08\/2016-08-18_impresa.elmercurio.com_MERSTOC002AA1808_1100.png\" target=\"_blank\">AQU\u00cd<\/a><\/strong>.<\/p>\n","protected":false},"excerpt":{"rendered":"<p>Se\u00f1or Director: Son muchos los chilenos que necesitan mejorar sus pensiones. Por distintos motivos, hay personas que no pudieron ahorrar lo suficiente en sus cuentas individuales. Por eso el Gobierno ha propuesto un nuevo sistema de reparto dentro del actual sistema de capitalizaci\u00f3n individual. As\u00ed, todos tendr\u00edamos pensiones dignas. Suena muy bien. Pero, \u00bfqui\u00e9n pagar\u00e1 [&hellip;]<\/p>\n","protected":false},"author":22,"featured_media":893,"comment_status":"open","ping_status":"open","sticky":false,"template":"","format":"standard","meta":{"footnotes":""},"categories":[10162],"tags":[],"class_list":["post-2135","post","type-post","status-publish","format-standard","has-post-thumbnail","hentry","category-centro-en-la-prensa"],"featured_image_url":"https:\/\/gobierno.udd.cl\/cpp\/files\/2015\/05\/udd_cpp_prensa_340.png","_links":{"self":[{"href":"https:\/\/gobierno.udd.cl\/cpp\/wp-json\/wp\/v2\/posts\/2135","targetHints":{"allow":["GET"]}}],"collection":[{"href":"https:\/\/gobierno.udd.cl\/cpp\/wp-json\/wp\/v2\/posts"}],"about":[{"href":"https:\/\/gobierno.udd.cl\/cpp\/wp-json\/wp\/v2\/types\/post"}],"author":[{"embeddable":true,"href":"https:\/\/gobierno.udd.cl\/cpp\/wp-json\/wp\/v2\/users\/22"}],"replies":[{"embeddable":true,"href":"https:\/\/gobierno.udd.cl\/cpp\/wp-json\/wp\/v2\/comments?post=2135"}],"version-history":[{"count":3,"href":"https:\/\/gobierno.udd.cl\/cpp\/wp-json\/wp\/v2\/posts\/2135\/revisions"}],"predecessor-version":[{"id":2139,"href":"https:\/\/gobierno.udd.cl\/cpp\/wp-json\/wp\/v2\/posts\/2135\/revisions\/2139"}],"wp:featuredmedia":[{"embeddable":true,"href":"https:\/\/gobierno.udd.cl\/cpp\/wp-json\/wp\/v2\/media\/893"}],"wp:attachment":[{"href":"https:\/\/gobierno.udd.cl\/cpp\/wp-json\/wp\/v2\/media?parent=2135"}],"wp:term":[{"taxonomy":"category","embeddable":true,"href":"https:\/\/gobierno.udd.cl\/cpp\/wp-json\/wp\/v2\/categories?post=2135"},{"taxonomy":"post_tag","embeddable":true,"href":"https:\/\/gobierno.udd.cl\/cpp\/wp-json\/wp\/v2\/tags?post=2135"}],"curies":[{"name":"wp","href":"https:\/\/api.w.org\/{rel}","templated":true}]}}