{"id":2133,"date":"2016-08-24T22:18:56","date_gmt":"2016-08-25T01:18:56","guid":{"rendered":"http:\/\/gobierno.udd.cl\/cpp\/?p=2133"},"modified":"2016-08-24T22:18:56","modified_gmt":"2016-08-25T01:18:56","slug":"debate-sobre-cifras-de-encuesta-cep-24-horas","status":"publish","type":"post","link":"https:\/\/gobierno.udd.cl\/cpp\/noticias\/2016\/08\/24\/debate-sobre-cifras-de-encuesta-cep-24-horas\/","title":{"rendered":"Debate sobre cifras de Encuesta CEP &#8211; 24 Horas"},"content":{"rendered":"<p style=\"text-align: justify;\">Debate entre especialistas, sobre los resultados de la encuesta CEP que ubican a la presidenta Michelle Bachelet con un 15% de aprobaci\u00f3n de la ciudadan\u00eda y la gesti\u00f3n del Gobierno. As\u00ed mismo, sobre las futuras elecciones presidenciales.<\/p>\n<p><b>Habla:<\/b><br \/>\n&#8211; Gloria De La Fuente, Dir. ejecutiva de Fundaci\u00f3n Chile 21.<\/p>\n<div>&#8211; Gonzalo M\u00fcller, acad\u00e9mico facultad de Gobierno <span class=\"highlight\">Universidad<\/span> <span class=\"highlight\">Del<\/span> <span class=\"highlight\">Desarrollo.<\/span><\/div>\n<div><\/div>\n<div>Para ver el panel completo, haz clic <strong><a href=\"http:\/\/map.conectamedia.cl\/index.php\/clippingNews\/view?id=899071&amp;email=13406&amp;fromemail=1\" target=\"_blank\">AQU\u00cd.<\/a><\/strong><\/div>\n","protected":false},"excerpt":{"rendered":"<p>Debate entre especialistas, sobre los resultados de la encuesta CEP que ubican a la presidenta Michelle Bachelet con un 15% de aprobaci\u00f3n de la ciudadan\u00eda y la gesti\u00f3n del Gobierno. As\u00ed mismo, sobre las futuras elecciones presidenciales. Habla: &#8211; Gloria De La Fuente, Dir. ejecutiva de Fundaci\u00f3n Chile 21. &#8211; Gonzalo M\u00fcller, acad\u00e9mico facultad de [&hellip;]<\/p>\n","protected":false},"author":22,"featured_media":893,"comment_status":"open","ping_status":"open","sticky":false,"template":"","format":"standard","meta":{"footnotes":""},"categories":[10162],"tags":[],"class_list":["post-2133","post","type-post","status-publish","format-standard","has-post-thumbnail","hentry","category-centro-en-la-prensa"],"featured_image_url":"https:\/\/gobierno.udd.cl\/cpp\/files\/2015\/05\/udd_cpp_prensa_340.png","_links":{"self":[{"href":"https:\/\/gobierno.udd.cl\/cpp\/wp-json\/wp\/v2\/posts\/2133","targetHints":{"allow":["GET"]}}],"collection":[{"href":"https:\/\/gobierno.udd.cl\/cpp\/wp-json\/wp\/v2\/posts"}],"about":[{"href":"https:\/\/gobierno.udd.cl\/cpp\/wp-json\/wp\/v2\/types\/post"}],"author":[{"embeddable":true,"href":"https:\/\/gobierno.udd.cl\/cpp\/wp-json\/wp\/v2\/users\/22"}],"replies":[{"embeddable":true,"href":"https:\/\/gobierno.udd.cl\/cpp\/wp-json\/wp\/v2\/comments?post=2133"}],"version-history":[{"count":1,"href":"https:\/\/gobierno.udd.cl\/cpp\/wp-json\/wp\/v2\/posts\/2133\/revisions"}],"predecessor-version":[{"id":2134,"href":"https:\/\/gobierno.udd.cl\/cpp\/wp-json\/wp\/v2\/posts\/2133\/revisions\/2134"}],"wp:featuredmedia":[{"embeddable":true,"href":"https:\/\/gobierno.udd.cl\/cpp\/wp-json\/wp\/v2\/media\/893"}],"wp:attachment":[{"href":"https:\/\/gobierno.udd.cl\/cpp\/wp-json\/wp\/v2\/media?parent=2133"}],"wp:term":[{"taxonomy":"category","embeddable":true,"href":"https:\/\/gobierno.udd.cl\/cpp\/wp-json\/wp\/v2\/categories?post=2133"},{"taxonomy":"post_tag","embeddable":true,"href":"https:\/\/gobierno.udd.cl\/cpp\/wp-json\/wp\/v2\/tags?post=2133"}],"curies":[{"name":"wp","href":"https:\/\/api.w.org\/{rel}","templated":true}]}}