{"id":2131,"date":"2016-08-24T22:14:25","date_gmt":"2016-08-25T01:14:25","guid":{"rendered":"http:\/\/gobierno.udd.cl\/cpp\/?p=2131"},"modified":"2016-08-24T22:14:25","modified_gmt":"2016-08-25T01:14:25","slug":"gonzalo-muller-resultados-encuesta-cep-cnn-chile","status":"publish","type":"post","link":"https:\/\/gobierno.udd.cl\/cpp\/noticias\/2016\/08\/24\/gonzalo-muller-resultados-encuesta-cep-cnn-chile\/","title":{"rendered":"Gonzalo M\u00fcller: Resultados encuesta CEP &#8211; CNN Chile"},"content":{"rendered":"<p>Entrevista a Gonzalo M\u00fcller, Director Programa de Opini\u00f3n P\u00fablica UDD.<\/p>\n<p><strong>Temas:<\/strong><br \/>\n&#8211; Resultados encuesta CEP.<br \/>\n&#8211; Presidenta Bachelet obtuvo un 15% de aprobaci\u00f3n bajando nueve puntos desde el sondeo anterior.<br \/>\n&#8211; La aprobaci\u00f3n de Bachelet es la m\u00e1s baja de un mandatario desde el retorno de la democracia.<\/p>\n<p>Para ver la entrevista completa, haz clic <strong><a href=\"http:\/\/map.conectamedia.cl\/index.php\/clippingNews\/view?id=898002&amp;email=13406&amp;fromemail=1\" target=\"_blank\">AQU\u00cd<\/a>.<\/strong><\/p>\n","protected":false},"excerpt":{"rendered":"<p>Entrevista a Gonzalo M\u00fcller, Director Programa de Opini\u00f3n P\u00fablica UDD. Temas: &#8211; Resultados encuesta CEP. &#8211; Presidenta Bachelet obtuvo un 15% de aprobaci\u00f3n bajando nueve puntos desde el sondeo anterior. &#8211; La aprobaci\u00f3n de Bachelet es la m\u00e1s baja de un mandatario desde el retorno de la democracia. Para ver la entrevista completa, haz clic [&hellip;]<\/p>\n","protected":false},"author":22,"featured_media":893,"comment_status":"open","ping_status":"open","sticky":false,"template":"","format":"standard","meta":{"footnotes":""},"categories":[10162],"tags":[],"class_list":["post-2131","post","type-post","status-publish","format-standard","has-post-thumbnail","hentry","category-centro-en-la-prensa"],"featured_image_url":"https:\/\/gobierno.udd.cl\/cpp\/files\/2015\/05\/udd_cpp_prensa_340.png","_links":{"self":[{"href":"https:\/\/gobierno.udd.cl\/cpp\/wp-json\/wp\/v2\/posts\/2131","targetHints":{"allow":["GET"]}}],"collection":[{"href":"https:\/\/gobierno.udd.cl\/cpp\/wp-json\/wp\/v2\/posts"}],"about":[{"href":"https:\/\/gobierno.udd.cl\/cpp\/wp-json\/wp\/v2\/types\/post"}],"author":[{"embeddable":true,"href":"https:\/\/gobierno.udd.cl\/cpp\/wp-json\/wp\/v2\/users\/22"}],"replies":[{"embeddable":true,"href":"https:\/\/gobierno.udd.cl\/cpp\/wp-json\/wp\/v2\/comments?post=2131"}],"version-history":[{"count":1,"href":"https:\/\/gobierno.udd.cl\/cpp\/wp-json\/wp\/v2\/posts\/2131\/revisions"}],"predecessor-version":[{"id":2132,"href":"https:\/\/gobierno.udd.cl\/cpp\/wp-json\/wp\/v2\/posts\/2131\/revisions\/2132"}],"wp:featuredmedia":[{"embeddable":true,"href":"https:\/\/gobierno.udd.cl\/cpp\/wp-json\/wp\/v2\/media\/893"}],"wp:attachment":[{"href":"https:\/\/gobierno.udd.cl\/cpp\/wp-json\/wp\/v2\/media?parent=2131"}],"wp:term":[{"taxonomy":"category","embeddable":true,"href":"https:\/\/gobierno.udd.cl\/cpp\/wp-json\/wp\/v2\/categories?post=2131"},{"taxonomy":"post_tag","embeddable":true,"href":"https:\/\/gobierno.udd.cl\/cpp\/wp-json\/wp\/v2\/tags?post=2131"}],"curies":[{"name":"wp","href":"https:\/\/api.w.org\/{rel}","templated":true}]}}