{"id":2128,"date":"2016-08-24T22:10:33","date_gmt":"2016-08-25T01:10:33","guid":{"rendered":"http:\/\/gobierno.udd.cl\/cpp\/?p=2128"},"modified":"2016-08-24T22:10:48","modified_gmt":"2016-08-25T01:10:48","slug":"revision-a-padron-electoral-revelo-que-permanecen-inscritas-11-mil-personas-con-mas-de-120-anos-canal-itv","status":"publish","type":"post","link":"https:\/\/gobierno.udd.cl\/cpp\/noticias\/2016\/08\/24\/revision-a-padron-electoral-revelo-que-permanecen-inscritas-11-mil-personas-con-mas-de-120-anos-canal-itv\/","title":{"rendered":"Revisi\u00f3n a padr\u00f3n electoral revel\u00f3 que permanecen inscritas 11 mil personas con m\u00e1s de 120 a\u00f1os- Canal ITV"},"content":{"rendered":"<p style=\"text-align: justify;\">El Servel dio a conocer el padr\u00f3n electoral auditado en el que figuran m\u00e1s de once mil fallecidos, pero el organismo no tiene la facultad de eliminarlos si el Registro Civil no informa de su muerte.<\/p>\n<p style=\"text-align: justify;\"><strong>Hablan:<\/strong><\/p>\n<ul>\n<li style=\"text-align: justify;\">Juan Luis Castro, jefe bancada PS.<\/li>\n<li style=\"text-align: justify;\">Germ\u00e1n Becker, jefe bancada RN.<\/li>\n<li style=\"text-align: justify;\">Ram\u00f3n Far\u00edas, diputado PPD.<\/li>\n<li style=\"text-align: justify;\">Gonzalo M\u00fcller, Programa Opini\u00f3n P\u00fablica UDD.<\/li>\n<li style=\"text-align: justify;\">Felipe Vergara, analista pol\u00edtico UNAB.<\/li>\n<\/ul>\n<p>Para ver el video completo, haz clic <strong><a href=\"http:\/\/map.conectamedia.cl\/index.php\/clippingNews\/view?id=881836&amp;email=13406&amp;fromemail=1\" target=\"_blank\">AQU\u00cd.<\/a><\/strong><\/p>\n","protected":false},"excerpt":{"rendered":"<p>El Servel dio a conocer el padr\u00f3n electoral auditado en el que figuran m\u00e1s de once mil fallecidos, pero el organismo no tiene la facultad de eliminarlos si el Registro Civil no informa de su muerte. Hablan: Juan Luis Castro, jefe bancada PS. Germ\u00e1n Becker, jefe bancada RN. Ram\u00f3n Far\u00edas, diputado PPD. Gonzalo M\u00fcller, Programa [&hellip;]<\/p>\n","protected":false},"author":22,"featured_media":893,"comment_status":"open","ping_status":"open","sticky":false,"template":"","format":"standard","meta":{"footnotes":""},"categories":[10162],"tags":[],"class_list":["post-2128","post","type-post","status-publish","format-standard","has-post-thumbnail","hentry","category-centro-en-la-prensa"],"featured_image_url":"https:\/\/gobierno.udd.cl\/cpp\/files\/2015\/05\/udd_cpp_prensa_340.png","_links":{"self":[{"href":"https:\/\/gobierno.udd.cl\/cpp\/wp-json\/wp\/v2\/posts\/2128","targetHints":{"allow":["GET"]}}],"collection":[{"href":"https:\/\/gobierno.udd.cl\/cpp\/wp-json\/wp\/v2\/posts"}],"about":[{"href":"https:\/\/gobierno.udd.cl\/cpp\/wp-json\/wp\/v2\/types\/post"}],"author":[{"embeddable":true,"href":"https:\/\/gobierno.udd.cl\/cpp\/wp-json\/wp\/v2\/users\/22"}],"replies":[{"embeddable":true,"href":"https:\/\/gobierno.udd.cl\/cpp\/wp-json\/wp\/v2\/comments?post=2128"}],"version-history":[{"count":2,"href":"https:\/\/gobierno.udd.cl\/cpp\/wp-json\/wp\/v2\/posts\/2128\/revisions"}],"predecessor-version":[{"id":2130,"href":"https:\/\/gobierno.udd.cl\/cpp\/wp-json\/wp\/v2\/posts\/2128\/revisions\/2130"}],"wp:featuredmedia":[{"embeddable":true,"href":"https:\/\/gobierno.udd.cl\/cpp\/wp-json\/wp\/v2\/media\/893"}],"wp:attachment":[{"href":"https:\/\/gobierno.udd.cl\/cpp\/wp-json\/wp\/v2\/media?parent=2128"}],"wp:term":[{"taxonomy":"category","embeddable":true,"href":"https:\/\/gobierno.udd.cl\/cpp\/wp-json\/wp\/v2\/categories?post=2128"},{"taxonomy":"post_tag","embeddable":true,"href":"https:\/\/gobierno.udd.cl\/cpp\/wp-json\/wp\/v2\/tags?post=2128"}],"curies":[{"name":"wp","href":"https:\/\/api.w.org\/{rel}","templated":true}]}}