{"id":2126,"date":"2016-08-24T22:07:13","date_gmt":"2016-08-25T01:07:13","guid":{"rendered":"http:\/\/gobierno.udd.cl\/cpp\/?p=2126"},"modified":"2016-08-24T22:07:13","modified_gmt":"2016-08-25T01:07:13","slug":"dan-a-conocer-irregularidades-en-el-padron-electoral-canal-antofagasta-tv","status":"publish","type":"post","link":"https:\/\/gobierno.udd.cl\/cpp\/noticias\/2016\/08\/24\/dan-a-conocer-irregularidades-en-el-padron-electoral-canal-antofagasta-tv\/","title":{"rendered":"Dan a conocer irregularidades en el padr\u00f3n electoral &#8211; Canal Antofagasta TV"},"content":{"rendered":"<p style=\"text-align: justify;\">El Servel dio a conocer el padr\u00f3n electoral auditado en el que figuran m\u00e1s de once mil fallecidos. El organismo no tiene la facultad de eliminarlos si el Registro Civil no informa de su muerte.<\/p>\n<p>Hablan:<\/p>\n<ul>\n<li>Juan Luis Castro, jefe bancada PS.<\/li>\n<li>Germ\u00e1n Becker, jefe bancada RN.<\/li>\n<li>Ram\u00f3n Far\u00edas, diputado PPD.<\/li>\n<li>Gonzalo M\u00fcller, Dir. Programa Opini\u00f3n P\u00fablica U. del Desarrollo.<\/li>\n<li>Felipe Vergara, analista pol\u00edtico UNAB.<\/li>\n<\/ul>\n<p>Para ver video, haz clic <strong><a href=\"http:\/\/map.conectamedia.cl\/index.php\/clippingNews\/view?id=881858&amp;email=13406&amp;fromemail=1\" target=\"_blank\">AQU\u00cd<\/a><\/strong>.<\/p>\n","protected":false},"excerpt":{"rendered":"<p>El Servel dio a conocer el padr\u00f3n electoral auditado en el que figuran m\u00e1s de once mil fallecidos. El organismo no tiene la facultad de eliminarlos si el Registro Civil no informa de su muerte. Hablan: Juan Luis Castro, jefe bancada PS. Germ\u00e1n Becker, jefe bancada RN. Ram\u00f3n Far\u00edas, diputado PPD. Gonzalo M\u00fcller, Dir. Programa [&hellip;]<\/p>\n","protected":false},"author":22,"featured_media":893,"comment_status":"open","ping_status":"open","sticky":false,"template":"","format":"standard","meta":{"footnotes":""},"categories":[10162],"tags":[],"class_list":["post-2126","post","type-post","status-publish","format-standard","has-post-thumbnail","hentry","category-centro-en-la-prensa"],"featured_image_url":"https:\/\/gobierno.udd.cl\/cpp\/files\/2015\/05\/udd_cpp_prensa_340.png","_links":{"self":[{"href":"https:\/\/gobierno.udd.cl\/cpp\/wp-json\/wp\/v2\/posts\/2126","targetHints":{"allow":["GET"]}}],"collection":[{"href":"https:\/\/gobierno.udd.cl\/cpp\/wp-json\/wp\/v2\/posts"}],"about":[{"href":"https:\/\/gobierno.udd.cl\/cpp\/wp-json\/wp\/v2\/types\/post"}],"author":[{"embeddable":true,"href":"https:\/\/gobierno.udd.cl\/cpp\/wp-json\/wp\/v2\/users\/22"}],"replies":[{"embeddable":true,"href":"https:\/\/gobierno.udd.cl\/cpp\/wp-json\/wp\/v2\/comments?post=2126"}],"version-history":[{"count":1,"href":"https:\/\/gobierno.udd.cl\/cpp\/wp-json\/wp\/v2\/posts\/2126\/revisions"}],"predecessor-version":[{"id":2127,"href":"https:\/\/gobierno.udd.cl\/cpp\/wp-json\/wp\/v2\/posts\/2126\/revisions\/2127"}],"wp:featuredmedia":[{"embeddable":true,"href":"https:\/\/gobierno.udd.cl\/cpp\/wp-json\/wp\/v2\/media\/893"}],"wp:attachment":[{"href":"https:\/\/gobierno.udd.cl\/cpp\/wp-json\/wp\/v2\/media?parent=2126"}],"wp:term":[{"taxonomy":"category","embeddable":true,"href":"https:\/\/gobierno.udd.cl\/cpp\/wp-json\/wp\/v2\/categories?post=2126"},{"taxonomy":"post_tag","embeddable":true,"href":"https:\/\/gobierno.udd.cl\/cpp\/wp-json\/wp\/v2\/tags?post=2126"}],"curies":[{"name":"wp","href":"https:\/\/api.w.org\/{rel}","templated":true}]}}