{"id":2124,"date":"2016-08-24T22:03:15","date_gmt":"2016-08-25T01:03:15","guid":{"rendered":"http:\/\/gobierno.udd.cl\/cpp\/?p=2124"},"modified":"2016-08-24T22:03:15","modified_gmt":"2016-08-25T01:03:15","slug":"lucas-palacios-renovacion-politica-biobiochile","status":"publish","type":"post","link":"https:\/\/gobierno.udd.cl\/cpp\/noticias\/2016\/08\/24\/lucas-palacios-renovacion-politica-biobiochile\/","title":{"rendered":"Lucas Palacios: Renovaci\u00f3n Pol\u00edtica &#8211; BioBioChileTV"},"content":{"rendered":"<p style=\"text-align: justify;\">En un par de meses tendremos elecciones a Alcaldes y Concejales. Y a ra\u00edz de eso, quisiera hacerle una pregunta sencilla: \u00bfusted conoce a los candidatos en su comuna? Probablemente sepa cu\u00e1les de las actuales autoridades comunales ir\u00e1 a la reelecci\u00f3n. Ellos son los incumbentes y se han preocupado que usted lo sepa y que, \u2026 Continua leyendo \u00abRenovaci\u00f3n en la Pol\u00edtica\u00bb.<\/p>\n<p style=\"text-align: justify;\">Para ver la columna, haz clic <strong><a href=\"http:\/\/www.biobiochile.cl\/noticias\/bbtv\/los-columnistas-tv\/2016\/08\/17\/renovacion-en-la-politica.shtml\" target=\"_blank\">AQU\u00cd<\/a>.<\/strong><\/p>\n<p style=\"text-align: justify;\">\n","protected":false},"excerpt":{"rendered":"<p>En un par de meses tendremos elecciones a Alcaldes y Concejales. Y a ra\u00edz de eso, quisiera hacerle una pregunta sencilla: \u00bfusted conoce a los candidatos en su comuna? Probablemente sepa cu\u00e1les de las actuales autoridades comunales ir\u00e1 a la reelecci\u00f3n. Ellos son los incumbentes y se han preocupado que usted lo sepa y que, [&hellip;]<\/p>\n","protected":false},"author":22,"featured_media":893,"comment_status":"open","ping_status":"open","sticky":false,"template":"","format":"standard","meta":{"footnotes":""},"categories":[10162],"tags":[],"class_list":["post-2124","post","type-post","status-publish","format-standard","has-post-thumbnail","hentry","category-centro-en-la-prensa"],"featured_image_url":"https:\/\/gobierno.udd.cl\/cpp\/files\/2015\/05\/udd_cpp_prensa_340.png","_links":{"self":[{"href":"https:\/\/gobierno.udd.cl\/cpp\/wp-json\/wp\/v2\/posts\/2124","targetHints":{"allow":["GET"]}}],"collection":[{"href":"https:\/\/gobierno.udd.cl\/cpp\/wp-json\/wp\/v2\/posts"}],"about":[{"href":"https:\/\/gobierno.udd.cl\/cpp\/wp-json\/wp\/v2\/types\/post"}],"author":[{"embeddable":true,"href":"https:\/\/gobierno.udd.cl\/cpp\/wp-json\/wp\/v2\/users\/22"}],"replies":[{"embeddable":true,"href":"https:\/\/gobierno.udd.cl\/cpp\/wp-json\/wp\/v2\/comments?post=2124"}],"version-history":[{"count":1,"href":"https:\/\/gobierno.udd.cl\/cpp\/wp-json\/wp\/v2\/posts\/2124\/revisions"}],"predecessor-version":[{"id":2125,"href":"https:\/\/gobierno.udd.cl\/cpp\/wp-json\/wp\/v2\/posts\/2124\/revisions\/2125"}],"wp:featuredmedia":[{"embeddable":true,"href":"https:\/\/gobierno.udd.cl\/cpp\/wp-json\/wp\/v2\/media\/893"}],"wp:attachment":[{"href":"https:\/\/gobierno.udd.cl\/cpp\/wp-json\/wp\/v2\/media?parent=2124"}],"wp:term":[{"taxonomy":"category","embeddable":true,"href":"https:\/\/gobierno.udd.cl\/cpp\/wp-json\/wp\/v2\/categories?post=2124"},{"taxonomy":"post_tag","embeddable":true,"href":"https:\/\/gobierno.udd.cl\/cpp\/wp-json\/wp\/v2\/tags?post=2124"}],"curies":[{"name":"wp","href":"https:\/\/api.w.org\/{rel}","templated":true}]}}