{"id":2121,"date":"2016-08-24T21:57:43","date_gmt":"2016-08-25T00:57:43","guid":{"rendered":"http:\/\/gobierno.udd.cl\/cpp\/?p=2121"},"modified":"2016-08-24T21:58:27","modified_gmt":"2016-08-25T00:58:27","slug":"lucas-palacios-caso-de-ricardo-rincon-radio-futuro","status":"publish","type":"post","link":"https:\/\/gobierno.udd.cl\/cpp\/noticias\/2016\/08\/24\/lucas-palacios-caso-de-ricardo-rincon-radio-futuro\/","title":{"rendered":"Lucas Palacios: Caso de Ricardo Rinc\u00f3n &#8211; Radio Futuro"},"content":{"rendered":"<p>Panelistas discuten sobre los siguientes temas:<\/p>\n<div>-Juegos ol\u00edmpicos.<\/div>\n<div>-Caso de Ricardo Rinc\u00f3n y comunicado de la DC.<\/div>\n<div>-Exigencias hacia los pol\u00edticos.<\/div>\n<div>-Las violencias de g\u00e9neros son transversales.<\/div>\n<div>-An\u00e1lisis del fin de semana largo.<\/div>\n<div>-Feriados que quedan.<\/div>\n<div>-Estudio de la Sofofa se\u00f1ala que los hombres prefieren a jefes mujeres.<\/div>\n<div>-Diferencias de sueldos entre hombres y mujeres.<br \/>\n-Lucros en las universidades.<\/div>\n<div><\/div>\n<div><\/div>\n<div><strong>Hablan:<\/strong><\/div>\n<div>&#8211; Laura Albornoz, militante DC y acad\u00e9mica U. de Chile.<\/div>\n<div>&#8211; <span class=\"highlight\">Lucas<\/span> <span class=\"highlight\">Palacios<\/span>, acad\u00e9mico <span class=\"highlight\">Universidad\u00a0<\/span><span class=\"highlight\">del<\/span> <span class=\"highlight\">Desarrollo.<\/span><\/div>\n<div>&#8211; Robert Funk, director de Plural y acad\u00e9mico U. de Chile.<\/div>\n<div><\/div>\n<div>Escuchar, <strong><a href=\"http:\/\/map.conectamedia.cl\/index.php\/clippingNews\/view?id=882515&amp;email=13406&amp;fromemail=1\" target=\"_blank\">AQU\u00cd<\/a><\/strong>.<\/div>\n","protected":false},"excerpt":{"rendered":"<p>Panelistas discuten sobre los siguientes temas: -Juegos ol\u00edmpicos. -Caso de Ricardo Rinc\u00f3n y comunicado de la DC. -Exigencias hacia los pol\u00edticos. -Las violencias de g\u00e9neros son transversales. -An\u00e1lisis del fin de semana largo. -Feriados que quedan. -Estudio de la Sofofa se\u00f1ala que los hombres prefieren a jefes mujeres. -Diferencias de sueldos entre hombres y mujeres. [&hellip;]<\/p>\n","protected":false},"author":22,"featured_media":893,"comment_status":"open","ping_status":"open","sticky":false,"template":"","format":"standard","meta":{"footnotes":""},"categories":[10162],"tags":[],"class_list":["post-2121","post","type-post","status-publish","format-standard","has-post-thumbnail","hentry","category-centro-en-la-prensa"],"featured_image_url":"https:\/\/gobierno.udd.cl\/cpp\/files\/2015\/05\/udd_cpp_prensa_340.png","_links":{"self":[{"href":"https:\/\/gobierno.udd.cl\/cpp\/wp-json\/wp\/v2\/posts\/2121","targetHints":{"allow":["GET"]}}],"collection":[{"href":"https:\/\/gobierno.udd.cl\/cpp\/wp-json\/wp\/v2\/posts"}],"about":[{"href":"https:\/\/gobierno.udd.cl\/cpp\/wp-json\/wp\/v2\/types\/post"}],"author":[{"embeddable":true,"href":"https:\/\/gobierno.udd.cl\/cpp\/wp-json\/wp\/v2\/users\/22"}],"replies":[{"embeddable":true,"href":"https:\/\/gobierno.udd.cl\/cpp\/wp-json\/wp\/v2\/comments?post=2121"}],"version-history":[{"count":2,"href":"https:\/\/gobierno.udd.cl\/cpp\/wp-json\/wp\/v2\/posts\/2121\/revisions"}],"predecessor-version":[{"id":2123,"href":"https:\/\/gobierno.udd.cl\/cpp\/wp-json\/wp\/v2\/posts\/2121\/revisions\/2123"}],"wp:featuredmedia":[{"embeddable":true,"href":"https:\/\/gobierno.udd.cl\/cpp\/wp-json\/wp\/v2\/media\/893"}],"wp:attachment":[{"href":"https:\/\/gobierno.udd.cl\/cpp\/wp-json\/wp\/v2\/media?parent=2121"}],"wp:term":[{"taxonomy":"category","embeddable":true,"href":"https:\/\/gobierno.udd.cl\/cpp\/wp-json\/wp\/v2\/categories?post=2121"},{"taxonomy":"post_tag","embeddable":true,"href":"https:\/\/gobierno.udd.cl\/cpp\/wp-json\/wp\/v2\/tags?post=2121"}],"curies":[{"name":"wp","href":"https:\/\/api.w.org\/{rel}","templated":true}]}}