{"id":212,"date":"2013-05-09T22:00:52","date_gmt":"2013-05-10T02:00:52","guid":{"rendered":"http:\/\/gobierno.udd.cl\/ceipp\/?p=212"},"modified":"2015-01-14T16:25:07","modified_gmt":"2015-01-14T19:25:07","slug":"participa-del-debate-sobre-la-nueva-ley-de-tabaco","status":"publish","type":"post","link":"https:\/\/gobierno.udd.cl\/cpp\/noticias\/2013\/05\/09\/participa-del-debate-sobre-la-nueva-ley-de-tabaco\/","title":{"rendered":"Participa del debate sobre la nueva ley de tabaco"},"content":{"rendered":"<p style=\"text-align: justify;\"><strong>El diputado PPD Dr. Enrique Accorsi y el decano de la Facultad de Gobierno Eugenio Guzm\u00e1n debatir\u00e1n en torno a la disyuntiva salud y autonom\u00eda que propone la nueva legislaci\u00f3n.<\/strong><\/p>\n<p style=\"text-align: justify;\"><a href=\"http:\/\/gobierno.udd.cl\/ceipp\/files\/2013\/05\/ley-del-tabaco-300x119.jpg\"><img loading=\"lazy\" decoding=\"async\" class=\"aligncenter size-full wp-image-213\" title=\"ley-del-tabaco-300x119\" alt=\"\" src=\"http:\/\/gobierno.udd.cl\/ceipp\/files\/2013\/05\/ley-del-tabaco-300x119.jpg\" width=\"300\" height=\"119\" srcset=\"https:\/\/gobierno.udd.cl\/cpp\/files\/2013\/05\/ley-del-tabaco-300x119.jpg 300w, https:\/\/gobierno.udd.cl\/cpp\/files\/2013\/05\/ley-del-tabaco-300x119-176x70.jpg 176w, https:\/\/gobierno.udd.cl\/cpp\/files\/2013\/05\/ley-del-tabaco-300x119-223x88.jpg 223w\" sizes=\"auto, (max-width: 300px) 100vw, 300px\" \/><\/a><\/p>\n<p style=\"text-align: justify;\">El pr\u00f3ximo lunes 13 de mayo a las 11.00 en el auditorio 114 del campus Rector Ernesto Silva Bafalluy, la coordinaci\u00f3n de extensi\u00f3n de la Facultad de Gobierno invita a los alumnos de Ciencia Pol\u00edtica y Pol\u00edticas P\u00fablicas al debate sobre la ley 20.660, la cual comenz\u00f3 a regir el 1 de marzo aumentado las restricciones al consumo, venta y publicidad del cigarro. En el debate participar\u00e1n el diputado PPD <a href=\"http:\/\/www.camara.cl\/camara\/diputado_detalle.aspx?prmid=800\">Enrique Accorsi<\/a> y nuestro decano<a href=\"http:\/\/gobierno.udd.cl\/personas\/eugenio-guzman\/\"> Eugenio Guzm\u00e1n.<\/a><\/p>\n<p style=\"text-align: justify;\">Para mayor informaci\u00f3n, escribir al siguiente correo: \u00a0<a href=\"mailto:jrossel@udd.cl\" target=\"_blank\">jrossel@udd.cl<\/a><\/p>\n","protected":false},"excerpt":{"rendered":"<p>El diputado PPD Dr. Enrique Accorsi y el decano de la Facultad de Gobierno Eugenio Guzm\u00e1n debatir\u00e1n en torno a la disyuntiva salud y autonom\u00eda que propone la nueva legislaci\u00f3n. El pr\u00f3ximo lunes 13 de mayo a las 11.00 en el auditorio 114 del campus Rector Ernesto Silva Bafalluy, la coordinaci\u00f3n de extensi\u00f3n de la [&hellip;]<\/p>\n","protected":false},"author":1,"featured_media":526,"comment_status":"open","ping_status":"open","sticky":false,"template":"","format":"standard","meta":{"footnotes":""},"categories":[4],"tags":[7382],"class_list":["post-212","post","type-post","status-publish","format-standard","has-post-thumbnail","hentry","category-noticias","tag-ley-del-tabaco"],"featured_image_url":"https:\/\/gobierno.udd.cl\/cpp\/files\/2013\/05\/Tabaco.jpg","_links":{"self":[{"href":"https:\/\/gobierno.udd.cl\/cpp\/wp-json\/wp\/v2\/posts\/212","targetHints":{"allow":["GET"]}}],"collection":[{"href":"https:\/\/gobierno.udd.cl\/cpp\/wp-json\/wp\/v2\/posts"}],"about":[{"href":"https:\/\/gobierno.udd.cl\/cpp\/wp-json\/wp\/v2\/types\/post"}],"author":[{"embeddable":true,"href":"https:\/\/gobierno.udd.cl\/cpp\/wp-json\/wp\/v2\/users\/1"}],"replies":[{"embeddable":true,"href":"https:\/\/gobierno.udd.cl\/cpp\/wp-json\/wp\/v2\/comments?post=212"}],"version-history":[{"count":7,"href":"https:\/\/gobierno.udd.cl\/cpp\/wp-json\/wp\/v2\/posts\/212\/revisions"}],"predecessor-version":[{"id":530,"href":"https:\/\/gobierno.udd.cl\/cpp\/wp-json\/wp\/v2\/posts\/212\/revisions\/530"}],"wp:featuredmedia":[{"embeddable":true,"href":"https:\/\/gobierno.udd.cl\/cpp\/wp-json\/wp\/v2\/media\/526"}],"wp:attachment":[{"href":"https:\/\/gobierno.udd.cl\/cpp\/wp-json\/wp\/v2\/media?parent=212"}],"wp:term":[{"taxonomy":"category","embeddable":true,"href":"https:\/\/gobierno.udd.cl\/cpp\/wp-json\/wp\/v2\/categories?post=212"},{"taxonomy":"post_tag","embeddable":true,"href":"https:\/\/gobierno.udd.cl\/cpp\/wp-json\/wp\/v2\/tags?post=212"}],"curies":[{"name":"wp","href":"https:\/\/api.w.org\/{rel}","templated":true}]}}