{"id":2115,"date":"2016-08-18T12:44:57","date_gmt":"2016-08-18T15:44:57","guid":{"rendered":"http:\/\/gobierno.udd.cl\/cpp\/?p=2115"},"modified":"2016-08-18T12:44:57","modified_gmt":"2016-08-18T15:44:57","slug":"el-sentido-de-lo-publico-por-raul-jara","status":"publish","type":"post","link":"https:\/\/gobierno.udd.cl\/cpp\/noticias\/2016\/08\/18\/el-sentido-de-lo-publico-por-raul-jara\/","title":{"rendered":"El sentido de lo p\u00fablico por Ra\u00fal Jara"},"content":{"rendered":"<p style=\"text-align: justify;\">Bullada y tensa fue la interpelaci\u00f3n a la ministra Blanco esta semana. La diputada Marcela Sabat \u2013interpelante\u2013 logr\u00f3 al menos poner los puntos que hoy cuestionan el accionar de la cartera de Justicia y la gesti\u00f3n de su l\u00edder, la crisis prolongada del Sename, las poco presentables contrataciones en Gendarmer\u00eda, <strong>el \u201cjubilazo\u201d de la ex se\u00f1ora del diputado Andrade, Myriam Olate, entre otros problemas, fueron la vitrina de este ejercicio de poder por parte del legislativo.<\/strong><\/p>\n<p style=\"text-align: justify;\">Rememoremos. Era el 2002 cuando la entonces ministra Estelle Morris \u2013en el gobierno de Tony Blair\u2013, renunci\u00f3 al ejercicio de su cargo con una escueta y sincera raz\u00f3n: no era suficientemente buena para llevar a cabo las funciones. No se trataba de falta de bondad personal, sino que se sent\u00eda sobrepasada, era m\u00e1s dif\u00edcil de lo que ella pod\u00eda desempe\u00f1ar. La renuncia, obviamente, fue aceptada por el gobierno, <strong>y para muchos signific\u00f3 un ejemplo elocuente de servicio p\u00fablico. Es un hecho que vale la pena rememorar en estos d\u00edas en Chile.<\/strong><\/p>\n<p style=\"text-align: justify;\">Ministro del Reino Unido, ministro de tu pa\u00eds\u2026 \u00bfqu\u00e9 m\u00e1s se podr\u00eda pedir para alguien con vocaci\u00f3n de servicio p\u00fablico? Probablemente muy poco, y eso es lo dif\u00edcil y a la vez encomiable de la decisi\u00f3n de Morris, pues su actitud nos hace meditar sobre un aspecto fundamental de la vida pol\u00edtica: la honestidad en el servicio p\u00fablico. El recordado soci\u00f3logo Max Weber se refer\u00eda a este tema, y a la diferencia que haya entre un estadista y otras personas que circulan en la pol\u00edtica: esa capacidad de decir en alg\u00fan momento \u201cno puedo m\u00e1s, aqu\u00ed me quedo\u201d<strong>, junto con la humildad de reconocer las propias limitaciones. Por eso la ministra inglesa escribi\u00f3 su nombre en la historia del servicio p\u00fablico.<\/strong><\/p>\n<p style=\"text-align: justify;\">\u00bfY por qu\u00e9 en la historia? Servir a la sociedad tiene un prisma trascendental, que es la capacidad de beneficiar y mejorar la vida de las personas. <strong>Asimismo, malgastar recursos p\u00fablicos o una mala toma de decisiones, perjudicando de esta manera a varios actores de una sociedad, es una verg\u00fcenza que debe ser combatida.<\/strong><\/p>\n<p style=\"text-align: justify;\">Por cierto: ante el frenes\u00ed de reformas estructurales y de manoseadas retroexcavadoras, es importante recordar que un buen gobierno no se mide solamente por las tareas emprendidas con buen puerto, sino tambi\u00e9n por las realizadas err\u00f3neamente. Tambi\u00e9n por aquellas cosas que no se discutieron, como por ejemplo los olvidados de nuestro querido Chile, las personas en situaci\u00f3n de calle, los menores del Sename, las familias de campamento o los compatriotas que luchan contra la pobreza por nombrar algunos, considerando que para ellos no hay reforma estructural ni reforma tributaria que se haga cargo. De nada sirve mirar tu cuenta corriente a favor \u2013si fuera el caso\u2013 si tu l\u00ednea de cr\u00e9dito se est\u00e1 acabando, resulta a lo menos irrisorio.<\/p>\n<p style=\"text-align: justify;\">En efecto, ya es un estilo habitual ante una crisis pol\u00edtica el preocuparse sobre el impacto negativo en la imagen del involucrado, pasando por encima las razones de los cuestionamientos y factores causantes de la crisis. Lo importante pasa a ser la victoria pol\u00edtica, ganar el gallito electoral en perjuicio del r\u00e9dito social, lo que es una completa mezquindad, y m\u00e1s a\u00fan cuando debemos tener presente y grabado en nuestras mentes algo esencial, y es que a pesar de la adversidad del momento y las circunstancias,<strong> la cuesti\u00f3n pol\u00edtica es esencial a nuestra naturaleza humana, por ende es ineludible y necesaria.<\/strong><\/p>\n<p style=\"text-align: justify;\">\u00bfQu\u00e9 duda cabe? La interpelaci\u00f3n deja en evidencia que reinan los discursos, que las palabras tienen un peso mayor que los hechos, olvidando que los pa\u00edses se construyen con lo \u00faltimo. Para Luther King Jr. lo m\u00e1s persistente en la vida y la pregunta m\u00e1s urgente es: \u00bfQu\u00e9 est\u00e1s haciendo por los dem\u00e1s? O en nuestro caso por los olvidados. Es momento de dar en el clavo y entender que somos responsables de lo que ocurre.<\/p>\n<p style=\"text-align: justify;\">Nuestros problemas actuales son abordables, estamos lejos de estar en la mayor crisis que hayamos tenido, pero tambi\u00e9n es momento de avanzar y no olvidar los temas centrales. Basta de c\u00e1lculos pol\u00edticos y malas pr\u00e1cticas, es sabido que todos debemos aportar, pero los l\u00edderes tienen una responsabilidad y un rol ejemplificador que entregar en el servicio p\u00fablico. El pol\u00edtico, por vocaci\u00f3n, comprende su labor como \u00fanica: aportar al desarrollo de su pa\u00eds, ya sea dentro o fuera del sistema, o la recordada frase <strong>\u201chacer pol\u00edtica en la medida de lo posible\u201d. Lleg\u00f3 la hora que en Chile tengamos m\u00e1s Estelle Morris.<\/strong><\/p>\n<p style=\"text-align: justify;\">\n<p style=\"text-align: justify;\">Ver Columna <a href=\"http:\/\/voces.latercera.com\/2016\/08\/05\/raul-jara\/el-sentido-de-lo-publico\/\" target=\"_blank\">AQU\u00cd<\/a><\/p>\n","protected":false},"excerpt":{"rendered":"<p>Bullada y tensa fue la interpelaci\u00f3n a la ministra Blanco esta semana. La diputada Marcela Sabat \u2013interpelante\u2013 logr\u00f3 al menos poner los puntos que hoy cuestionan el accionar de la cartera de Justicia y la gesti\u00f3n de su l\u00edder, la crisis prolongada del Sename, las poco presentables contrataciones en Gendarmer\u00eda, el \u201cjubilazo\u201d de la ex [&hellip;]<\/p>\n","protected":false},"author":22,"featured_media":1733,"comment_status":"open","ping_status":"open","sticky":false,"template":"","format":"standard","meta":{"footnotes":""},"categories":[5095],"tags":[],"class_list":["post-2115","post","type-post","status-publish","format-standard","has-post-thumbnail","hentry","category-columnas-de-opinion"],"featured_image_url":"https:\/\/gobierno.udd.cl\/cpp\/files\/2016\/04\/Ra\u00fal-Jara.jpg","_links":{"self":[{"href":"https:\/\/gobierno.udd.cl\/cpp\/wp-json\/wp\/v2\/posts\/2115","targetHints":{"allow":["GET"]}}],"collection":[{"href":"https:\/\/gobierno.udd.cl\/cpp\/wp-json\/wp\/v2\/posts"}],"about":[{"href":"https:\/\/gobierno.udd.cl\/cpp\/wp-json\/wp\/v2\/types\/post"}],"author":[{"embeddable":true,"href":"https:\/\/gobierno.udd.cl\/cpp\/wp-json\/wp\/v2\/users\/22"}],"replies":[{"embeddable":true,"href":"https:\/\/gobierno.udd.cl\/cpp\/wp-json\/wp\/v2\/comments?post=2115"}],"version-history":[{"count":1,"href":"https:\/\/gobierno.udd.cl\/cpp\/wp-json\/wp\/v2\/posts\/2115\/revisions"}],"predecessor-version":[{"id":2116,"href":"https:\/\/gobierno.udd.cl\/cpp\/wp-json\/wp\/v2\/posts\/2115\/revisions\/2116"}],"wp:featuredmedia":[{"embeddable":true,"href":"https:\/\/gobierno.udd.cl\/cpp\/wp-json\/wp\/v2\/media\/1733"}],"wp:attachment":[{"href":"https:\/\/gobierno.udd.cl\/cpp\/wp-json\/wp\/v2\/media?parent=2115"}],"wp:term":[{"taxonomy":"category","embeddable":true,"href":"https:\/\/gobierno.udd.cl\/cpp\/wp-json\/wp\/v2\/categories?post=2115"},{"taxonomy":"post_tag","embeddable":true,"href":"https:\/\/gobierno.udd.cl\/cpp\/wp-json\/wp\/v2\/tags?post=2115"}],"curies":[{"name":"wp","href":"https:\/\/api.w.org\/{rel}","templated":true}]}}