{"id":2110,"date":"2016-08-18T12:34:38","date_gmt":"2016-08-18T15:34:38","guid":{"rendered":"http:\/\/gobierno.udd.cl\/cpp\/?p=2110"},"modified":"2016-08-18T12:34:38","modified_gmt":"2016-08-18T15:34:38","slug":"el-fin-de-la-nueva-mayoria-cnn-chile","status":"publish","type":"post","link":"https:\/\/gobierno.udd.cl\/cpp\/noticias\/2016\/08\/18\/el-fin-de-la-nueva-mayoria-cnn-chile\/","title":{"rendered":"\u00bf El fin de la Nueva Mayor\u00eda? &#8211; CNN Chile"},"content":{"rendered":"<p style=\"text-align: justify;\">Jorge Burgos declar\u00f3 que la Nueva Mayor\u00eda deber\u00eda terminar con este gobierno y asegur\u00f3 que tanto a la DC como a Chile le conviene una coalici\u00f3n de centro-izquierda.<\/p>\n<p>Gonzalo Muller, Acad\u00e9mico Centro de Pol\u00edticas P\u00fablicas <span class=\"highlight\">UDD<\/span>:<\/p>\n<div style=\"text-align: justify;\">\n<ul>\n<li>No es casualidad que el propio Partido Comunista el que haya torpedeado con m\u00e1s fuerza la posibilidad de una nueva candidatura de Ricardo Lagos.<\/li>\n<li>Yo creo que este punto de quiebre s\u00f3lo se va a ir profundizando.<\/li>\n<\/ul>\n<p><b>Habla:<\/b><\/div>\n<ul>\n<li style=\"text-align: justify;\">Hugo Guti\u00e9rrez, Diputado del PC<\/li>\n<li style=\"text-align: justify;\">\n<div>Fuad Chah\u00edn, Diputado DC<\/div>\n<\/li>\n<li style=\"text-align: justify;\">\n<div><\/div>\n<div>Carolina Goic,Presidenta de la DC<\/div>\n<\/li>\n<li style=\"text-align: justify;\">\n<div><\/div>\n<div>Marcelo Moreno, Decano Facultad Cs. Pol\u00edticas U. Central<\/div>\n<\/li>\n<li style=\"text-align: justify;\">\n<div><\/div>\n<div>Gonzalo Muller, Acad\u00e9mico Centro de Pol\u00edticas P\u00fablicas <span class=\"highlight\">UDD<\/span><\/div>\n<\/li>\n<li style=\"text-align: justify;\">\n<div><\/div>\n<div>Osvaldo Andrade, Diputado PS<\/div>\n<\/li>\n<li>\n<div style=\"text-align: justify;\"><\/div>\n<div style=\"text-align: justify;\">Jorge Tarud, Diputado del PPD<\/div>\n<\/li>\n<\/ul>\n<p>Ver Nota <a href=\"http:\/\/map.conectamedia.cl\/index.php\/clippingNews\/view?id=848393&amp;email=13107&amp;fromemail=1\" target=\"_blank\">AQU\u00cd<\/a><\/p>\n","protected":false},"excerpt":{"rendered":"<p>Jorge Burgos declar\u00f3 que la Nueva Mayor\u00eda deber\u00eda terminar con este gobierno y asegur\u00f3 que tanto a la DC como a Chile le conviene una coalici\u00f3n de centro-izquierda. Gonzalo Muller, Acad\u00e9mico Centro de Pol\u00edticas P\u00fablicas UDD: No es casualidad que el propio Partido Comunista el que haya torpedeado con m\u00e1s fuerza la posibilidad de una [&hellip;]<\/p>\n","protected":false},"author":22,"featured_media":893,"comment_status":"open","ping_status":"open","sticky":false,"template":"","format":"standard","meta":{"footnotes":""},"categories":[10162],"tags":[],"class_list":["post-2110","post","type-post","status-publish","format-standard","has-post-thumbnail","hentry","category-centro-en-la-prensa"],"featured_image_url":"https:\/\/gobierno.udd.cl\/cpp\/files\/2015\/05\/udd_cpp_prensa_340.png","_links":{"self":[{"href":"https:\/\/gobierno.udd.cl\/cpp\/wp-json\/wp\/v2\/posts\/2110","targetHints":{"allow":["GET"]}}],"collection":[{"href":"https:\/\/gobierno.udd.cl\/cpp\/wp-json\/wp\/v2\/posts"}],"about":[{"href":"https:\/\/gobierno.udd.cl\/cpp\/wp-json\/wp\/v2\/types\/post"}],"author":[{"embeddable":true,"href":"https:\/\/gobierno.udd.cl\/cpp\/wp-json\/wp\/v2\/users\/22"}],"replies":[{"embeddable":true,"href":"https:\/\/gobierno.udd.cl\/cpp\/wp-json\/wp\/v2\/comments?post=2110"}],"version-history":[{"count":1,"href":"https:\/\/gobierno.udd.cl\/cpp\/wp-json\/wp\/v2\/posts\/2110\/revisions"}],"predecessor-version":[{"id":2111,"href":"https:\/\/gobierno.udd.cl\/cpp\/wp-json\/wp\/v2\/posts\/2110\/revisions\/2111"}],"wp:featuredmedia":[{"embeddable":true,"href":"https:\/\/gobierno.udd.cl\/cpp\/wp-json\/wp\/v2\/media\/893"}],"wp:attachment":[{"href":"https:\/\/gobierno.udd.cl\/cpp\/wp-json\/wp\/v2\/media?parent=2110"}],"wp:term":[{"taxonomy":"category","embeddable":true,"href":"https:\/\/gobierno.udd.cl\/cpp\/wp-json\/wp\/v2\/categories?post=2110"},{"taxonomy":"post_tag","embeddable":true,"href":"https:\/\/gobierno.udd.cl\/cpp\/wp-json\/wp\/v2\/tags?post=2110"}],"curies":[{"name":"wp","href":"https:\/\/api.w.org\/{rel}","templated":true}]}}