{"id":2101,"date":"2016-08-18T12:25:25","date_gmt":"2016-08-18T15:25:25","guid":{"rendered":"http:\/\/gobierno.udd.cl\/cpp\/?p=2101"},"modified":"2016-08-18T12:25:47","modified_gmt":"2016-08-18T15:25:47","slug":"irregularidades-en-el-padron-electoral-cnn-chile","status":"publish","type":"post","link":"https:\/\/gobierno.udd.cl\/cpp\/noticias\/2016\/08\/18\/irregularidades-en-el-padron-electoral-cnn-chile\/","title":{"rendered":"Irregularidades en el padr\u00f3n electoral &#8211; CNN Chile"},"content":{"rendered":"<p style=\"text-align: justify;\">El Servel dio a conocer el padr\u00f3n electoral auditado en el que figuran m\u00e1s de once mil fallecidos, pero el organismo no tiene la facultad de eliminarlos si el Registro Civil no informa de su muerte.<\/p>\n<p style=\"text-align: justify;\"><strong>Habla:<\/strong>\u00a0Juan Luis Castro, jefe bancada PS, Germ\u00e1n Becker, jefe bancada RN, Ram\u00f3n Far\u00edas, diputado PPD,\u00a0Gonzalo Muller, dir. programa opini\u00f3n p\u00fablica <span class=\"highlight\">U. del Desarrollo<\/span>,\u00a0Felipe Vergara, analista pol\u00edtico Unab.<\/p>\n<p style=\"text-align: justify;\"><strong>Menci\u00f3n:<\/strong>\u00a0Congreso,\u00a0El Mercurio.<\/p>\n<p style=\"text-align: justify;\">\n<p>Ver Nota <a href=\"http:\/\/map.conectamedia.cl\/index.php\/clippingNews\/view?id=877266&amp;email=13107&amp;fromemail=1\" target=\"_blank\">Aqu\u00ed<\/a><\/p>\n","protected":false},"excerpt":{"rendered":"<p>El Servel dio a conocer el padr\u00f3n electoral auditado en el que figuran m\u00e1s de once mil fallecidos, pero el organismo no tiene la facultad de eliminarlos si el Registro Civil no informa de su muerte. Habla:\u00a0Juan Luis Castro, jefe bancada PS, Germ\u00e1n Becker, jefe bancada RN, Ram\u00f3n Far\u00edas, diputado PPD,\u00a0Gonzalo Muller, dir. programa opini\u00f3n [&hellip;]<\/p>\n","protected":false},"author":22,"featured_media":893,"comment_status":"open","ping_status":"open","sticky":false,"template":"","format":"standard","meta":{"footnotes":""},"categories":[10162],"tags":[],"class_list":["post-2101","post","type-post","status-publish","format-standard","has-post-thumbnail","hentry","category-centro-en-la-prensa"],"featured_image_url":"https:\/\/gobierno.udd.cl\/cpp\/files\/2015\/05\/udd_cpp_prensa_340.png","_links":{"self":[{"href":"https:\/\/gobierno.udd.cl\/cpp\/wp-json\/wp\/v2\/posts\/2101","targetHints":{"allow":["GET"]}}],"collection":[{"href":"https:\/\/gobierno.udd.cl\/cpp\/wp-json\/wp\/v2\/posts"}],"about":[{"href":"https:\/\/gobierno.udd.cl\/cpp\/wp-json\/wp\/v2\/types\/post"}],"author":[{"embeddable":true,"href":"https:\/\/gobierno.udd.cl\/cpp\/wp-json\/wp\/v2\/users\/22"}],"replies":[{"embeddable":true,"href":"https:\/\/gobierno.udd.cl\/cpp\/wp-json\/wp\/v2\/comments?post=2101"}],"version-history":[{"count":2,"href":"https:\/\/gobierno.udd.cl\/cpp\/wp-json\/wp\/v2\/posts\/2101\/revisions"}],"predecessor-version":[{"id":2103,"href":"https:\/\/gobierno.udd.cl\/cpp\/wp-json\/wp\/v2\/posts\/2101\/revisions\/2103"}],"wp:featuredmedia":[{"embeddable":true,"href":"https:\/\/gobierno.udd.cl\/cpp\/wp-json\/wp\/v2\/media\/893"}],"wp:attachment":[{"href":"https:\/\/gobierno.udd.cl\/cpp\/wp-json\/wp\/v2\/media?parent=2101"}],"wp:term":[{"taxonomy":"category","embeddable":true,"href":"https:\/\/gobierno.udd.cl\/cpp\/wp-json\/wp\/v2\/categories?post=2101"},{"taxonomy":"post_tag","embeddable":true,"href":"https:\/\/gobierno.udd.cl\/cpp\/wp-json\/wp\/v2\/tags?post=2101"}],"curies":[{"name":"wp","href":"https:\/\/api.w.org\/{rel}","templated":true}]}}