{"id":2076,"date":"2016-08-07T19:15:18","date_gmt":"2016-08-07T23:15:18","guid":{"rendered":"http:\/\/gobierno.udd.cl\/cpp\/?p=2076"},"modified":"2016-08-08T13:27:58","modified_gmt":"2016-08-08T17:27:58","slug":"jose-garrido-autonomia-universitaria-la-tercera","status":"publish","type":"post","link":"https:\/\/gobierno.udd.cl\/cpp\/noticias\/2016\/08\/07\/jose-garrido-autonomia-universitaria-la-tercera\/","title":{"rendered":"Jos\u00e9 Garrido: Autonom\u00eda universitaria &#8211; La Tercera"},"content":{"rendered":"<p style=\"text-align: justify;\">Se\u00f1or director:<\/p>\n<p style=\"text-align: justify;\">Frente a la solicitud de renuncia a Roxana Pey, de la Universidad de Ays\u00e9n, ha quedado de manifiesto la importancia de la autonom\u00eda universitaria. \u00bfQu\u00e9 entiende el gobierno, su Ministerio de Educaci\u00f3n y asesores al respecto? La respuesta est\u00e1 en el proyecto de ley.<\/p>\n<p style=\"text-align: justify;\">En el Art\u00edculo 198\u00ba se deroga el DFL1 de 1980 que define la autonom\u00eda universitaria, en sus dimensiones acad\u00e9mica, econ\u00f3mica y administrativa. Esta definici\u00f3n es \u201cla potestad de la universidad para decidir por s\u00ed misma la forma como se cumplan sus funciones de docencia, investigaci\u00f3n y extensi\u00f3n y la fijaci\u00f3n de sus planes y programas de estudio\u201d.<\/p>\n<p style=\"text-align: justify;\">Cabe recordar que fue en la Constituci\u00f3n Pol\u00edtica de 1925 -que el decreto mencionado recupera literalmente- donde la autonom\u00eda universitaria pas\u00f3 a tener rango constitucional. En dicho cuerpo, el art\u00edculo referido al desarrollo de la libertad de ense\u00f1anza suscrib\u00eda la siguiente definici\u00f3n: \u201cLas universidades estatales y las particulares reconocidas por el Estado son personas jur\u00eddicas dotadas de autonom\u00eda acad\u00e9mica, administrativa y econ\u00f3mica\u201d.<\/p>\n<p>El proyecto de ley es claro al condicionar la autonom\u00eda al \u201cmarco de esta ley\u201d; es decir, a las atribuciones que se da al Presidente a trav\u00e9s de la Subsecretar\u00eda, la Superintendencia y la Agencia de Calidad, todo un aparato burocr\u00e1tico para ese fin.<\/p>\n<p>Llama la atenci\u00f3n que quienes promueven derogar la autonom\u00eda universitaria, ahora salgan en su defensa frente a la solicitud de renuncia a la rectora Pey.<\/p>\n<p style=\"text-align: justify;\">Para ver la columna completa, <strong><a href=\"http:\/\/www.latercera.com\/noticia\/opinion\/correos-de-los-lectores\/2016\/07\/896-690738-9-autonomia-universitaria.shtml\" target=\"_blank\">AQU\u00cd<\/a><\/strong>.<\/p>\n","protected":false},"excerpt":{"rendered":"<p>Se\u00f1or director: Frente a la solicitud de renuncia a Roxana Pey, de la Universidad de Ays\u00e9n, ha quedado de manifiesto la importancia de la autonom\u00eda universitaria. \u00bfQu\u00e9 entiende el gobierno, su Ministerio de Educaci\u00f3n y asesores al respecto? La respuesta est\u00e1 en el proyecto de ley. En el Art\u00edculo 198\u00ba se deroga el DFL1 de [&hellip;]<\/p>\n","protected":false},"author":22,"featured_media":893,"comment_status":"open","ping_status":"open","sticky":false,"template":"","format":"standard","meta":{"footnotes":""},"categories":[10162],"tags":[8132,7384,84,11176],"class_list":["post-2076","post","type-post","status-publish","format-standard","has-post-thumbnail","hentry","category-centro-en-la-prensa","tag-autonomia","tag-jose-garrido","tag-la-tercera","tag-universidad"],"featured_image_url":"https:\/\/gobierno.udd.cl\/cpp\/files\/2015\/05\/udd_cpp_prensa_340.png","_links":{"self":[{"href":"https:\/\/gobierno.udd.cl\/cpp\/wp-json\/wp\/v2\/posts\/2076","targetHints":{"allow":["GET"]}}],"collection":[{"href":"https:\/\/gobierno.udd.cl\/cpp\/wp-json\/wp\/v2\/posts"}],"about":[{"href":"https:\/\/gobierno.udd.cl\/cpp\/wp-json\/wp\/v2\/types\/post"}],"author":[{"embeddable":true,"href":"https:\/\/gobierno.udd.cl\/cpp\/wp-json\/wp\/v2\/users\/22"}],"replies":[{"embeddable":true,"href":"https:\/\/gobierno.udd.cl\/cpp\/wp-json\/wp\/v2\/comments?post=2076"}],"version-history":[{"count":5,"href":"https:\/\/gobierno.udd.cl\/cpp\/wp-json\/wp\/v2\/posts\/2076\/revisions"}],"predecessor-version":[{"id":2084,"href":"https:\/\/gobierno.udd.cl\/cpp\/wp-json\/wp\/v2\/posts\/2076\/revisions\/2084"}],"wp:featuredmedia":[{"embeddable":true,"href":"https:\/\/gobierno.udd.cl\/cpp\/wp-json\/wp\/v2\/media\/893"}],"wp:attachment":[{"href":"https:\/\/gobierno.udd.cl\/cpp\/wp-json\/wp\/v2\/media?parent=2076"}],"wp:term":[{"taxonomy":"category","embeddable":true,"href":"https:\/\/gobierno.udd.cl\/cpp\/wp-json\/wp\/v2\/categories?post=2076"},{"taxonomy":"post_tag","embeddable":true,"href":"https:\/\/gobierno.udd.cl\/cpp\/wp-json\/wp\/v2\/tags?post=2076"}],"curies":[{"name":"wp","href":"https:\/\/api.w.org\/{rel}","templated":true}]}}