{"id":2071,"date":"2016-08-07T19:06:49","date_gmt":"2016-08-07T23:06:49","guid":{"rendered":"http:\/\/gobierno.udd.cl\/cpp\/?p=2071"},"modified":"2016-08-10T17:37:06","modified_gmt":"2016-08-10T21:37:06","slug":"mauricio-bravo-libro-la-caja-de-pandora-24-horas","status":"publish","type":"post","link":"https:\/\/gobierno.udd.cl\/cpp\/noticias\/2016\/08\/07\/mauricio-bravo-libro-la-caja-de-pandora-24-horas\/","title":{"rendered":"Mauricio Bravo: Libro La caja de Pandora &#8211; 24 horas"},"content":{"rendered":"<div><b>Entrevistado:<\/b><\/div>\n<div>Mauricio Bravo, acad\u00e9mico <span class=\"highlight\">Universidad<\/span> <span class=\"highlight\">del<\/span> <span class=\"highlight\">Desarrollo.<\/span><\/div>\n<div><\/div>\n<div><strong>Temas:\u00a0<\/strong><\/div>\n<div>-Libro \u00abLa caja de Pandora\u00bb.<\/div>\n<div>-Libro re\u00fane a comit\u00e9 de expertos para hablar sobre reforma a la educaci\u00f3n<br \/>\nsuperior.<\/div>\n<div>-Discusi\u00f3n sobre reforma a la educaci\u00f3n superior.<\/div>\n<div>-P\u00e9sima se\u00f1al para autonom\u00eda universitaria en destituci\u00f3n de rectora de\u00a0<span style=\"line-height: 1.5;\">Universidad de Ays\u00e9n.<\/span><\/div>\n<div>-\u00abSistema de educaci\u00f3n superior chileno no est\u00e1 mal\u00bb.<\/div>\n<div>-Problemas de gratuidad universal.<\/div>\n<div>-Situaci\u00f3n de educaci\u00f3n t\u00e9cnico-profesional.<\/div>\n<div>-\u00abError del gobierno al escuchar excesivamente al movimiento\u00a0<span style=\"line-height: 1.5;\">estudiantil universitario\u00bb.<\/span><\/div>\n<div><\/div>\n<div>Ver entrevista, <strong><a href=\"http:\/\/map.conectamedia.cl\/index.php\/clippingNews\/view?id=817567&amp;email=12332&amp;fromemail=1\" target=\"_blank\">AQU\u00cd<\/a><\/strong>.<\/div>\n","protected":false},"excerpt":{"rendered":"<p>Entrevistado: Mauricio Bravo, acad\u00e9mico Universidad del Desarrollo. Temas:\u00a0 -Libro \u00abLa caja de Pandora\u00bb. -Libro re\u00fane a comit\u00e9 de expertos para hablar sobre reforma a la educaci\u00f3n superior. -Discusi\u00f3n sobre reforma a la educaci\u00f3n superior. -P\u00e9sima se\u00f1al para autonom\u00eda universitaria en destituci\u00f3n de rectora de\u00a0Universidad de Ays\u00e9n. -\u00abSistema de educaci\u00f3n superior chileno no est\u00e1 mal\u00bb. -Problemas [&hellip;]<\/p>\n","protected":false},"author":22,"featured_media":893,"comment_status":"open","ping_status":"open","sticky":false,"template":"","format":"standard","meta":{"footnotes":""},"categories":[10162],"tags":[6998,12091,12093,7374],"class_list":["post-2071","post","type-post","status-publish","format-standard","has-post-thumbnail","hentry","category-centro-en-la-prensa","tag-educacion","tag-la-caja-de-pandora","tag-libro","tag-mauricio-bravo"],"featured_image_url":"https:\/\/gobierno.udd.cl\/cpp\/files\/2015\/05\/udd_cpp_prensa_340.png","_links":{"self":[{"href":"https:\/\/gobierno.udd.cl\/cpp\/wp-json\/wp\/v2\/posts\/2071","targetHints":{"allow":["GET"]}}],"collection":[{"href":"https:\/\/gobierno.udd.cl\/cpp\/wp-json\/wp\/v2\/posts"}],"about":[{"href":"https:\/\/gobierno.udd.cl\/cpp\/wp-json\/wp\/v2\/types\/post"}],"author":[{"embeddable":true,"href":"https:\/\/gobierno.udd.cl\/cpp\/wp-json\/wp\/v2\/users\/22"}],"replies":[{"embeddable":true,"href":"https:\/\/gobierno.udd.cl\/cpp\/wp-json\/wp\/v2\/comments?post=2071"}],"version-history":[{"count":2,"href":"https:\/\/gobierno.udd.cl\/cpp\/wp-json\/wp\/v2\/posts\/2071\/revisions"}],"predecessor-version":[{"id":2073,"href":"https:\/\/gobierno.udd.cl\/cpp\/wp-json\/wp\/v2\/posts\/2071\/revisions\/2073"}],"wp:featuredmedia":[{"embeddable":true,"href":"https:\/\/gobierno.udd.cl\/cpp\/wp-json\/wp\/v2\/media\/893"}],"wp:attachment":[{"href":"https:\/\/gobierno.udd.cl\/cpp\/wp-json\/wp\/v2\/media?parent=2071"}],"wp:term":[{"taxonomy":"category","embeddable":true,"href":"https:\/\/gobierno.udd.cl\/cpp\/wp-json\/wp\/v2\/categories?post=2071"},{"taxonomy":"post_tag","embeddable":true,"href":"https:\/\/gobierno.udd.cl\/cpp\/wp-json\/wp\/v2\/tags?post=2071"}],"curies":[{"name":"wp","href":"https:\/\/api.w.org\/{rel}","templated":true}]}}