{"id":2068,"date":"2016-08-07T19:02:33","date_gmt":"2016-08-07T23:02:33","guid":{"rendered":"http:\/\/gobierno.udd.cl\/cpp\/?p=2068"},"modified":"2016-08-10T17:37:52","modified_gmt":"2016-08-10T21:37:52","slug":"analisis-cristian-larroulet-sin-afps-no-habra-mejores-pensiones","status":"publish","type":"post","link":"https:\/\/gobierno.udd.cl\/cpp\/noticias\/2016\/08\/07\/analisis-cristian-larroulet-sin-afps-no-habra-mejores-pensiones\/","title":{"rendered":"Cristi\u00e1n Larroulet: Sin AFPs no habr\u00e1 mejores pensiones &#8211; El Mercurio"},"content":{"rendered":"<p style=\"text-align: justify;\">\u00abPrefiero no molestar con la verdad que complacer con adulaciones\u00bb, sentenci\u00f3 S\u00e9neca, hace m\u00e1s de dos milenios. Precisamente complacer con adulaciones o decir lo que la gente quiere escuchar es lo que caracteriza al populismo. Si falta dinero, el populista imprimir\u00e1 m\u00e1s billetes; si aumentan los precios, los fijar\u00e1 a su antojo. Y si algunas pensiones son bajas, dir\u00e1 que la soluci\u00f3n es eliminar las AFP.<\/p>\n<p style=\"text-align: justify;\">Yo prefiero molestar con la verdad sobre c\u00f3mo se podr\u00edan mejorar las pensiones. En primer lugar, aumentar la eficiencia del sistema, generando m\u00e1s competencia y aprovechando econom\u00edas de escala. Segundo, perfeccionar el Pilar Solidario, extendiendo beneficios. Tercero, elevar los a\u00f1os de ahorro personal, dado el aumento en la esperanza de vida. Y, finalmente, incrementar el monto de la cotizaci\u00f3n.<\/p>\n<p style=\"text-align: justify;\">Nota en El Mercurio, Econom\u00eda y Negocios:<\/p>\n<p style=\"text-align: justify;\"><a href=\"http:\/\/gobierno.udd.cl\/cpp\/files\/2016\/08\/79257376881e10d1fda572de01b80ee9_manual.jpg\" rel=\"attachment wp-att-2069\"><img loading=\"lazy\" decoding=\"async\" class=\"alignnone size-medium wp-image-2069\" src=\"http:\/\/gobierno.udd.cl\/cpp\/files\/2016\/08\/79257376881e10d1fda572de01b80ee9_manual-167x300.jpg\" alt=\"79257376881e10d1fda572de01b80ee9_manual\" width=\"167\" height=\"300\" srcset=\"https:\/\/gobierno.udd.cl\/cpp\/files\/2016\/08\/79257376881e10d1fda572de01b80ee9_manual-167x300.jpg 167w, https:\/\/gobierno.udd.cl\/cpp\/files\/2016\/08\/79257376881e10d1fda572de01b80ee9_manual-768x1379.jpg 768w, https:\/\/gobierno.udd.cl\/cpp\/files\/2016\/08\/79257376881e10d1fda572de01b80ee9_manual-570x1024.jpg 570w, https:\/\/gobierno.udd.cl\/cpp\/files\/2016\/08\/79257376881e10d1fda572de01b80ee9_manual-535x960.jpg 535w, https:\/\/gobierno.udd.cl\/cpp\/files\/2016\/08\/79257376881e10d1fda572de01b80ee9_manual.jpg 1840w\" sizes=\"auto, (max-width: 167px) 100vw, 167px\" \/><\/a><\/p>\n","protected":false},"excerpt":{"rendered":"<p>\u00abPrefiero no molestar con la verdad que complacer con adulaciones\u00bb, sentenci\u00f3 S\u00e9neca, hace m\u00e1s de dos milenios. Precisamente complacer con adulaciones o decir lo que la gente quiere escuchar es lo que caracteriza al populismo. Si falta dinero, el populista imprimir\u00e1 m\u00e1s billetes; si aumentan los precios, los fijar\u00e1 a su antojo. Y si algunas [&hellip;]<\/p>\n","protected":false},"author":22,"featured_media":893,"comment_status":"open","ping_status":"open","sticky":false,"template":"","format":"standard","meta":{"footnotes":""},"categories":[10162],"tags":[8139],"class_list":["post-2068","post","type-post","status-publish","format-standard","has-post-thumbnail","hentry","category-centro-en-la-prensa","tag-cristian-larroulet"],"featured_image_url":"https:\/\/gobierno.udd.cl\/cpp\/files\/2015\/05\/udd_cpp_prensa_340.png","_links":{"self":[{"href":"https:\/\/gobierno.udd.cl\/cpp\/wp-json\/wp\/v2\/posts\/2068","targetHints":{"allow":["GET"]}}],"collection":[{"href":"https:\/\/gobierno.udd.cl\/cpp\/wp-json\/wp\/v2\/posts"}],"about":[{"href":"https:\/\/gobierno.udd.cl\/cpp\/wp-json\/wp\/v2\/types\/post"}],"author":[{"embeddable":true,"href":"https:\/\/gobierno.udd.cl\/cpp\/wp-json\/wp\/v2\/users\/22"}],"replies":[{"embeddable":true,"href":"https:\/\/gobierno.udd.cl\/cpp\/wp-json\/wp\/v2\/comments?post=2068"}],"version-history":[{"count":4,"href":"https:\/\/gobierno.udd.cl\/cpp\/wp-json\/wp\/v2\/posts\/2068\/revisions"}],"predecessor-version":[{"id":2086,"href":"https:\/\/gobierno.udd.cl\/cpp\/wp-json\/wp\/v2\/posts\/2068\/revisions\/2086"}],"wp:featuredmedia":[{"embeddable":true,"href":"https:\/\/gobierno.udd.cl\/cpp\/wp-json\/wp\/v2\/media\/893"}],"wp:attachment":[{"href":"https:\/\/gobierno.udd.cl\/cpp\/wp-json\/wp\/v2\/media?parent=2068"}],"wp:term":[{"taxonomy":"category","embeddable":true,"href":"https:\/\/gobierno.udd.cl\/cpp\/wp-json\/wp\/v2\/categories?post=2068"},{"taxonomy":"post_tag","embeddable":true,"href":"https:\/\/gobierno.udd.cl\/cpp\/wp-json\/wp\/v2\/tags?post=2068"}],"curies":[{"name":"wp","href":"https:\/\/api.w.org\/{rel}","templated":true}]}}