{"id":2063,"date":"2016-08-07T18:57:53","date_gmt":"2016-08-07T22:57:53","guid":{"rendered":"http:\/\/gobierno.udd.cl\/cpp\/?p=2063"},"modified":"2016-08-08T13:30:07","modified_gmt":"2016-08-08T17:30:07","slug":"larroulet-plantea-subir-cotizacion-y-extender-pilar-solidario-para-mejorar-pensiones","status":"publish","type":"post","link":"https:\/\/gobierno.udd.cl\/cpp\/noticias\/2016\/08\/07\/larroulet-plantea-subir-cotizacion-y-extender-pilar-solidario-para-mejorar-pensiones\/","title":{"rendered":"Larroulet plantea subir cotizaci\u00f3n y extender pilar solidario para mejorar pensiones &#8211; El Pulso"},"content":{"rendered":"<p style=\"text-align: justify;\">El debate sobre un cambio al sistema de pensiones sigue sumando opiniones. Esta vez ingres\u00f3 a la discusi\u00f3n p\u00fablica el ex ministro de la Secretar\u00eda General de la Presidencia del Gobierno de Pi\u00f1era, Cristi\u00e1n Larroulet, quien se\u00f1al\u00f3 que volver a un sistema de reparto es inviable y populista.<\/p>\n<p style=\"text-align: justify;\">Para el actual acad\u00e9mico de la <span class=\"highlight\">Universidad<\/span> <span class=\"highlight\">del<\/span> <span class=\"highlight\">Desarrollo<\/span> (<span class=\"highlight\">UDD<\/span>) \u201cla idea de volver a un sistema de reparto financieramente es inviable, ya que esos sistemas adem\u00e1s de haber fracasado en el mundo, han generado importantes d\u00e9ficits fiscales en varios pa\u00edses, en especial de Europa\u201d. Por esa raz\u00f3n, el economista recalca que la expectativa de vida hoy es mucho mayor que hace 40 a\u00f1os cuando estaba vigente el sistema de reparto, por lo que hoy el fisco financieramente no podr\u00eda absorber los montos exigidos por ese sistema. Y aunque Larroulet subray\u00f3 que el actual sistema de AFP se debe valorar \u201cno significa que no se deba perfeccionar\u201d.<\/p>\n<p style=\"text-align: justify;\">Ver nota completa, <strong><a href=\"http:\/\/www.pulso.cl\/noticia\/economia\/economia\/2016\/07\/7-89606-9-larroulet-plantea--subir-cotizacion-y-extender-pilar-solidario-para-mejorar.shtml\" target=\"_blank\">AQU\u00cd<\/a><\/strong>.<\/p>\n<p style=\"text-align: justify;\"><a href=\"http:\/\/gobierno.udd.cl\/cpp\/files\/2016\/08\/2016-07-28_papeldigital.info_pulso_005.jpg\" rel=\"attachment wp-att-2064\"><img loading=\"lazy\" decoding=\"async\" class=\"alignnone size-medium wp-image-2064\" src=\"http:\/\/gobierno.udd.cl\/cpp\/files\/2016\/08\/2016-07-28_papeldigital.info_pulso_005-206x300.jpg\" alt=\"2016-07-28_papeldigital.info_pulso_005\" width=\"206\" height=\"300\" srcset=\"https:\/\/gobierno.udd.cl\/cpp\/files\/2016\/08\/2016-07-28_papeldigital.info_pulso_005-206x300.jpg 206w, https:\/\/gobierno.udd.cl\/cpp\/files\/2016\/08\/2016-07-28_papeldigital.info_pulso_005-703x1024.jpg 703w, https:\/\/gobierno.udd.cl\/cpp\/files\/2016\/08\/2016-07-28_papeldigital.info_pulso_005-659x960.jpg 659w, https:\/\/gobierno.udd.cl\/cpp\/files\/2016\/08\/2016-07-28_papeldigital.info_pulso_005.jpg 714w\" sizes=\"auto, (max-width: 206px) 100vw, 206px\" \/><\/a><\/p>\n","protected":false},"excerpt":{"rendered":"<p>El debate sobre un cambio al sistema de pensiones sigue sumando opiniones. Esta vez ingres\u00f3 a la discusi\u00f3n p\u00fablica el ex ministro de la Secretar\u00eda General de la Presidencia del Gobierno de Pi\u00f1era, Cristi\u00e1n Larroulet, quien se\u00f1al\u00f3 que volver a un sistema de reparto es inviable y populista. Para el actual acad\u00e9mico de la Universidad [&hellip;]<\/p>\n","protected":false},"author":22,"featured_media":893,"comment_status":"open","ping_status":"open","sticky":false,"template":"","format":"standard","meta":{"footnotes":""},"categories":[10162],"tags":[8139],"class_list":["post-2063","post","type-post","status-publish","format-standard","has-post-thumbnail","hentry","category-centro-en-la-prensa","tag-cristian-larroulet"],"featured_image_url":"https:\/\/gobierno.udd.cl\/cpp\/files\/2015\/05\/udd_cpp_prensa_340.png","_links":{"self":[{"href":"https:\/\/gobierno.udd.cl\/cpp\/wp-json\/wp\/v2\/posts\/2063","targetHints":{"allow":["GET"]}}],"collection":[{"href":"https:\/\/gobierno.udd.cl\/cpp\/wp-json\/wp\/v2\/posts"}],"about":[{"href":"https:\/\/gobierno.udd.cl\/cpp\/wp-json\/wp\/v2\/types\/post"}],"author":[{"embeddable":true,"href":"https:\/\/gobierno.udd.cl\/cpp\/wp-json\/wp\/v2\/users\/22"}],"replies":[{"embeddable":true,"href":"https:\/\/gobierno.udd.cl\/cpp\/wp-json\/wp\/v2\/comments?post=2063"}],"version-history":[{"count":3,"href":"https:\/\/gobierno.udd.cl\/cpp\/wp-json\/wp\/v2\/posts\/2063\/revisions"}],"predecessor-version":[{"id":2079,"href":"https:\/\/gobierno.udd.cl\/cpp\/wp-json\/wp\/v2\/posts\/2063\/revisions\/2079"}],"wp:featuredmedia":[{"embeddable":true,"href":"https:\/\/gobierno.udd.cl\/cpp\/wp-json\/wp\/v2\/media\/893"}],"wp:attachment":[{"href":"https:\/\/gobierno.udd.cl\/cpp\/wp-json\/wp\/v2\/media?parent=2063"}],"wp:term":[{"taxonomy":"category","embeddable":true,"href":"https:\/\/gobierno.udd.cl\/cpp\/wp-json\/wp\/v2\/categories?post=2063"},{"taxonomy":"post_tag","embeddable":true,"href":"https:\/\/gobierno.udd.cl\/cpp\/wp-json\/wp\/v2\/tags?post=2063"}],"curies":[{"name":"wp","href":"https:\/\/api.w.org\/{rel}","templated":true}]}}