{"id":206,"date":"2013-04-27T17:04:59","date_gmt":"2013-04-27T21:04:59","guid":{"rendered":"http:\/\/gobierno.udd.cl\/ceipp\/?p=206"},"modified":"2015-01-14T11:45:32","modified_gmt":"2015-01-14T14:45:32","slug":"fundacion-para-el-progreso-y-el-centro-de-economia-institucional-y-politicas-publicas-ceipp-de-la-facultad-de-gobierno-udd-organizan-foro-sobre-desarrollo-economico","status":"publish","type":"post","link":"https:\/\/gobierno.udd.cl\/cpp\/noticias\/2013\/04\/27\/fundacion-para-el-progreso-y-el-centro-de-economia-institucional-y-politicas-publicas-ceipp-de-la-facultad-de-gobierno-udd-organizan-foro-sobre-desarrollo-economico\/","title":{"rendered":"Centro de Pol\u00edticas P\u00fablicas (CPP) organiza foro sobre desarrollo econ\u00f3mico"},"content":{"rendered":"<p style=\"text-align: justify;\"><strong>Mauricio Rojas y Juan Pablo Couyoumdjian ser\u00e1n los encargados del Foro titulado \u00abEuropa y Chile, dos miradas de desarrollo Econ\u00f3mico\u00bb.<\/strong><\/p>\n<p style=\"text-align: justify;\"><strong><a href=\"http:\/\/gobierno.udd.cl\/ceipp\/files\/2013\/04\/CONGRESO-FPROGRESO_UDD.jpg\"><img loading=\"lazy\" decoding=\"async\" class=\"aligncenter size-medium wp-image-207\" title=\"CONGRESO-FPROGRESO_UDD\" alt=\"\" src=\"http:\/\/gobierno.udd.cl\/ceipp\/files\/2013\/04\/CONGRESO-FPROGRESO_UDD-231x300.jpg\" width=\"231\" height=\"300\" srcset=\"https:\/\/gobierno.udd.cl\/cpp\/files\/2013\/04\/CONGRESO-FPROGRESO_UDD-231x300.jpg 231w, https:\/\/gobierno.udd.cl\/cpp\/files\/2013\/04\/CONGRESO-FPROGRESO_UDD-54x70.jpg 54w, https:\/\/gobierno.udd.cl\/cpp\/files\/2013\/04\/CONGRESO-FPROGRESO_UDD-200x260.jpg 200w, https:\/\/gobierno.udd.cl\/cpp\/files\/2013\/04\/CONGRESO-FPROGRESO_UDD-401x520.jpg 401w, https:\/\/gobierno.udd.cl\/cpp\/files\/2013\/04\/CONGRESO-FPROGRESO_UDD.jpg 742w\" sizes=\"auto, (max-width: 231px) 100vw, 231px\" \/><\/a><br \/>\n<\/strong><\/p>\n<p style=\"text-align: justify;\">El doctor en Historia Econ\u00f3mica <a href=\"http:\/\/www.fprogreso.org\/academicboard.html\">Mauricio Rojas<\/a> expondr\u00e1, \u00abLa crisis europea y el fraude del Estado de Bienestar\u00bb y, por su parte, el PhD. en Econom\u00eda y miembro del <a href=\"http:\/\/gobierno.udd.cl\/ceipp\/\">Centro de Pol\u00edticas P\u00fablica<\/a>s , <a href=\"http:\/\/gobierno.udd.cl\/ceipp\/personas\/juan-pablo-couyoumdjian\/\">Juan Pablo Couyoumdjian<\/a> expondr\u00e1 \u00abLa transformaci\u00f3n econ\u00f3mica de Chile. Para cerrar, en el almuerzo, Mauricio Rojas expondr\u00e1 \u00abLa libertad y sus enemigos\u00bb.<\/p>\n<p style=\"text-align: justify;\">La actividad se realizar\u00e1 el s\u00e1bado 4 de mayo Hotel Radison en Concepci\u00f3n.<\/p>\n<p style=\"text-align: justify;\">En el Foro adem\u00e1s participa el decano de la Facultad de Gobierno, <a href=\"http:\/\/gobierno.udd.cl\/personas\/eugenio-guzman\/\">Eugenio Guzm\u00e1n<\/a> y el director de Programas de Fundaci\u00f3n para el Progreso, <a href=\"http:\/\/www.fprogreso.org\/staff.html\">\u00c1ngel Soto<\/a> .<\/p>\n<p style=\"text-align: justify;\">Organizan el CEIPP de la Facultad de Gobierno y la Fundaci\u00f3n para el Progreso y patrocina <a href=\"http:\/\/atlasnetwork.org\/\">Atlas Economic Research Foundation<\/a> y <a href=\"http:\/\/www.relial.org\/\">RELIAL<\/a>.<\/p>\n<p style=\"text-align: justify;\">Son s\u00f3lo 50 cupos y para las inscripciones contactar a\u00a0<a href=\"http:\/\/gobierno.udd.cl\/personas\/lesley-briceno\/\"> Lesley Brice\u00f1o<\/a> lbrice\u00f1o@udd.cl<\/p>\n","protected":false},"excerpt":{"rendered":"<p>Mauricio Rojas y Juan Pablo Couyoumdjian ser\u00e1n los encargados del Foro titulado \u00abEuropa y Chile, dos miradas de desarrollo Econ\u00f3mico\u00bb. El doctor en Historia Econ\u00f3mica Mauricio Rojas expondr\u00e1, \u00abLa crisis europea y el fraude del Estado de Bienestar\u00bb y, por su parte, el PhD. en Econom\u00eda y miembro del Centro de Pol\u00edticas P\u00fablicas , Juan [&hellip;]<\/p>\n","protected":false},"author":1,"featured_media":382,"comment_status":"open","ping_status":"open","sticky":false,"template":"","format":"standard","meta":{"footnotes":""},"categories":[4],"tags":[7379],"class_list":["post-206","post","type-post","status-publish","format-standard","has-post-thumbnail","hentry","category-noticias","tag-centro-de-politicas-publicas"],"featured_image_url":"https:\/\/gobierno.udd.cl\/cpp\/files\/2013\/05\/iconos_gobierno-19.jpg","_links":{"self":[{"href":"https:\/\/gobierno.udd.cl\/cpp\/wp-json\/wp\/v2\/posts\/206","targetHints":{"allow":["GET"]}}],"collection":[{"href":"https:\/\/gobierno.udd.cl\/cpp\/wp-json\/wp\/v2\/posts"}],"about":[{"href":"https:\/\/gobierno.udd.cl\/cpp\/wp-json\/wp\/v2\/types\/post"}],"author":[{"embeddable":true,"href":"https:\/\/gobierno.udd.cl\/cpp\/wp-json\/wp\/v2\/users\/1"}],"replies":[{"embeddable":true,"href":"https:\/\/gobierno.udd.cl\/cpp\/wp-json\/wp\/v2\/comments?post=206"}],"version-history":[{"count":4,"href":"https:\/\/gobierno.udd.cl\/cpp\/wp-json\/wp\/v2\/posts\/206\/revisions"}],"predecessor-version":[{"id":385,"href":"https:\/\/gobierno.udd.cl\/cpp\/wp-json\/wp\/v2\/posts\/206\/revisions\/385"}],"wp:featuredmedia":[{"embeddable":true,"href":"https:\/\/gobierno.udd.cl\/cpp\/wp-json\/wp\/v2\/media\/382"}],"wp:attachment":[{"href":"https:\/\/gobierno.udd.cl\/cpp\/wp-json\/wp\/v2\/media?parent=206"}],"wp:term":[{"taxonomy":"category","embeddable":true,"href":"https:\/\/gobierno.udd.cl\/cpp\/wp-json\/wp\/v2\/categories?post=206"},{"taxonomy":"post_tag","embeddable":true,"href":"https:\/\/gobierno.udd.cl\/cpp\/wp-json\/wp\/v2\/tags?post=206"}],"curies":[{"name":"wp","href":"https:\/\/api.w.org\/{rel}","templated":true}]}}