{"id":2040,"date":"2016-07-27T17:34:06","date_gmt":"2016-07-27T21:34:06","guid":{"rendered":"http:\/\/gobierno.udd.cl\/cpp\/?p=2040"},"modified":"2016-07-27T17:34:06","modified_gmt":"2016-07-27T21:34:06","slug":"nicole-forttes-los-taxis-y-el-uso-de-aplicaciones-24-horas","status":"publish","type":"post","link":"https:\/\/gobierno.udd.cl\/cpp\/noticias\/2016\/07\/27\/nicole-forttes-los-taxis-y-el-uso-de-aplicaciones-24-horas\/","title":{"rendered":"Nicole Forttes: Los taxis y el uso de aplicaciones &#8211; 24 Horas"},"content":{"rendered":"<p>Entrevista a Nicole Forttes, directora Smartlab <span class=\"highlight\">Universidad del Desarrollo<\/span><\/p>\n<ul>\n<li>Los taxis y el uso de aplicaciones.<\/li>\n<li>Innovaciones en sistema de transportes.<\/li>\n<li>Aplicaci\u00f3n Airbnb y p\u00e9rdidas para industria hotelera.<\/li>\n<li>Uso de datos personales.<\/li>\n<\/ul>\n<p>Ver entrevista <a href=\"http:\/\/map.conectamedia.cl\/index.php\/clippingNews\/view?id=776712\" target=\"_blank\">AQU\u00cd<\/a><\/p>\n","protected":false},"excerpt":{"rendered":"<p>Entrevista a Nicole Forttes, directora Smartlab Universidad del Desarrollo Los taxis y el uso de aplicaciones. Innovaciones en sistema de transportes. Aplicaci\u00f3n Airbnb y p\u00e9rdidas para industria hotelera. Uso de datos personales. Ver entrevista AQU\u00cd<\/p>\n","protected":false},"author":22,"featured_media":893,"comment_status":"open","ping_status":"open","sticky":false,"template":"","format":"standard","meta":{"footnotes":""},"categories":[10162],"tags":[],"class_list":["post-2040","post","type-post","status-publish","format-standard","has-post-thumbnail","hentry","category-centro-en-la-prensa"],"featured_image_url":"https:\/\/gobierno.udd.cl\/cpp\/files\/2015\/05\/udd_cpp_prensa_340.png","_links":{"self":[{"href":"https:\/\/gobierno.udd.cl\/cpp\/wp-json\/wp\/v2\/posts\/2040","targetHints":{"allow":["GET"]}}],"collection":[{"href":"https:\/\/gobierno.udd.cl\/cpp\/wp-json\/wp\/v2\/posts"}],"about":[{"href":"https:\/\/gobierno.udd.cl\/cpp\/wp-json\/wp\/v2\/types\/post"}],"author":[{"embeddable":true,"href":"https:\/\/gobierno.udd.cl\/cpp\/wp-json\/wp\/v2\/users\/22"}],"replies":[{"embeddable":true,"href":"https:\/\/gobierno.udd.cl\/cpp\/wp-json\/wp\/v2\/comments?post=2040"}],"version-history":[{"count":1,"href":"https:\/\/gobierno.udd.cl\/cpp\/wp-json\/wp\/v2\/posts\/2040\/revisions"}],"predecessor-version":[{"id":2041,"href":"https:\/\/gobierno.udd.cl\/cpp\/wp-json\/wp\/v2\/posts\/2040\/revisions\/2041"}],"wp:featuredmedia":[{"embeddable":true,"href":"https:\/\/gobierno.udd.cl\/cpp\/wp-json\/wp\/v2\/media\/893"}],"wp:attachment":[{"href":"https:\/\/gobierno.udd.cl\/cpp\/wp-json\/wp\/v2\/media?parent=2040"}],"wp:term":[{"taxonomy":"category","embeddable":true,"href":"https:\/\/gobierno.udd.cl\/cpp\/wp-json\/wp\/v2\/categories?post=2040"},{"taxonomy":"post_tag","embeddable":true,"href":"https:\/\/gobierno.udd.cl\/cpp\/wp-json\/wp\/v2\/tags?post=2040"}],"curies":[{"name":"wp","href":"https:\/\/api.w.org\/{rel}","templated":true}]}}