{"id":2033,"date":"2016-07-20T22:17:35","date_gmt":"2016-07-21T02:17:35","guid":{"rendered":"http:\/\/gobierno.udd.cl\/cpp\/?p=2033"},"modified":"2016-07-20T22:18:13","modified_gmt":"2016-07-21T02:18:13","slug":"en-hacienda-senalan-que-dietas-parlamentarias-son-las-mas-altas-del-mundo-incluso-si-bajaran-20-el-mercurio","status":"publish","type":"post","link":"https:\/\/gobierno.udd.cl\/cpp\/noticias\/2016\/07\/20\/en-hacienda-senalan-que-dietas-parlamentarias-son-las-mas-altas-del-mundo-incluso-si-bajaran-20-el-mercurio\/","title":{"rendered":"En Hacienda se\u00f1alan que dietas parlamentarias son las m\u00e1s altas del mundo, incluso si bajaran 20% &#8211; El Mercurio"},"content":{"rendered":"<p style=\"text-align: justify;\">El economista Enrique Paris, autor de la frase, se\u00f1al\u00f3 a \u00abEl Pol\u00edgrafo\u00bb que asisti\u00f3 a la comisi\u00f3n de Constituci\u00f3n el 6 de julio, ocasi\u00f3n en que fue consultado por el nivel de las dietas parlamentarias y las opciones que se han formulado para su reducci\u00f3n en la comisi\u00f3n t\u00e9cnica integrada por representantes del Ejecutivo y el Congreso. Paris se\u00f1ala que \u00abexiste gran cantidad de informaci\u00f3n a nivel internacional sobre dietas parlamentarias, con datos que en ocasiones son dif\u00edciles de comparar y que pueden inducir a error\u00bb. A\u00f1ade que hay gastos que en algunos pa\u00edses son de cargo de los parlamentarios y en otros los mismos gastos son cubiertos por el Congreso, situaci\u00f3n que ocurre tambi\u00e9n con la previsi\u00f3n.<\/p>\n<p style=\"text-align: justify;\">\u00abEn otras palabras, la comparabilidad es dif\u00edcil y los datos que se comparan a nivel internacional corresponden a montos brutos\u00bb, pese a que datos brutos de diferentes estudios e informes \u00absit\u00faan a Chile en los primeros lugares del mundo\u00bb y, seg\u00fan dice, rebajas de 20% o 25% no alteran esa posici\u00f3n. Al respecto, cita datos de la OCDE, Uni\u00f3n Interparlamentaria e informes de la Biblioteca del Congreso Nacional, entre otros.<\/p>\n<p style=\"text-align: justify;\">El an\u00e1lisis se hizo sobre rentas brutas, que suman un gasto anual de $17.294 millones en el Congreso por este \u00edtem.<\/p>\n<p style=\"text-align: justify;\">Expertos consultados coinciden en que no hay un estudio comparado de rentas parlamentarias a nivel mundial y que efectuar un ranking es complejo, incluso en el caso de la OCDE, porque hay variables extras, como bonos y asignaciones, que no son comunes a todos los pa\u00edses y pueden no estar considerados.<\/p>\n<p style=\"text-align: justify;\">Miguel \u00c1ngel Fern\u00e1ndez, de la Facultad de Gobierno de la U. del Desarrollo, elabor\u00f3 un ranking con las dietas por paridad de poder de compra, usando datos de la IPU (Uni\u00f3n Interparlamentaria, por sus siglas en ingl\u00e9s) y comparando c\u00e1maras bajas de los pa\u00edses OCDE: Chile est\u00e1 en la cuarta posici\u00f3n detr\u00e1s de Italia, Estados Unidos y Canad\u00e1. Si se rebajara la dieta en 20%, se reordena el gr\u00e1fico y Chile queda en sexto lugar, siendo superado ahora tambi\u00e9n por Jap\u00f3n y Austria. Advierte que para evitar errores hay que comparar c\u00e1maras bajas y no bicamerales.<\/p>\n<p style=\"text-align: justify;\">En Clapes UC, en tanto, plantean que \u00abefectivamente Chile tiene una de las dietas m\u00e1s altas del mundo\u00bb, lo que refrendan con el an\u00e1lisis de Ciper de 2014, en que Chile aparece liderando los montos al considerar la relaci\u00f3n de la dieta anual\/PIB per c\u00e1pita (US$ 250.505\/21.486), lo que refleja que la dieta equivale a unas 11 veces el PIB per c\u00e1pita; le sigue Turqu\u00eda, con 6,3 e Irlanda con 5,6.<\/p>\n<p style=\"text-align: justify;\">Mauricio Morales, cientista pol\u00edtico de la U. Diego Portales, dice que en el caso del grupo OCDE Chile solo es superado por M\u00e9xico cuando se ordenan los pa\u00edses con la dieta en relaci\u00f3n con sueldo m\u00ednimo, que a su juicio es la mejor forma de ranking . Adem\u00e1s, en The Economist, Nigeria aparece a la cabeza con una dieta anual equivalente a 116 veces el PIB per c\u00e1pita.<\/p>\n<p style=\"text-align: justify;\">Para Gloria de la Fuente, de Fundaci\u00f3n Chile 21, en tanto, \u00abal menos en los pa\u00edses de la OCDE, que son las econom\u00edas m\u00e1s relevantes y de donde tenemos estad\u00edsticas, aunque rebajemos el 20% de la dieta no llegamos al pa\u00eds que sigue\u00bb.<\/p>\n<p style=\"text-align: justify;\">MEDIA VERDAD Entre los expertos consultados hay coincidencia en que las dietas parlamentarias chilenas est\u00e1n entre las m\u00e1s altas de la OCDE, pero no se conocen estudios comparados sobre pa\u00edses del mundo. Adem\u00e1s, seg\u00fan uno de los an\u00e1lisis, si se rebajan en 20%, Chile s\u00ed cambiar\u00eda su posici\u00f3n en el grupo de pa\u00edses OCDE.<\/p>\n<p>&nbsp;<\/p>\n<p>Leer Reportaje <a href=\"http:\/\/impresa.elmercurio.com\/Pages\/NewsDetail.aspx?dt=2016-07-17&amp;dtB=20-07-2016%200:00:00&amp;PaginaId=4&amp;bodyid=10\" target=\"_blank\">AQU\u00cd<\/a><\/p>\n","protected":false},"excerpt":{"rendered":"<p>El economista Enrique Paris, autor de la frase, se\u00f1al\u00f3 a \u00abEl Pol\u00edgrafo\u00bb que asisti\u00f3 a la comisi\u00f3n de Constituci\u00f3n el 6 de julio, ocasi\u00f3n en que fue consultado por el nivel de las dietas parlamentarias y las opciones que se han formulado para su reducci\u00f3n en la comisi\u00f3n t\u00e9cnica integrada por representantes del Ejecutivo y [&hellip;]<\/p>\n","protected":false},"author":22,"featured_media":893,"comment_status":"open","ping_status":"open","sticky":false,"template":"","format":"standard","meta":{"footnotes":""},"categories":[10162],"tags":[],"class_list":["post-2033","post","type-post","status-publish","format-standard","has-post-thumbnail","hentry","category-centro-en-la-prensa"],"featured_image_url":"https:\/\/gobierno.udd.cl\/cpp\/files\/2015\/05\/udd_cpp_prensa_340.png","_links":{"self":[{"href":"https:\/\/gobierno.udd.cl\/cpp\/wp-json\/wp\/v2\/posts\/2033","targetHints":{"allow":["GET"]}}],"collection":[{"href":"https:\/\/gobierno.udd.cl\/cpp\/wp-json\/wp\/v2\/posts"}],"about":[{"href":"https:\/\/gobierno.udd.cl\/cpp\/wp-json\/wp\/v2\/types\/post"}],"author":[{"embeddable":true,"href":"https:\/\/gobierno.udd.cl\/cpp\/wp-json\/wp\/v2\/users\/22"}],"replies":[{"embeddable":true,"href":"https:\/\/gobierno.udd.cl\/cpp\/wp-json\/wp\/v2\/comments?post=2033"}],"version-history":[{"count":2,"href":"https:\/\/gobierno.udd.cl\/cpp\/wp-json\/wp\/v2\/posts\/2033\/revisions"}],"predecessor-version":[{"id":2035,"href":"https:\/\/gobierno.udd.cl\/cpp\/wp-json\/wp\/v2\/posts\/2033\/revisions\/2035"}],"wp:featuredmedia":[{"embeddable":true,"href":"https:\/\/gobierno.udd.cl\/cpp\/wp-json\/wp\/v2\/media\/893"}],"wp:attachment":[{"href":"https:\/\/gobierno.udd.cl\/cpp\/wp-json\/wp\/v2\/media?parent=2033"}],"wp:term":[{"taxonomy":"category","embeddable":true,"href":"https:\/\/gobierno.udd.cl\/cpp\/wp-json\/wp\/v2\/categories?post=2033"},{"taxonomy":"post_tag","embeddable":true,"href":"https:\/\/gobierno.udd.cl\/cpp\/wp-json\/wp\/v2\/tags?post=2033"}],"curies":[{"name":"wp","href":"https:\/\/api.w.org\/{rel}","templated":true}]}}