{"id":2022,"date":"2016-07-15T22:32:46","date_gmt":"2016-07-16T02:32:46","guid":{"rendered":"http:\/\/gobierno.udd.cl\/cpp\/?p=2022"},"modified":"2016-07-15T22:32:46","modified_gmt":"2016-07-16T02:32:46","slug":"prohibicion-de-lena-hugo-contreras","status":"publish","type":"post","link":"https:\/\/gobierno.udd.cl\/cpp\/noticias\/2016\/07\/15\/prohibicion-de-lena-hugo-contreras\/","title":{"rendered":"Prohibici\u00f3n de le\u00f1a &#8211; Hugo Contreras"},"content":{"rendered":"<p style=\"text-align: justify;\">Se\u00f1or director:<\/p>\n<p style=\"text-align: justify;\">Hace d\u00edas est\u00e1 circulando nuevamente en las redes sociales un art\u00edculo de junio de 2013, denominado \u201cSe est\u00e1n riendo en nuestra cara\u201d. \u00c9ste se\u00f1ala que \u201clas estufas a le\u00f1a matan hoy en Chile a m\u00e1s personas que todas las termoel\u00e9ctricas combinadas\u201d y que \u201cla contaminaci\u00f3n de material particulado fino (o PM 2,5) en Santiago proviene fundamentalmente del uso de le\u00f1a: 70% de las emisiones en invierno\u201d. Agrega que \u201cuna estufa a le\u00f1a contamina en un d\u00eda lo mismo que 1.500 autos si se usa le\u00f1a seca, y 12.000 autos si es le\u00f1a h\u00fameda; las estufas \u201cecol\u00f3gicas\u201d que cumplen la norma 2012 equivalen a 375 autos\u201d.<\/p>\n<p style=\"text-align: justify;\">Dichas aseveraciones son de Marcelo Mena, quien desde el 11 de marzo de 2014 se desempe\u00f1a como subsecretario del Ministerio de Medioambiente. Mena indica que la soluci\u00f3n pasar\u00eda por prohibir la venta y el uso de le\u00f1a; que se debe dejar de vender estufas a le\u00f1a y reemplazar las viejas estufas de los sectores m\u00e1s pobres por sistemas a gas o parafina, con lo cual se arreglar\u00eda un 70% del problema en invierno.<\/p>\n<p style=\"text-align: justify;\">Suponiendo que los datos se\u00f1alados son robustos y representativos, pues no se\u00f1ala su fuente, y considerando el da\u00f1o que genera el uso de la le\u00f1a en el Gran Santiago, mi pregunta es: a dos a\u00f1os de la gesti\u00f3n del subsecretario, \u00bfpor qu\u00e9 no se ha prohibido el uso de le\u00f1a, la venta de estufas y el reemplazo de \u00e9stas en los sectores m\u00e1s vulnerables?<\/p>\n<p style=\"text-align: justify;\">\n<p><strong>Hugo Contreras<\/strong><\/p>\n<p><strong>Investigador Centro de Pol\u00edticas\u00a0<\/strong><\/p>\n<p><strong>P\u00fablicas <span class=\"highlight\">Universidad<\/span> <span class=\"highlight\">del<\/span> <span class=\"highlight\">Desarrollo<\/span>\u00a0<\/strong><\/p>\n<p>&nbsp;<\/p>\n<p>Ver columna <a href=\"http:\/\/www.latercera.com\/noticia\/opinion\/correos-de-los-lectores\/2016\/07\/896-688096-9-prohibicion-de-lena.shtml\" target=\"_blank\">AQUI<\/a><\/p>\n","protected":false},"excerpt":{"rendered":"<p>Se\u00f1or director: Hace d\u00edas est\u00e1 circulando nuevamente en las redes sociales un art\u00edculo de junio de 2013, denominado \u201cSe est\u00e1n riendo en nuestra cara\u201d. \u00c9ste se\u00f1ala que \u201clas estufas a le\u00f1a matan hoy en Chile a m\u00e1s personas que todas las termoel\u00e9ctricas combinadas\u201d y que \u201cla contaminaci\u00f3n de material particulado fino (o PM 2,5) en [&hellip;]<\/p>\n","protected":false},"author":22,"featured_media":893,"comment_status":"open","ping_status":"open","sticky":false,"template":"","format":"standard","meta":{"footnotes":""},"categories":[10162],"tags":[],"class_list":["post-2022","post","type-post","status-publish","format-standard","has-post-thumbnail","hentry","category-centro-en-la-prensa"],"featured_image_url":"https:\/\/gobierno.udd.cl\/cpp\/files\/2015\/05\/udd_cpp_prensa_340.png","_links":{"self":[{"href":"https:\/\/gobierno.udd.cl\/cpp\/wp-json\/wp\/v2\/posts\/2022","targetHints":{"allow":["GET"]}}],"collection":[{"href":"https:\/\/gobierno.udd.cl\/cpp\/wp-json\/wp\/v2\/posts"}],"about":[{"href":"https:\/\/gobierno.udd.cl\/cpp\/wp-json\/wp\/v2\/types\/post"}],"author":[{"embeddable":true,"href":"https:\/\/gobierno.udd.cl\/cpp\/wp-json\/wp\/v2\/users\/22"}],"replies":[{"embeddable":true,"href":"https:\/\/gobierno.udd.cl\/cpp\/wp-json\/wp\/v2\/comments?post=2022"}],"version-history":[{"count":1,"href":"https:\/\/gobierno.udd.cl\/cpp\/wp-json\/wp\/v2\/posts\/2022\/revisions"}],"predecessor-version":[{"id":2023,"href":"https:\/\/gobierno.udd.cl\/cpp\/wp-json\/wp\/v2\/posts\/2022\/revisions\/2023"}],"wp:featuredmedia":[{"embeddable":true,"href":"https:\/\/gobierno.udd.cl\/cpp\/wp-json\/wp\/v2\/media\/893"}],"wp:attachment":[{"href":"https:\/\/gobierno.udd.cl\/cpp\/wp-json\/wp\/v2\/media?parent=2022"}],"wp:term":[{"taxonomy":"category","embeddable":true,"href":"https:\/\/gobierno.udd.cl\/cpp\/wp-json\/wp\/v2\/categories?post=2022"},{"taxonomy":"post_tag","embeddable":true,"href":"https:\/\/gobierno.udd.cl\/cpp\/wp-json\/wp\/v2\/tags?post=2022"}],"curies":[{"name":"wp","href":"https:\/\/api.w.org\/{rel}","templated":true}]}}