{"id":2012,"date":"2016-07-15T22:01:48","date_gmt":"2016-07-16T02:01:48","guid":{"rendered":"http:\/\/gobierno.udd.cl\/cpp\/?p=2012"},"modified":"2016-07-15T22:01:48","modified_gmt":"2016-07-16T02:01:48","slug":"reforma-a-la-educacion-superior-la-nueva-victima-por-gonzalo-muller","status":"publish","type":"post","link":"https:\/\/gobierno.udd.cl\/cpp\/noticias\/2016\/07\/15\/reforma-a-la-educacion-superior-la-nueva-victima-por-gonzalo-muller\/","title":{"rendered":"Reforma a la Educaci\u00f3n Superior, la nueva v\u00edctima. Por Gonzalo M\u00fcller"},"content":{"rendered":"<p style=\"text-align: justify;\">El lunes pasado el comit\u00e9 pol\u00edtico de La Moneda se reun\u00eda para conocer la esperada reforma de la educaci\u00f3n superior. Despu\u00e9s de largos a\u00f1os de espera, la reforma estrella del gobierno ve\u00eda la luz, pero el tono del debate giraba en torno a los costos pol\u00edticos que \u00e9sta implicaba para los partidos de la Nueva Mayor\u00eda y no sobre los beneficios. Eran m\u00e1s las voces de los que temen un castigo electoral vinculado al incumplimiento grave de la promesa central de la anterior campa\u00f1a presidencial.<\/p>\n<p style=\"text-align: justify;\">La reforma a la educaci\u00f3n superior parece que va a seguir el derrotero de todas las reformas anteriores, pero en un tono m\u00e1s acelerado. En lo que ya parece un sino tr\u00e1gico, predomina la falta de apoyo y de una masa cr\u00edtica m\u00ednima que crea en la reforma y que la defienda. La visibilidad de los costos pol\u00edticos de incumplir la promesa de gratuidad, despu\u00e9s de que la mayor\u00eda de los diputados y senadores de la Nueva Mayor\u00eda hizo campa\u00f1a prometiendo abiertamente una educaci\u00f3n universitaria gratuita, los pone en una situaci\u00f3n cr\u00edtica al tener que volver a recorrer los barrios y comunas en esta elecci\u00f3n municipal asumiendo el riesgo de tener que dar explicaciones y enfrentando la posibilidad de un voto de castigo de parte de quienes se sienten defraudados.<\/p>\n<p style=\"text-align: justify;\">Son muchos los que siguen esperando una explicaci\u00f3n. La reforma tributaria aprobada con el discurso de subir los impuestos para financiar la reforma educacional no alcanza ni siquiera para dar cobertura plena al 50% m\u00e1s pobre de los estudiantes. Este gigantesco error de c\u00e1lculo habla del permanente d\u00e9ficit t\u00e9cnico de que han adolecido las reformas de este gobierno. En qu\u00e9 inc\u00f3moda posici\u00f3n ha quedado la propia Presidenta Michelle Bachelet, quien aseguraba en campa\u00f1a y repet\u00eda durante sus primeros a\u00f1os que la promesa de gratuidad estaba financiada, cosa que hoy sabemos no era verdad.<\/p>\n<p style=\"text-align: justify;\">Por eso, el proyecto del gobierno no tiene partidarios, es una reforma necesaria pero que como est\u00e1 construida nadie la quiere. \u00bfQui\u00e9n sostiene en el debate p\u00fablico que es una buena reforma?<\/p>\n<p style=\"text-align: justify;\">El mayor desastre viene de que estos errores y la ineptitud del gobierno est\u00e1n haciendo perder el tiempo a miles estudiantes y sus familias que esperaban lo prometido. Pero tambi\u00e9n a los distintos actores del sistema educativo, como las universidades y sus rectores, que luego de m\u00e1s de dos a\u00f1os de espera solo han presentado reparos y cr\u00edticas al conocer el proyecto de la reforma.<\/p>\n<p style=\"text-align: justify;\"><em>Gonzalo M\u00fcller, director Programa de Opini\u00f3n P\u00fablica, Facultad de Gobierno UDD.<\/em><\/p>\n<p style=\"text-align: justify;\">Columna publicada en <strong><a href=\"http:\/\/ellibero.cl\/opinion\/reforma-a-la-educacion-superior-la-nueva-victima\/\" target=\"_blank\">El L\u00edbero 11\/07\/2016<\/a><\/strong><\/p>\n","protected":false},"excerpt":{"rendered":"<p>Nuestra historia est\u00e1 llena de reformas que lograron instalarse con \u00e9xito frente a demandas y necesidades de la ciudadan\u00eda. Para eso, cada gobierno hab\u00eda sabido construir el acuerdo necesario para ello. Y curiosamente los parlamentarios y los partidos de gobierno y oposici\u00f3n se peleaban por atribuirse responsabilidades en su aprobaci\u00f3n. Qu\u00e9 lejana se ve hoy esa imagen de una pol\u00edtica capaz de construir m\u00e1s all\u00e1 de las leg\u00edtimas diferencias. Pareciera que hoy la reforma de la educaci\u00f3n superior va camino a ser la nueva v\u00edctima de la incapacidad pol\u00edtica de quienes hoy nos gobiernan.<\/p>\n","protected":false},"author":22,"featured_media":768,"comment_status":"open","ping_status":"open","sticky":false,"template":"","format":"standard","meta":{"footnotes":""},"categories":[5095],"tags":[],"class_list":["post-2012","post","type-post","status-publish","format-standard","has-post-thumbnail","hentry","category-columnas-de-opinion"],"featured_image_url":"https:\/\/gobierno.udd.cl\/cpp\/files\/2015\/01\/Gonzalo-M\u00fcller_destacada.jpg","_links":{"self":[{"href":"https:\/\/gobierno.udd.cl\/cpp\/wp-json\/wp\/v2\/posts\/2012","targetHints":{"allow":["GET"]}}],"collection":[{"href":"https:\/\/gobierno.udd.cl\/cpp\/wp-json\/wp\/v2\/posts"}],"about":[{"href":"https:\/\/gobierno.udd.cl\/cpp\/wp-json\/wp\/v2\/types\/post"}],"author":[{"embeddable":true,"href":"https:\/\/gobierno.udd.cl\/cpp\/wp-json\/wp\/v2\/users\/22"}],"replies":[{"embeddable":true,"href":"https:\/\/gobierno.udd.cl\/cpp\/wp-json\/wp\/v2\/comments?post=2012"}],"version-history":[{"count":1,"href":"https:\/\/gobierno.udd.cl\/cpp\/wp-json\/wp\/v2\/posts\/2012\/revisions"}],"predecessor-version":[{"id":2013,"href":"https:\/\/gobierno.udd.cl\/cpp\/wp-json\/wp\/v2\/posts\/2012\/revisions\/2013"}],"wp:featuredmedia":[{"embeddable":true,"href":"https:\/\/gobierno.udd.cl\/cpp\/wp-json\/wp\/v2\/media\/768"}],"wp:attachment":[{"href":"https:\/\/gobierno.udd.cl\/cpp\/wp-json\/wp\/v2\/media?parent=2012"}],"wp:term":[{"taxonomy":"category","embeddable":true,"href":"https:\/\/gobierno.udd.cl\/cpp\/wp-json\/wp\/v2\/categories?post=2012"},{"taxonomy":"post_tag","embeddable":true,"href":"https:\/\/gobierno.udd.cl\/cpp\/wp-json\/wp\/v2\/tags?post=2012"}],"curies":[{"name":"wp","href":"https:\/\/api.w.org\/{rel}","templated":true}]}}