{"id":2010,"date":"2016-07-10T22:22:20","date_gmt":"2016-07-11T02:22:20","guid":{"rendered":"http:\/\/gobierno.udd.cl\/cpp\/?p=2010"},"modified":"2016-07-10T22:22:20","modified_gmt":"2016-07-11T02:22:20","slug":"rodrigo-arellano-lecciones-de-una-eleccion-inesperada-el-libero","status":"publish","type":"post","link":"https:\/\/gobierno.udd.cl\/cpp\/noticias\/2016\/07\/10\/rodrigo-arellano-lecciones-de-una-eleccion-inesperada-el-libero\/","title":{"rendered":"Rodrigo Arellano: Lecciones de una elecci\u00f3n inesperada &#8211; El L\u00edbero"},"content":{"rendered":"<p style=\"text-align: justify;\">Al mismo tiempo que los fan\u00e1ticos aplaud\u00edan el final de la sexta temporada de \u201cGames of Thrones\u201d (por cierto, la serie favorita del l\u00edder de Podemos, Pablo Iglesias) parad\u00f3jicamente en Espa\u00f1a comenzaba una nueva temporada para iniciar la b\u00fasqueda de quien, al igual que en la serie de HBO, pueda sentarse en el \u201ctrono de hierro\u201d y gobernar todos los reinos. En Espa\u00f1a ese trono vendr\u00eda a ser el Palacio de la Moncloa.<\/p>\n<p style=\"text-align: justify;\">La jornada electoral del domingo tuvo un resultado inesperado. Ning\u00fan analista y ninguna encuesta electoral anticip\u00f3 el resultado que finalmente dio un solo ganador: el Partido Popular y muy especialmente su l\u00edder, Mariano Rajoy.<\/p>\n<p style=\"text-align: justify;\">Al igual que en las elecciones del pasado 20 diciembre, todos esperaban que el Partido Popular liderara las votaciones. Pero no s\u00f3lo ocurri\u00f3 as\u00ed, sino que obtuvo 14 diputados m\u00e1s, vot\u00f3 casi un mill\u00f3n m\u00e1s de personas por ellos, gan\u00f3 en la gran mayor\u00eda de las provincias (salvo Catalu\u00f1a y el Pa\u00eds Vasco), en Madrid arras\u00f3, y hoy son muy pocos los que creen que no gobernar\u00e1.<\/p>\n<p style=\"text-align: justify;\">Rajoy ha sido el gran ganador. Su estrategia de no ceder en la designaci\u00f3n de un nuevo liderazgo para afrontar estas nuevas elecciones, y soportar durante m\u00e1s de seis meses la dura cr\u00edtica de sus adversarios y de algunos miembros de su propio partido por haber rechazado la oferta de investidura hecha por el Rey, ha tenido una clara recompensa. Hoy nadie cuestiona que tom\u00f3 el camino correcto, y que ser\u00e1 el m\u00e1s probable futuro jefe de gobierno.<\/p>\n<p style=\"text-align: justify;\">Todo el resto de partidos han sufrido alg\u00fan tipo de derrota. El PSOE (Partido Socialista) vivi\u00f3 uno de los resultados electorales m\u00e1s desastrosos de su historia, perdiendo cinco diputados en relaci\u00f3n a diciembre pasado. Pero puede respirar al menos por un tiempo, pese a que todos anticipaban que pasar\u00eda a ser la tercera fuerza pol\u00edtica de Espa\u00f1a, y que Unidos Podemos le arrebatar\u00eda el segundo puesto. Hoy existe un profunda divisi\u00f3n interna con respecto al futuro del PSOE, y el liderazgo de Pedro S\u00e1nchez se ve cada d\u00eda m\u00e1s debilitado.<\/p>\n<p style=\"text-align: justify;\">Por su parte, Ciudadanos, el partido que ven\u00eda a renovar la centro derecha, ha quedado otra vez en el cuarto lugar, perdiendo votos y diputados. En definitiva, ocho diputados menos. El electorado no ha perdonado que ese partido haya llegado a acuerdo con los socialistas y que su l\u00edder, Albert Rivera, haya estado dispuesto a apoyar a S\u00e1nchez para formar gobierno.<\/p>\n<p style=\"text-align: justify;\">Y finalmente quienes fueran las estrellas de la elecci\u00f3n de diciembre pasado. Unidos Podemos y su l\u00edder Pablo Iglesias, han sido los grandes perdedores en esta elecci\u00f3n. Han mantenido el n\u00famero de diputados, pero perdieron m\u00e1s de un mill\u00f3n de votos. El sistema electoral espa\u00f1ol permite este tipo de situaciones. Hicieron una campa\u00f1a apostando al segundo lugar confiados en que su pacto con el Partido Comunista les har\u00eda m\u00e1s poderosos, avalados por las expectativas generadas por las encuestas. Algunos ya han pedido que su l\u00edder d\u00e9 un paso al costado y lo responsabilizan de la derrota por su estilo confrontacional y lleno de gui\u00f1os populistas.<\/p>\n<p style=\"text-align: justify;\">Se abre un nuevo ciclo en Espa\u00f1a, donde al parecer la estabilidad y moderaci\u00f3n han triunfado. El golpe del Brexit del jueves pasado debe haber influido en ello. Ahora comienza la etapa de negociaciones entre los partidos pol\u00edticos, y pese a que tanto el PSOE como Ciudadanos digan \u2013por el momento\u2013 que no apoyar\u00e1n a Rajoy, el pueblo espa\u00f1ol dijo otra cosa el domingo pasado. Ser\u00e1 muy dif\u00edcil cambiar el destino del \u201ctrono de hierro\u201d espa\u00f1ol.<\/p>\n<p style=\"text-align: justify;\">\n<p style=\"text-align: justify;\">Rodrigo Arellano<\/p>\n<p style=\"text-align: justify;\">Profesor Centro de pol\u00edticas p\u00fablicas <span class=\"highlight\">UDD<\/span><\/p>\n<p style=\"text-align: justify;\">Ver columna <a href=\"http:\/\/ellibero.cl\/opinion\/lecciones-de-una-eleccion-inesperada\/\" target=\"_blank\">AQU\u00cd<\/a><\/p>\n","protected":false},"excerpt":{"rendered":"<p>Los comicios del domingo en Espa\u00f1a dejan un claro ganador: Mariano Rajoy y el Partido Popular. Todos los dem\u00e1s han sufrido alg\u00fan tipo de retroceso. Se abre as\u00ed un nuevo ciclo, donde la estabilidad y moderaci\u00f3n han triunfado.<\/p>\n","protected":false},"author":22,"featured_media":893,"comment_status":"open","ping_status":"open","sticky":false,"template":"","format":"standard","meta":{"footnotes":""},"categories":[10162],"tags":[],"class_list":["post-2010","post","type-post","status-publish","format-standard","has-post-thumbnail","hentry","category-centro-en-la-prensa"],"featured_image_url":"https:\/\/gobierno.udd.cl\/cpp\/files\/2015\/05\/udd_cpp_prensa_340.png","_links":{"self":[{"href":"https:\/\/gobierno.udd.cl\/cpp\/wp-json\/wp\/v2\/posts\/2010","targetHints":{"allow":["GET"]}}],"collection":[{"href":"https:\/\/gobierno.udd.cl\/cpp\/wp-json\/wp\/v2\/posts"}],"about":[{"href":"https:\/\/gobierno.udd.cl\/cpp\/wp-json\/wp\/v2\/types\/post"}],"author":[{"embeddable":true,"href":"https:\/\/gobierno.udd.cl\/cpp\/wp-json\/wp\/v2\/users\/22"}],"replies":[{"embeddable":true,"href":"https:\/\/gobierno.udd.cl\/cpp\/wp-json\/wp\/v2\/comments?post=2010"}],"version-history":[{"count":1,"href":"https:\/\/gobierno.udd.cl\/cpp\/wp-json\/wp\/v2\/posts\/2010\/revisions"}],"predecessor-version":[{"id":2011,"href":"https:\/\/gobierno.udd.cl\/cpp\/wp-json\/wp\/v2\/posts\/2010\/revisions\/2011"}],"wp:featuredmedia":[{"embeddable":true,"href":"https:\/\/gobierno.udd.cl\/cpp\/wp-json\/wp\/v2\/media\/893"}],"wp:attachment":[{"href":"https:\/\/gobierno.udd.cl\/cpp\/wp-json\/wp\/v2\/media?parent=2010"}],"wp:term":[{"taxonomy":"category","embeddable":true,"href":"https:\/\/gobierno.udd.cl\/cpp\/wp-json\/wp\/v2\/categories?post=2010"},{"taxonomy":"post_tag","embeddable":true,"href":"https:\/\/gobierno.udd.cl\/cpp\/wp-json\/wp\/v2\/tags?post=2010"}],"curies":[{"name":"wp","href":"https:\/\/api.w.org\/{rel}","templated":true}]}}