{"id":1996,"date":"2016-06-30T21:19:28","date_gmt":"2016-07-01T01:19:28","guid":{"rendered":"http:\/\/gobierno.udd.cl\/cpp\/?p=1996"},"modified":"2016-06-30T21:19:28","modified_gmt":"2016-07-01T01:19:28","slug":"lucas-palacios-carabineros-y-violencia-carta-al-director-el-mercurio","status":"publish","type":"post","link":"https:\/\/gobierno.udd.cl\/cpp\/noticias\/2016\/06\/30\/lucas-palacios-carabineros-y-violencia-carta-al-director-el-mercurio\/","title":{"rendered":"Lucas Palacios: Carabineros y violencia &#8211; Carta al Director &#8211; El Mercurio"},"content":{"rendered":"<p style=\"text-align: justify;\">Se\u00f1or Director:<\/p>\n<p style=\"text-align: justify;\">Carabineros de Chile se ha ganado el cari\u00f1o y reconocimiento de los chilenos. Es una instituci\u00f3n profesional y respetada. En m\u00e1s de una ocasi\u00f3n, extranjeros me han preguntado si nuestros carabineros son corruptos. Me he sentido orgulloso de decir que no, que se trata en general de personas que ejercen su tarea con dificultad y esfuerzo, pero fundamentalmente con rectitud, oficio y probidad.<\/p>\n<p style=\"text-align: justify;\">Pese a lo anterior, Carabineros no ha podido evitar esta especie de criticismo cr\u00f3nico que ha tomado nuestra sociedad frente a todas las instituciones. De este modo, se cuestionan con severidad sus acciones, se les agrede en las marchas, se les tilda de abusadores por ejercer su autoridad frente a delincuentes con derechos y sin responsabilidad. En consecuencia, la presencia de Carabineros ha ido perdiendo capacidad disuasiva.<\/p>\n<p style=\"text-align: justify;\">Rudolph Giuliani -exitoso ex alcalde de Nueva York, c\u00e9lebre por la aplicaci\u00f3n del programa \u00abTolerancia Cero\u00bb contra la delincuencia- dijo la semana pasada en nuestro pa\u00eds: la polic\u00eda debe estar pol\u00edticamente respaldada; de lo contrario, nunca tomar\u00e1 el riesgo personal que implica enfrentar el crimen.<\/p>\n<p style=\"text-align: justify;\">Ante los hechos de violencia que observamos con preocupaci\u00f3n en Chile, la fuerza p\u00fablica requiere de un mayor empoderamiento pol\u00edtico expl\u00edcito para llevar a cabo sus labores en forma eficaz. Lamentablemente, con demasiada frecuencia vemos que se relativiza o minimiza la percepci\u00f3n de violencia utilizada por parte de ciertos grupos, lo cual deja a Carabineros en una situaci\u00f3n de desventaja inmanejable para controlar el orden p\u00fablico.<\/p>\n<p style=\"text-align: justify;\"><span class=\"highlight\">Lucas<\/span> <span class=\"highlight\">Palacios<\/span> Covarrubias<\/p>\n<p>Centro de Pol\u00edticas P\u00fablicas <span class=\"highlight\">Universidad<\/span> <span class=\"highlight\">del<\/span> <span class=\"highlight\">Desarrollo<\/span><\/p>\n<p style=\"text-align: justify;\">\n<p style=\"text-align: justify;\">Ver publicaci\u00f3n <a href=\"http:\/\/www.economiaynegocios.cl\/noticias\/noticias.asp?id=264258\" target=\"_blank\">AQU\u00cd<\/a><\/p>\n","protected":false},"excerpt":{"rendered":"<p>Se\u00f1or Director: Carabineros de Chile se ha ganado el cari\u00f1o y reconocimiento de los chilenos. Es una instituci\u00f3n profesional y respetada. En m\u00e1s de una ocasi\u00f3n, extranjeros me han preguntado si nuestros carabineros son corruptos. Me he sentido orgulloso de decir que no, que se trata en general de personas que ejercen su tarea con [&hellip;]<\/p>\n","protected":false},"author":22,"featured_media":893,"comment_status":"open","ping_status":"open","sticky":false,"template":"","format":"standard","meta":{"footnotes":""},"categories":[10162],"tags":[],"class_list":["post-1996","post","type-post","status-publish","format-standard","has-post-thumbnail","hentry","category-centro-en-la-prensa"],"featured_image_url":"https:\/\/gobierno.udd.cl\/cpp\/files\/2015\/05\/udd_cpp_prensa_340.png","_links":{"self":[{"href":"https:\/\/gobierno.udd.cl\/cpp\/wp-json\/wp\/v2\/posts\/1996","targetHints":{"allow":["GET"]}}],"collection":[{"href":"https:\/\/gobierno.udd.cl\/cpp\/wp-json\/wp\/v2\/posts"}],"about":[{"href":"https:\/\/gobierno.udd.cl\/cpp\/wp-json\/wp\/v2\/types\/post"}],"author":[{"embeddable":true,"href":"https:\/\/gobierno.udd.cl\/cpp\/wp-json\/wp\/v2\/users\/22"}],"replies":[{"embeddable":true,"href":"https:\/\/gobierno.udd.cl\/cpp\/wp-json\/wp\/v2\/comments?post=1996"}],"version-history":[{"count":1,"href":"https:\/\/gobierno.udd.cl\/cpp\/wp-json\/wp\/v2\/posts\/1996\/revisions"}],"predecessor-version":[{"id":1997,"href":"https:\/\/gobierno.udd.cl\/cpp\/wp-json\/wp\/v2\/posts\/1996\/revisions\/1997"}],"wp:featuredmedia":[{"embeddable":true,"href":"https:\/\/gobierno.udd.cl\/cpp\/wp-json\/wp\/v2\/media\/893"}],"wp:attachment":[{"href":"https:\/\/gobierno.udd.cl\/cpp\/wp-json\/wp\/v2\/media?parent=1996"}],"wp:term":[{"taxonomy":"category","embeddable":true,"href":"https:\/\/gobierno.udd.cl\/cpp\/wp-json\/wp\/v2\/categories?post=1996"},{"taxonomy":"post_tag","embeddable":true,"href":"https:\/\/gobierno.udd.cl\/cpp\/wp-json\/wp\/v2\/tags?post=1996"}],"curies":[{"name":"wp","href":"https:\/\/api.w.org\/{rel}","templated":true}]}}