{"id":1990,"date":"2016-06-30T21:08:22","date_gmt":"2016-07-01T01:08:22","guid":{"rendered":"http:\/\/gobierno.udd.cl\/cpp\/?p=1990"},"modified":"2016-06-30T21:08:45","modified_gmt":"2016-07-01T01:08:45","slug":"analistas-manifiestan-en-que-volver-a-la-obligatoriedad-del-voto-seria-un-error-el-diario-de-concepcion","status":"publish","type":"post","link":"https:\/\/gobierno.udd.cl\/cpp\/noticias\/2016\/06\/30\/analistas-manifiestan-en-que-volver-a-la-obligatoriedad-del-voto-seria-un-error-el-diario-de-concepcion\/","title":{"rendered":"Analistas manifiestan en que volver a la obligatoriedad del voto ser\u00eda un error &#8211; El Diario de Concepci\u00f3n"},"content":{"rendered":"<p style=\"text-align: justify;\">La baja participaci\u00f3n en las primarias, y el temor a que se pueda repetir en las pr\u00f3ximas parlamentarias y presidenciales (guardando las diferencias) ha motivado a un grupo de senadores oficialistas a promover el retorno de la obligatoriedad del voto.<\/p>\n<p style=\"text-align: justify;\">Y, aunque hay quienes no est\u00e1n de acuerdo, el tema se comienza a instalar.<\/p>\n<p style=\"text-align: justify;\">Consultado un grupo de analistas y acad\u00e9micos, hubo coincidencia en que terminar con el sufragio voluntario era una muy mala idea.<\/p>\n<p style=\"text-align: justify;\">El soci\u00f3logo Alberto Mayol, quien dijo ser partidario del voto obligatorio, sostuvo que se trataba de una discusi\u00f3n zanjada (\u00abmal zanjada\u00bb) por los mismos que hoy pretenden dar un paso atr\u00e1s.<\/p>\n<p style=\"text-align: justify;\">En su opini\u00f3n, la discusi\u00f3n se deber\u00eda centrar en principios. \u00abEn el marco de una baja participaci\u00f3n electoral, empezar a imaginarse que haya voto obligatorio para que uno tenga que ir es simplemente agravar a\u00fan m\u00e1s la legitimidad de esos grupos (que votan)\u00bb, opin\u00f3.<\/p>\n<p style=\"text-align: justify;\">Mayol dijo que no hay ning\u00fan argumento profundo que justifique discutir el tema. \u00abSino hablemos de r\u00e9gimen pol\u00edtico tambi\u00e9n. Me parece que es una falta de respeto, que porque ahora tienen un problema, y sienten que esos cupos son ileg\u00edtimos, se empiece a plantear el voto obligatorio\u00bb, enfatiz\u00f3.<\/p>\n<p style=\"text-align: justify;\">Agreg\u00f3 que \u00abhay una carencia significativa de autocr\u00edtica. Acad\u00e9micamente, uno puede sacar algunas conclusiones sobre la alta abstenci\u00f3n, pero no gozamos de una convicci\u00f3n pol\u00edtica respecto a las razones de esa abstenci\u00f3n\u00bb.<\/p>\n<p style=\"text-align: justify;\">La acad\u00e9mica de la Universidad del Desarrollo (UDD), Lesley Brice\u00f1o, record\u00f3 que desde el a\u00f1o \u201890 que la participaci\u00f3n ha venido disminuyendo. \u00abEl voto voluntario ampli\u00f3 el padr\u00f3n electoral y es por ello que los porcentajes de participaci\u00f3n disminuyeron, pero si uno revisa las cifras de participaci\u00f3n, estas se han mantenido m\u00e1s o menos estables. Volver a un voto obligatorio ser\u00eda un error de parte de la clase pol\u00edtica (&#8230;). Debiera de poner acento en tener claro cu\u00e1les son las demandas de la ciudadan\u00eda en relaci\u00f3n a su actuar, y eso se traduce en rendici\u00f3n de cuentas, claridad en sus propuestas, mayor transparencia, y tambi\u00e9n mejorar la comunicaci\u00f3n entre la ciudadan\u00eda y la clase pol\u00edtica\u00bb, opin\u00f3.<\/p>\n<p style=\"text-align: justify;\">En tanto, los acad\u00e9micos de las universidades Andr\u00e9s Bello (Unab), Felipe Vergara, y del Desarrollo (UDD), Gonzalo M\u00fcller, y (Unab), coincidieron en que tampoco se han actualizado los mecanismos para sufragar.<\/p>\n<p style=\"text-align: justify;\">\u00abNo se ha creado ninguna facilidad para votar. No tenemos voto electr\u00f3nico, no hay voto a distancia. O sea, podemos pagar impuestos por el tel\u00e9fono, pero no puedo elegir (a un representante). \u00bfQu\u00e9 joven se va a levantar con ganas de ir a votar un domingo, con la incertidumbre de encontrarse con una fila tremenda y, en algunos casos, gastar dinero en movilizaci\u00f3n, y eso no contribuye en nada a cambiar su estilo de vida?\u00bb, coment\u00f3 Vergara.<\/p>\n<p style=\"text-align: justify;\">Agreg\u00f3 que esto es igual que el f\u00fatbol, \u00abla gente va al estadio cuando los equipos son buenos, y cuando los jugadores son malos, no va\u00bb.<\/p>\n<p style=\"text-align: justify;\">\u00abNo se ha tomado ni una sola medida pro participaci\u00f3n. Por ejemplo, en otros pa\u00edses se puede votar antes, es decir, no s\u00f3lo el d\u00eda de la elecci\u00f3n, sino tres o o cuatro d\u00edas antes. Eso funciona en Estados Unidos, y ha tenido un efecto positivo. Otra medida podr\u00eda ser el voto por correo\u00bb, dijo M\u00fcller, quien adem\u00e1s record\u00f3, que tampoco se ha trabajado en la actualizaci\u00f3n del padr\u00f3n.<\/p>\n<p style=\"text-align: justify;\">\u00abNos sigue dando lo mismo, que en los padrones electorales, sigan apareciendo personas fallecidas, u otras con domicilio de hace 20 \u00f3 30 a\u00f1os. M\u00e1s que obligar, deber\u00edamos pensar en como lo hacemos m\u00e1s \u00fatil y atractivo\u00bb, sostuvo.<\/p>\n<p style=\"text-align: justify;\">Ver noticia\u00a0<a href=\"http:\/\/www.diarioconcepcion.cl\/?q=content\/analistas-manifiestan-en-que-volver-la-obligatoriedad-del-voto-ser%C3%ADa-un-error\" target=\"_blank\">AQU\u00cd<\/a><\/p>\n","protected":false},"excerpt":{"rendered":"<p>Profesionales con las m\u00e1s variadas visiones coincidieron en que \u00abclase pol\u00edtica\u00bb equivoca el foco, tras baja participaci\u00f3n ciudadana en comicios. Apuntan a la falta de autocr\u00edtica e insisten en mejorar mecanismos para poder votar. <\/p>\n","protected":false},"author":22,"featured_media":893,"comment_status":"open","ping_status":"open","sticky":false,"template":"","format":"standard","meta":{"footnotes":""},"categories":[10162],"tags":[],"class_list":["post-1990","post","type-post","status-publish","format-standard","has-post-thumbnail","hentry","category-centro-en-la-prensa"],"featured_image_url":"https:\/\/gobierno.udd.cl\/cpp\/files\/2015\/05\/udd_cpp_prensa_340.png","_links":{"self":[{"href":"https:\/\/gobierno.udd.cl\/cpp\/wp-json\/wp\/v2\/posts\/1990","targetHints":{"allow":["GET"]}}],"collection":[{"href":"https:\/\/gobierno.udd.cl\/cpp\/wp-json\/wp\/v2\/posts"}],"about":[{"href":"https:\/\/gobierno.udd.cl\/cpp\/wp-json\/wp\/v2\/types\/post"}],"author":[{"embeddable":true,"href":"https:\/\/gobierno.udd.cl\/cpp\/wp-json\/wp\/v2\/users\/22"}],"replies":[{"embeddable":true,"href":"https:\/\/gobierno.udd.cl\/cpp\/wp-json\/wp\/v2\/comments?post=1990"}],"version-history":[{"count":2,"href":"https:\/\/gobierno.udd.cl\/cpp\/wp-json\/wp\/v2\/posts\/1990\/revisions"}],"predecessor-version":[{"id":1992,"href":"https:\/\/gobierno.udd.cl\/cpp\/wp-json\/wp\/v2\/posts\/1990\/revisions\/1992"}],"wp:featuredmedia":[{"embeddable":true,"href":"https:\/\/gobierno.udd.cl\/cpp\/wp-json\/wp\/v2\/media\/893"}],"wp:attachment":[{"href":"https:\/\/gobierno.udd.cl\/cpp\/wp-json\/wp\/v2\/media?parent=1990"}],"wp:term":[{"taxonomy":"category","embeddable":true,"href":"https:\/\/gobierno.udd.cl\/cpp\/wp-json\/wp\/v2\/categories?post=1990"},{"taxonomy":"post_tag","embeddable":true,"href":"https:\/\/gobierno.udd.cl\/cpp\/wp-json\/wp\/v2\/tags?post=1990"}],"curies":[{"name":"wp","href":"https:\/\/api.w.org\/{rel}","templated":true}]}}