{"id":1981,"date":"2016-06-30T20:58:05","date_gmt":"2016-07-01T00:58:05","guid":{"rendered":"http:\/\/gobierno.udd.cl\/cpp\/?p=1981"},"modified":"2016-06-30T21:01:55","modified_gmt":"2016-07-01T01:01:55","slug":"encuentro-nacional-de-innovacion-social-se-realizara-en-valparaiso-innovacion-chilena","status":"publish","type":"post","link":"https:\/\/gobierno.udd.cl\/cpp\/noticias\/2016\/06\/30\/encuentro-nacional-de-innovacion-social-se-realizara-en-valparaiso-innovacion-chilena\/","title":{"rendered":"Encuentro nacional de innovaci\u00f3n social se realizar\u00e1 en Valpara\u00edso &#8211; Innovacion Chilena"},"content":{"rendered":"<p style=\"text-align: justify;\">Aplicaciones m\u00f3viles que estimulan a aprender sobre ciertos temas, sistemas de venta que permiten pagar menos a las personas de menos recursos, empresas que donan sus utilidades a organizaciones sociales sin fines de lucro, son ejemplos de innovaciones y emprendimientos sociales que han decidido dar una nueva soluci\u00f3n a problemas con el objetivo de crear cambios en la sociedad.<\/p>\n<p style=\"text-align: justify;\">Personas con esta visi\u00f3n es la que espera reunir la cumbre Ashoka U Minka que se realizar\u00e1 en la Universidad Federico Santa Mar\u00eda y en la Pontificia Universidad Cat\u00f3lica de Valpara\u00edso, los d\u00edas 6, 7 y 8 de julio de este a\u00f1o.<\/p>\n<p style=\"text-align: justify;\">Este encuentro se crea con el objetivo de generar espacios de colaboraci\u00f3n para la formaci\u00f3n de agentes de cambio en el campo de la Innovaci\u00f3n Social y compartir pr\u00e1cticas que promueven eficazmente esta materia dentro de las Instituciones de Educaci\u00f3n Superior.<\/p>\n<p style=\"text-align: justify;\">Este proyecto pretende generar un plan de acci\u00f3n que impulse y empodere a las comunidades como agentes catalizadores de cambio social a trav\u00e9s de talleres y charlas se busca crear un espacio de generaci\u00f3n de redes, adem\u00e1s de situaciones para compartir interesantes proyectos y experiencias entre destacados participantes, provenientes de todas las regiones de Chile.<\/p>\n<p style=\"text-align: justify;\">Tambi\u00e9n se podr\u00e1 tener acceso a dialogar con grandes expositores internacionales como H\u00e9ctor Castillo de la UNAM de M\u00e9xico, Juan Carlos Rivas de la Universidad de San Diego California y Scott Fairbanks de la comunidad Ashoka U de Estados Unidos.<\/p>\n<p style=\"text-align: justify;\">El proyecto Minka nace del trabajo generado entre Ashoka, COLAB de la Pontificia Universidad Cat\u00f3lica, NESIS de la Universidad de Chile, el Instituto de Innovaci\u00f3n Social de la <span class=\"highlight\">Universidad<\/span> <span class=\"highlight\">del<\/span> <span class=\"highlight\">Desarrollo<\/span> y el Laboratorio de Gobierno, adem\u00e1s del apoyo de COLUNGA, Fundaci\u00f3n Minera Escondida y CORFO.<\/p>\n<p style=\"text-align: justify;\">\n<p style=\"text-align: justify;\"><strong>Scott Fairbanks<\/strong><\/p>\n<p style=\"text-align: justify;\"><strong><a href=\"http:\/\/gobierno.udd.cl\/cpp\/files\/2016\/06\/image001.jpg\" rel=\"attachment wp-att-1984\"><img loading=\"lazy\" decoding=\"async\" class=\"alignnone size-medium wp-image-1984\" src=\"http:\/\/gobierno.udd.cl\/cpp\/files\/2016\/06\/image001-300x300.jpg\" alt=\"image001\" width=\"300\" height=\"300\" srcset=\"https:\/\/gobierno.udd.cl\/cpp\/files\/2016\/06\/image001-300x300.jpg 300w, https:\/\/gobierno.udd.cl\/cpp\/files\/2016\/06\/image001-150x150.jpg 150w, https:\/\/gobierno.udd.cl\/cpp\/files\/2016\/06\/image001-62x62.jpg 62w, https:\/\/gobierno.udd.cl\/cpp\/files\/2016\/06\/image001-126x126.jpg 126w, https:\/\/gobierno.udd.cl\/cpp\/files\/2016\/06\/image001.jpg 380w\" sizes=\"auto, (max-width: 300px) 100vw, 300px\" \/><\/a><\/strong><\/p>\n<p style=\"text-align: justify;\">Como Director Asociado, Scott desarrolla y lleva el nuevo programa de Ashoka U: un viaje de aprendizaje de nuevas generaciones de l\u00edderes universitarios, para perfeccionar sus estrategias en pos de promover la innovaci\u00f3n social en \u00e1reas espec\u00edficas. Tambi\u00e9n contribuye en las estrategias de marketing, las propuestas de subvenci\u00f3n, y la integraci\u00f3n de equipo. Scott se desempe\u00f1\u00f3 anteriormente como Gerente del Campus de Asociaciones eb Ashoka U, en colaboraci\u00f3n con las instituciones para construir y refinar los ecosistemas de innovaci\u00f3n social a trav\u00e9s del campus. Es tambi\u00e9n co-fundador de una empresa social llamada Doozy, un juego de mesa de tama\u00f1o natural interactivo dise\u00f1ado para estimular el aprendizaje socio- emocional. Scott estudi\u00f3 negocios internacionales, emprendimiento social y fotograf\u00eda en la Universidad del Sur de California, viviendo y trabajando en Panam\u00e1, China, Sud\u00e1frica, Ghana, Dinamarca y Tailandia.<\/p>\n<p style=\"text-align: justify;\">\n<p style=\"text-align: justify;\"><strong>Hector Castillo<\/strong><\/p>\n<p style=\"text-align: justify;\"><strong><a href=\"http:\/\/gobierno.udd.cl\/cpp\/files\/2016\/06\/image002.jpg\" rel=\"attachment wp-att-1985\"><img loading=\"lazy\" decoding=\"async\" class=\"alignnone size-medium wp-image-1985\" src=\"http:\/\/gobierno.udd.cl\/cpp\/files\/2016\/06\/image002-300x300.jpg\" alt=\"image002\" width=\"300\" height=\"300\" srcset=\"https:\/\/gobierno.udd.cl\/cpp\/files\/2016\/06\/image002-300x300.jpg 300w, https:\/\/gobierno.udd.cl\/cpp\/files\/2016\/06\/image002-150x150.jpg 150w, https:\/\/gobierno.udd.cl\/cpp\/files\/2016\/06\/image002-62x62.jpg 62w, https:\/\/gobierno.udd.cl\/cpp\/files\/2016\/06\/image002-126x126.jpg 126w, https:\/\/gobierno.udd.cl\/cpp\/files\/2016\/06\/image002.jpg 380w\" sizes=\"auto, (max-width: 300px) 100vw, 300px\" \/><\/a><\/strong><\/p>\n<p style=\"text-align: justify;\">Doctor en Sociolog\u00eda, investigador, especialista en problemas urbanos en las \u00e1reas de Desechos S\u00f3lidos, Abasto Alimentario, Caciquismo, Desarrollo Social Comunitario, Bandas Juveniles, Cultura y Juventud. Como investigador del Instituto de Investigaciones Sociales de la UNAM ha escrito los libros \u201cEl Basurero: antropolog\u00eda de la miseria\u201d; \u201cLa Merced: enigma alimentario\u201d y \u201cJuventud, Cultura y Pol\u00edtica Social\u201d entre otros, siendo adem\u00e1s articulista en revistas mexicanas e internacionales. Fue Vicepresidente de la Asociaci\u00f3n Internacional de Sociolog\u00eda en el \u00e1rea de estudios sobre Juventud, de 1994 a 1998 y cofundador de la REIJAL (Red de Investigadores sobre Juventud en Am\u00e9rica Latina) en Sao Paulo, Brasil. Nombrado en 2007 miembro de la Academia Mexicana de Ciencias, actualmente es investigador del IISUNAM, Nivel II del Sistema Nacional de Investigadores, director del Proyecto \u201cJuventud y Cultura Popular en la Ciudad de M\u00e9xico: Circo Volador\u201d y Coordinador de la Unidad de Estudios sobre Juventud (UNESJUV) en la UNAM. En el 2004 recibi\u00f3 de la ONU-HABITAT el premio al proyecto Circo Volador como una de las 10 mejores Pr\u00e1cticas Sociales de todo el mundo por su nivel de replicabilidad.<\/p>\n<p style=\"text-align: justify;\">\n<p style=\"text-align: justify;\"><strong>Juan Carlos Rivas<\/strong><\/p>\n<p style=\"text-align: justify;\"><strong><a href=\"http:\/\/gobierno.udd.cl\/cpp\/files\/2016\/06\/image003.jpg\" rel=\"attachment wp-att-1986\"><img loading=\"lazy\" decoding=\"async\" class=\"alignnone size-medium wp-image-1986\" src=\"http:\/\/gobierno.udd.cl\/cpp\/files\/2016\/06\/image003-300x300.jpg\" alt=\"image003\" width=\"300\" height=\"300\" srcset=\"https:\/\/gobierno.udd.cl\/cpp\/files\/2016\/06\/image003-300x300.jpg 300w, https:\/\/gobierno.udd.cl\/cpp\/files\/2016\/06\/image003-150x150.jpg 150w, https:\/\/gobierno.udd.cl\/cpp\/files\/2016\/06\/image003-62x62.jpg 62w, https:\/\/gobierno.udd.cl\/cpp\/files\/2016\/06\/image003-126x126.jpg 126w, https:\/\/gobierno.udd.cl\/cpp\/files\/2016\/06\/image003.jpg 380w\" sizes=\"auto, (max-width: 300px) 100vw, 300px\" \/><\/a><\/strong><\/p>\n<p style=\"text-align: justify;\">Director Adjunto del \u201cChangemaker Hub\u201d de la Universidad de San Diego, California, su expertise est\u00e1 en los planes de estudio y el trabajo curricular. Hoy se ha dedicado a crear y gestionar iniciativas y colaboraciones para la innovaci\u00f3n social, adem\u00e1s de formar enlaces con las diferentes escuelas y evaluar sus planes de estudio para identificar sus necesidades. Anteriormente estuvo en contacto directo con j\u00f3venes y proyectos sociales al manejar la coordinaci\u00f3n de proyectos voluntarios alrededor de EE.UU, M\u00e9xico y Guatemala y dirigiendo las alianzas entre 50 escuelas y universidades en Estados Unidos.<\/p>\n<p>Ver Publicaci\u00f3n\u00a0<a href=\"http:\/\/innovacionchilena.cl\/encuentro-nacional-innovacion-social-se-realizara-valparaiso\/\" target=\"_blank\">AQU\u00cd<\/a><\/p>\n","protected":false},"excerpt":{"rendered":"<p>La Cumbre Ashoka U Minka, que se efectuar\u00e1 entre el 6 y el 8 de julio, pretende formar agentes de cambio en Innovaci\u00f3n Social en Educaci\u00f3n Superior.<\/p>\n","protected":false},"author":22,"featured_media":893,"comment_status":"open","ping_status":"open","sticky":false,"template":"","format":"standard","meta":{"footnotes":""},"categories":[10162],"tags":[],"class_list":["post-1981","post","type-post","status-publish","format-standard","has-post-thumbnail","hentry","category-centro-en-la-prensa"],"featured_image_url":"https:\/\/gobierno.udd.cl\/cpp\/files\/2015\/05\/udd_cpp_prensa_340.png","_links":{"self":[{"href":"https:\/\/gobierno.udd.cl\/cpp\/wp-json\/wp\/v2\/posts\/1981","targetHints":{"allow":["GET"]}}],"collection":[{"href":"https:\/\/gobierno.udd.cl\/cpp\/wp-json\/wp\/v2\/posts"}],"about":[{"href":"https:\/\/gobierno.udd.cl\/cpp\/wp-json\/wp\/v2\/types\/post"}],"author":[{"embeddable":true,"href":"https:\/\/gobierno.udd.cl\/cpp\/wp-json\/wp\/v2\/users\/22"}],"replies":[{"embeddable":true,"href":"https:\/\/gobierno.udd.cl\/cpp\/wp-json\/wp\/v2\/comments?post=1981"}],"version-history":[{"count":5,"href":"https:\/\/gobierno.udd.cl\/cpp\/wp-json\/wp\/v2\/posts\/1981\/revisions"}],"predecessor-version":[{"id":1989,"href":"https:\/\/gobierno.udd.cl\/cpp\/wp-json\/wp\/v2\/posts\/1981\/revisions\/1989"}],"wp:featuredmedia":[{"embeddable":true,"href":"https:\/\/gobierno.udd.cl\/cpp\/wp-json\/wp\/v2\/media\/893"}],"wp:attachment":[{"href":"https:\/\/gobierno.udd.cl\/cpp\/wp-json\/wp\/v2\/media?parent=1981"}],"wp:term":[{"taxonomy":"category","embeddable":true,"href":"https:\/\/gobierno.udd.cl\/cpp\/wp-json\/wp\/v2\/categories?post=1981"},{"taxonomy":"post_tag","embeddable":true,"href":"https:\/\/gobierno.udd.cl\/cpp\/wp-json\/wp\/v2\/tags?post=1981"}],"curies":[{"name":"wp","href":"https:\/\/api.w.org\/{rel}","templated":true}]}}