{"id":1972,"date":"2016-06-25T20:05:31","date_gmt":"2016-06-26T00:05:31","guid":{"rendered":"http:\/\/gobierno.udd.cl\/cpp\/?p=1972"},"modified":"2016-06-25T20:07:25","modified_gmt":"2016-06-26T00:07:25","slug":"raul-jara-solidaridad-que-estas-haciendo-por-tu-pais-la-tercera","status":"publish","type":"post","link":"https:\/\/gobierno.udd.cl\/cpp\/noticias\/2016\/06\/25\/raul-jara-solidaridad-que-estas-haciendo-por-tu-pais-la-tercera\/","title":{"rendered":"Ra\u00fal Jara: Solidaridad, \u00bfqu\u00e9 est\u00e1s haciendo por tu pa\u00eds? &#8211; La Tercera"},"content":{"rendered":"<p style=\"text-align: justify;\">\u00bfSomos solidarios los chilenos? \u00bfNos ponemos en el zapato del otro?Probablemente sea una pregunta donde, a priori, la respuesta sea positiva, ya que nos autodefinimos mayoritariamente como ciudadanos solidarios, m\u00e1s a\u00fan cuando recordamos el t\u00edtulo auto-otorgado como \u201ccampeones de la solidaridad\u201d. <strong>Chile es un pa\u00eds que geogr\u00e1ficamente es una isla, por ende es l\u00f3gico pensar que vivimos como en comunidad, pero al parecer la realidad relativiza estas convicciones.<\/strong><\/p>\n<p style=\"text-align: justify;\">La semana pasada el Centro MIDE UC lanz\u00f3 la encuesta Foco Ciudadano, y los datos arrojados son a lo menos llamativos. <strong>El \u00edndice de solidaridad global sufri\u00f3 una baja al 2,9% (\u00edndice que va entre 0 a 10), en comparaci\u00f3n al 3,4% del 2012.<\/strong> Por otro lado, hay descenso en t\u00e9rminos concretos en dos \u00e1reas: en primer lugar, existe una baja en el tiempo destinado a otros en 1.4 \u2013voluntariado, acciones de ayuda, clases gratuitas\u2013, como tambi\u00e9n en donaciones materiales en 1.6 \u2013muebles, medicamentos, alimentos, ropa. S\u00f3lo se registra un aumento en la donaci\u00f3n de dinero, a un 5.8, siendo estas en su mayor\u00eda entre $ 100 a $ 1.000 como promedio. <strong>Un dato importante a destacar es que los que ganan menos de $ 200.000 son los que m\u00e1s ayudan, hecho que da para reflexionar.<\/strong><\/p>\n<p style=\"text-align: justify;\">\u00bfEmpatizamos con la pobreza? Lo que m\u00e1s disminuy\u00f3 fue el tiempo donado, es decir, el tiempo o dedicaci\u00f3n que le entregamos al pr\u00f3jimo, como por ejemplo el ir a cuidar un enfermo o realizar ayuda social en las calles. Por otra parte, lo que m\u00e1s nos mueve son cadenas solidarias a nivel pa\u00eds cuando hay una cat\u00e1strofe, y confiamos en las instituciones que hay detr\u00e1s (Telet\u00f3n, TECHO, Hogar de Cristo).<strong> Asimismo, nos involucramos m\u00e1s si vemos a nuestros familiares y\/o amigos en la causa. En estricto rigor, nos cuesta movernos y solo lo hacemos \u2013en su mayor\u00eda<\/strong>\u2013 cuando nos toca m\u00e1s a fondo. La encuesta nos arroja que un 33% siente los problemas de personas pobres como suyos, y un 27% se siente responsable por la mala calidad de vida de ellos, dicho de otro modo, un 27% siente inquietud por mejorarla. Esto debe llevarnos a pensar en aquella frase fuerte de Juan Pablo II en 1987 en Chile: \u201cLa solidaridad como actitud de fondo implica, en las decisiones econ\u00f3micas, sentir la pobreza ajena como propia, <strong>hacer carne de uno mismo la miseria de los marginados y, a la vista de ello, actuar con rigurosa coherencia\u201d.<\/strong><\/p>\n<p style=\"text-align: justify;\">Desde la mirada del Estado, tambi\u00e9n nos enfrentamos a un panorama poco alentador. En el pasado discurso del 21 de mayo,<strong> la Presidenta mencion\u00f3 s\u00f3lo tres veces la palabra pobreza, preocupante considerando que el lenguaje crea realidades y que la curva en este aspecto sea descendente, considerando que Sebasti\u00e1n Pi\u00f1era el 2013 la nombr\u00f3 15 veces.<\/strong> En este caso particular se refleja como dej\u00f3 de ser prioridad para el Estado, y que existe cierta sensaci\u00f3n de invisibilidad de la pobreza, como as\u00ed tambi\u00e9n de los campamentos o de las personas que viven en situaci\u00f3n de calle. Se extra\u00f1a una agenda social potente que anuncie alguna pol\u00edtica p\u00fablica que tenga un sue\u00f1o: eliminar la pobreza de nuestro pa\u00eds.<\/p>\n<p style=\"text-align: justify;\"><strong>La falta de empat\u00eda en los temas sociales, de participaci\u00f3n en variados \u00e1mbitos, y una alta desconfianza pueden llevarnos \u2013a los ciudadanos\u2013 a desvincularnos como sociedad con las realidades del pa\u00eds, tendiendo a vivir en una burbuja, sin considerar el contexto social.<\/strong> Por ende, la importancia que tiene involucrar a las personas en el funcionamiento de la sociedad exige una\u00a0 formaci\u00f3n desde la m\u00e1s temprana infancia,<strong> el estudio ya se\u00f1alado nos demuestra que los chilenos se movilizan m\u00e1s cuando tienen un sentido de pertenencia, adhieren a los valores y perciben que su participaci\u00f3n impacta en el resultado.<\/strong><\/p>\n<p style=\"text-align: justify;\">Un ejemplo: la solidaridad mostrada por los chilenos durante cat\u00e1strofes, existen gestos que superan todo an\u00e1lisis y son impresionantes. Personas que no tienen tiempo, ni mucho dinero, ni algo material y se las ingenian logrando marcar la diferencia con esa ayuda, tan vital como necesaria para remarcar ese esp\u00edritu solidario que caracteriza a gran parte de chilenos en momentos de crisis. <strong>La solidaridad no debe operar s\u00f3lo en estos casos, dado que es un principio esencial que entrega sostenibilidad.<\/strong> Las personas no nacen ni viven aisladas, sino al contrario, formamos comunidad y sociedades, ya que es nuestra forma de coexistir, nos vinculamos s\u00f3lo por el hecho de ser humanos. Tambi\u00e9n estas mismas instancias ponen en jaque el rol del Estado que pareciera descansar su responsabilidad en la sociedad civil, tal como pas\u00f3 tras el terremoto de Coquimbo, donde organizaciones como Desaf\u00edo siempre han ido un paso adelante. <strong>Tambi\u00e9n es cuestionable el rol de las empresas, que por su valor e importancia social podr\u00edan dar mucho m\u00e1s.<\/strong><\/p>\n<p style=\"text-align: justify;\">En efecto: las personas, las empresas y el Estado est\u00e1n al debe.<strong> Se percibe un cierto olfato de \u201cdesvinculaci\u00f3n ciudadana-desconfianza\u201d, lo que vemos con la pol\u00edtica, en algunas instituciones y ahora con el olvido de quienes m\u00e1s lo necesitan.<\/strong>Es un acto de solidaridad donar m\u00e1s all\u00e1 de dinero simplemente, un acto de solidaridad volver a poner a los pobres en las prioridades del Estado, entendiendo que de esa forma la cabeza pensar\u00e1 en ellos, y es un acto de solidaridad que las empresas entiendan la filantrop\u00eda y la vinculaci\u00f3n p\u00fablico-privada como una forma de resolver problemas sociales. <strong>Y ciertamente es un gran acto de solidaridad que cada persona haga muy bien su trabajo profesional, con sentido de servicio hacia los dem\u00e1s.<\/strong><\/p>\n<p style=\"text-align: justify;\">Hoy todos estamos pagando el peso m\u00e1s caro de la historia:<strong> cada peso p\u00fablico invertido en otras prioridades terminan socavando el sue\u00f1o de quienes m\u00e1s lo necesitan.<\/strong> Hoy todos debemos contribuir a una sociedad m\u00e1s solidaria, donde los padres inculquen estos valores a sus hijos, donde las leyes e instituciones sociales conversen, donde los j\u00f3venes no teman\u00a0 donar tiempo, donde los maestros hagan part\u00edcipes a sus alumnos de una vida p\u00fablica (ejemplo del modelo de aprendizaje de servicio), donde los empresarios vean en la filantrop\u00eda una nueva forma de hacer empresa y donde el bien com\u00fan prime por los propios intereses de la clase pol\u00edtica. <strong>Todo esto nos muestra el camino para crear una sociedad m\u00e1s solidaria, libre, justa y equitativa.<\/strong><\/p>\n<p style=\"text-align: justify;\">Ver Columna <a href=\"http:\/\/voces.latercera.com\/2016\/06\/23\/raul-jara\/solidaridad-que-estas-haciendo-por-tu-pais\/\" target=\"_blank\">AQU\u00cd<\/a><\/p>\n","protected":false},"excerpt":{"rendered":"<p>\u00bfSomos solidarios los chilenos? \u00bfNos ponemos en el zapato del otro?Probablemente sea una pregunta donde, a priori, la respuesta sea positiva, ya que nos autodefinimos mayoritariamente como ciudadanos solidarios, m\u00e1s a\u00fan cuando recordamos el t\u00edtulo auto-otorgado como \u201ccampeones de la solidaridad\u201d. Chile es un pa\u00eds que geogr\u00e1ficamente es una isla, por ende es l\u00f3gico pensar [&hellip;]<\/p>\n","protected":false},"author":22,"featured_media":893,"comment_status":"open","ping_status":"open","sticky":false,"template":"","format":"standard","meta":{"footnotes":""},"categories":[10162],"tags":[],"class_list":["post-1972","post","type-post","status-publish","format-standard","has-post-thumbnail","hentry","category-centro-en-la-prensa"],"featured_image_url":"https:\/\/gobierno.udd.cl\/cpp\/files\/2015\/05\/udd_cpp_prensa_340.png","_links":{"self":[{"href":"https:\/\/gobierno.udd.cl\/cpp\/wp-json\/wp\/v2\/posts\/1972","targetHints":{"allow":["GET"]}}],"collection":[{"href":"https:\/\/gobierno.udd.cl\/cpp\/wp-json\/wp\/v2\/posts"}],"about":[{"href":"https:\/\/gobierno.udd.cl\/cpp\/wp-json\/wp\/v2\/types\/post"}],"author":[{"embeddable":true,"href":"https:\/\/gobierno.udd.cl\/cpp\/wp-json\/wp\/v2\/users\/22"}],"replies":[{"embeddable":true,"href":"https:\/\/gobierno.udd.cl\/cpp\/wp-json\/wp\/v2\/comments?post=1972"}],"version-history":[{"count":3,"href":"https:\/\/gobierno.udd.cl\/cpp\/wp-json\/wp\/v2\/posts\/1972\/revisions"}],"predecessor-version":[{"id":1975,"href":"https:\/\/gobierno.udd.cl\/cpp\/wp-json\/wp\/v2\/posts\/1972\/revisions\/1975"}],"wp:featuredmedia":[{"embeddable":true,"href":"https:\/\/gobierno.udd.cl\/cpp\/wp-json\/wp\/v2\/media\/893"}],"wp:attachment":[{"href":"https:\/\/gobierno.udd.cl\/cpp\/wp-json\/wp\/v2\/media?parent=1972"}],"wp:term":[{"taxonomy":"category","embeddable":true,"href":"https:\/\/gobierno.udd.cl\/cpp\/wp-json\/wp\/v2\/categories?post=1972"},{"taxonomy":"post_tag","embeddable":true,"href":"https:\/\/gobierno.udd.cl\/cpp\/wp-json\/wp\/v2\/tags?post=1972"}],"curies":[{"name":"wp","href":"https:\/\/api.w.org\/{rel}","templated":true}]}}